{"id":1134,"date":"2024-04-03T12:04:25","date_gmt":"2024-04-03T10:04:25","guid":{"rendered":"https:\/\/www.vfl-westercelle.de\/bou\/?p=1134"},"modified":"2024-04-03T14:50:23","modified_gmt":"2024-04-03T12:50:23","slug":"turbulente-tage-der-vfl-boulesparte","status":"publish","type":"post","link":"https:\/\/www.vfl-westercelle.de\/bou\/turbulente-tage-der-vfl-boulesparte\/","title":{"rendered":"Turbulente Tage der VfL-Boulesparte"},"content":{"rendered":"<p>Die Westerceller Boulespielerinnen und Boulespieler durchleben gerade ereignisreiche Tage. Bereits am 26. M\u00e4rz fand ein Vergleich der neu gebildeten Bezirksliga-Mannschaft des VfL mit einem Team aus Braunschweig statt. Aufgrund der freundschaftlichen Beziehungen des Spartenleiters konnte dieser hochklassig besetzte Gegner f\u00fcr ein Freundschaftspiel gewonnen werden. Die Westerceller Boulis mussten doch einiges an Lehrgeld zahlen, konnten immerhin aber ein Triplette gewinnen. Insgesamt wurde der Vergleich jedoch deutlich mit 1:4 verloren.<\/p>\n<p>Am 6.4. erfolgt dann die feierliche Er\u00f6ffnung der zehn neuen Bahnen im Boulepark Boye, zun\u00e4chst mit Sekt und Tralala, dann mit einem gro\u00dfen Einladungsturnier mit 22 Teams aus den verschiedenen Vereinen. Schon am 10.4. beginnen dann die Spiele der Nordkreis-Liga (ehemals Ranglistenspiele), an der der VfL mit drei Mannschaften teilnimmt (&#8222;Gelb&#8220;, &#8222;Schwarz&#8220; und &#8222;Wei\u00df&#8220;). Es folgt am 21.4. der Auftakt der Bezirksliga S\u00fcd und somit die erstmalige Teilnahme eines VfL-Teams an einem offiziellen Wettbewerb des Nieders\u00e4chsischen Petanque-Verbandes. Der erste Spieltag wird im Boule-Park in Boye gespielt. Des Weiteren ist auch wieder das beliebte Boule &amp; Bike geplant (5.5.) Im Juni sollen schlie\u00dflich die Vereinsmeisterschaften gespielt werden.<\/p>\n<p>Also, es wird viel los sein in der Boule-Sparte!<\/p>\n<p>(Andreas Brundiers)<\/p>\n","protected":false},"excerpt":{"rendered":"<p>Die Westerceller Boulespielerinnen und Boulespieler durchleben gerade ereignisreiche Tage. Bereits am 26. M\u00e4rz fand ein Vergleich der neu gebildeten Bezirksliga-Mannschaft des VfL mit einem Team aus Braunschweig statt. Aufgrund der freundschaftlichen Beziehungen des Spartenleiters konnte dieser hochklassig besetzte Gegner f\u00fcr ein Freundschaftspiel gewonnen werden. Die Westerceller Boulis mussten doch einiges an Lehrgeld zahlen, konnten immerhin <a class=\"read-more-link\" href=\"https:\/\/www.vfl-westercelle.de\/bou\/turbulente-tage-der-vfl-boulesparte\/\">[&#8230; weiter]<\/a><\/p>\n","protected":false},"author":37,"featured_media":0,"comment_status":"closed","ping_status":"closed","sticky":false,"template":"","format":"standard","meta":{"footnotes":""},"categories":[1],"tags":[],"class_list":["post-1134","post","type-post","status-publish","format-standard","hentry","category-boule"],"_links":{"self":[{"href":"https:\/\/www.vfl-westercelle.de\/bou\/wp-json\/wp\/v2\/posts\/1134","targetHints":{"allow":["GET"]}}],"collection":[{"href":"https:\/\/www.vfl-westercelle.de\/bou\/wp-json\/wp\/v2\/posts"}],"about":[{"href":"https:\/\/www.vfl-westercelle.de\/bou\/wp-json\/wp\/v2\/types\/post"}],"author":[{"embeddable":true,"href":"https:\/\/www.vfl-westercelle.de\/bou\/wp-json\/wp\/v2\/users\/37"}],"replies":[{"embeddable":true,"href":"https:\/\/www.vfl-westercelle.de\/bou\/wp-json\/wp\/v2\/comments?post=1134"}],"version-history":[{"count":3,"href":"https:\/\/www.vfl-westercelle.de\/bou\/wp-json\/wp\/v2\/posts\/1134\/revisions"}],"predecessor-version":[{"id":1166,"href":"https:\/\/www.vfl-westercelle.de\/bou\/wp-json\/wp\/v2\/posts\/1134\/revisions\/1166"}],"wp:attachment":[{"href":"https:\/\/www.vfl-westercelle.de\/bou\/wp-json\/wp\/v2\/media?parent=1134"}],"wp:term":[{"taxonomy":"category","embeddable":true,"href":"https:\/\/www.vfl-westercelle.de\/bou\/wp-json\/wp\/v2\/categories?post=1134"},{"taxonomy":"post_tag","embeddable":true,"href":"https:\/\/www.vfl-westercelle.de\/bou\/wp-json\/wp\/v2\/tags?post=1134"}],"curies":[{"name":"wp","href":"https:\/\/api.w.org\/{rel}","templated":true}]}}