{"id":1329,"date":"2024-06-18T09:14:38","date_gmt":"2024-06-18T07:14:38","guid":{"rendered":"https:\/\/www.vfl-westercelle.de\/bou\/2-inklusionswoche-des-kreissportbundes-celle-ksb\/"},"modified":"2024-08-21T11:03:49","modified_gmt":"2024-08-21T09:03:49","slug":"2-inklusionswoche-des-kreissportbundes-celle-ksb","status":"publish","type":"post","link":"https:\/\/www.vfl-westercelle.de\/bou\/2-inklusionswoche-des-kreissportbundes-celle-ksb\/","title":{"rendered":"2. Inklusionswoche des Kreissportbundes Celle (KSB)"},"content":{"rendered":"<p>Auch in diesem Jahr nahm der VfL Westercelle e.V. wieder an der Inklusiven Sportwoche des Kreissportbundes (KSB) vom 10.-16.06.2024 teil.<\/p>\n<p>&nbsp;<\/p>\n<p>Diesmal war unser Verein mit insgesamt 3 Sportarten vertreten. Boule, Ju-Jutsu und schwimmen.<\/p>\n<p>Im letzten Jahr (2023) nahm die Boule-Sparte des VfL auch der der Inklusiven Sportwoche des KSB teil und war an der Organisation und Durchf\u00fchrung des 1. Boule-Turnieres in den Triftanlagen beteiligt.<\/p>\n<p>&nbsp;<\/p>\n<p>In diesem Jahr konnten weitere Vereine zur Teilnahme gewonnen werden. Insgesamt boten 16 Vereine die unterschiedlichsten Sportarten an.<\/p>\n<p>Im Vorfeld wurden von unseren Inklusionsbeauftragten Inge und Wilfried Dahms (lizensierter Boule-Trainer) wieder diverse Behinderteneinrichtungen besucht, um vor Ort den Bewohnern und Besuchern der Einrichtungen (z.B. Lobetal-Arbeit, Wohn- und Lebensgemeinschaft Dalle, usw.) mit den Boule-Kugeln und -Regeln vertraut zu machen.<\/p>\n<p>&nbsp;<\/p>\n<p>Bei der diesj\u00e4hrigen inklusiven Boule-Veranstaltung am 11.06.2024 im Boule-Park Boye konnten wir insgesamt 20 G\u00e4ste (Bewohner und Betreuer von Behinderten-Einrichtungen) begr\u00fc\u00dfen. Unsere Inklusionsbeauftragten wurden durch inzwischen bekannten Personen herzlich begr\u00fc\u00dft.<\/p>\n<p>Unser gro\u00dfes Dankesch\u00f6n gilt auch den vielen fachkundigen Unterst\u00fctzern (Mitglieder der Boule-Spart), die ma\u00dfgeblich zum Gelingen der Boule-Veranstaltung beigetragen haben.<\/p>\n<p>Das Wetter spielte auch wieder mit und Heelje Ahlborn, Initiatorin des KSB, war \u00fcber die\u00a0 rege Beteiligung und Durchf\u00fchrung begeistert und wurde von vielen Teilnehmern ebenfalls herzlich empfangen.<\/p>\n<p>Nach 2 Stunden Boulespielen wurden die Teilnehmer mit fr\u00f6hlichen Gesichtern, einer kleinen s\u00fc\u00dfen Belohnung sowie dem Wunsch auf Wiederholung von den Betreuern zur\u00fcck in ihre Wohnst\u00e4tten gefahren.<\/p>\n<p>Ein fr\u00f6hlicher und gelungener Boule-Nachmittag , dank der Organisation von Heelje Ahlborn, ging zu Ende. Vielen Dank daf\u00fcr.<\/p>\n<p><strong>\u00a0<\/strong><\/p>\n<p>Die Angebote Schwimmen und Ju-Jutsu, die zum ersten mal dabei waren, konnten ebenfalls etliche Teilnehmer verzeichnen. Diese Angebote waren mit einer besonderen Herausforderung verbunden, da sie mit dem Element Wasser bzw. mit K\u00f6rperkontakt f\u00fcr so manchen eine besondere \u00dcberwindung darstellten. Aber auch diese H\u00fcrden konnten mit Hilfe von Andrea Liebich (schwimmen) und Philipp Lindner (Ju-Jutsu) gl\u00fccklich \u00fcberwunden werden.<\/p>\n<p>&nbsp;<\/p>\n<p>Insgesamt wieder ein gelungenes Angebot unseres Vereines und zusammen mit anderen Vereinen aus Stadt und Land eine gute M\u00f6glichkeit die Inklusion noch mehr in den Fokus zu stellen.<\/p>\n\n\t\t<style type=\"text\/css\">\n\t\t\t#gallery-1 {\n\t\t\t\tmargin: auto;\n\t\t\t}\n\t\t\t#gallery-1 .gallery-item {\n\t\t\t\tfloat: left;\n\t\t\t\tmargin-top: 10px;\n\t\t\t\ttext-align: center;\n\t\t\t\twidth: 33%;\n\t\t\t}\n\t\t\t#gallery-1 img {\n\t\t\t\tborder: 2px solid #cfcfcf;\n\t\t\t}\n\t\t\t#gallery-1 .gallery-caption {\n\t\t\t\tmargin-left: 0;\n\t\t\t}\n\t\t\t\/* see gallery_shortcode() in wp-includes\/media.php *\/\n\t\t<\/style>\n\t\t<div id='gallery-1' class='gallery galleryid-1329 gallery-columns-3 gallery-size-large'><dl class='gallery-item'>\n\t\t\t<dt class='gallery-icon landscape'>\n\t\t\t\t<a href='https:\/\/www.vfl-westercelle.de\/bou\/2-inklusionswoche-des-kreissportbundes-celle-ksb\/2-inkl-sportwoche_2024-5\/'><img loading=\"lazy\" decoding=\"async\" width=\"1030\" height=\"579\" src=\"https:\/\/www.vfl-westercelle.de\/bou\/wp-content\/uploads\/sites\/28\/2024\/06\/2.-inkl-Sportwoche_2024-5-1030x579.jpg\" class=\"attachment-large size-large\" alt=\"\" srcset=\"https:\/\/www.vfl-westercelle.de\/bou\/wp-content\/uploads\/sites\/28\/2024\/06\/2.-inkl-Sportwoche_2024-5-1030x579.jpg 1030w, https:\/\/www.vfl-westercelle.de\/bou\/wp-content\/uploads\/sites\/28\/2024\/06\/2.-inkl-Sportwoche_2024-5-300x169.jpg 300w, https:\/\/www.vfl-westercelle.de\/bou\/wp-content\/uploads\/sites\/28\/2024\/06\/2.-inkl-Sportwoche_2024-5-768x432.jpg 768w, https:\/\/www.vfl-westercelle.de\/bou\/wp-content\/uploads\/sites\/28\/2024\/06\/2.-inkl-Sportwoche_2024-5-1536x864.jpg 1536w, https:\/\/www.vfl-westercelle.de\/bou\/wp-content\/uploads\/sites\/28\/2024\/06\/2.-inkl-Sportwoche_2024-5-1500x844.jpg 1500w, https:\/\/www.vfl-westercelle.de\/bou\/wp-content\/uploads\/sites\/28\/2024\/06\/2.-inkl-Sportwoche_2024-5-705x397.jpg 705w, https:\/\/www.vfl-westercelle.de\/bou\/wp-content\/uploads\/sites\/28\/2024\/06\/2.-inkl-Sportwoche_2024-5.jpg 1600w\" sizes=\"auto, (max-width: 1030px) 100vw, 1030px\" \/><\/a>\n\t\t\t<\/dt><\/dl><dl class='gallery-item'>\n\t\t\t<dt class='gallery-icon landscape'>\n\t\t\t\t<a href='https:\/\/www.vfl-westercelle.de\/bou\/2-inklusionswoche-des-kreissportbundes-celle-ksb\/2-inkl-sportwoche_2024-2\/'><img loading=\"lazy\" decoding=\"async\" width=\"1030\" height=\"579\" src=\"https:\/\/www.vfl-westercelle.de\/bou\/wp-content\/uploads\/sites\/28\/2024\/06\/2.-inkl-Sportwoche_2024-2-1030x579.jpg\" class=\"attachment-large size-large\" alt=\"\" srcset=\"https:\/\/www.vfl-westercelle.de\/bou\/wp-content\/uploads\/sites\/28\/2024\/06\/2.-inkl-Sportwoche_2024-2-1030x579.jpg 1030w, https:\/\/www.vfl-westercelle.de\/bou\/wp-content\/uploads\/sites\/28\/2024\/06\/2.-inkl-Sportwoche_2024-2-300x169.jpg 300w, https:\/\/www.vfl-westercelle.de\/bou\/wp-content\/uploads\/sites\/28\/2024\/06\/2.-inkl-Sportwoche_2024-2-768x432.jpg 768w, https:\/\/www.vfl-westercelle.de\/bou\/wp-content\/uploads\/sites\/28\/2024\/06\/2.-inkl-Sportwoche_2024-2-1536x864.jpg 1536w, https:\/\/www.vfl-westercelle.de\/bou\/wp-content\/uploads\/sites\/28\/2024\/06\/2.-inkl-Sportwoche_2024-2-1500x844.jpg 1500w, https:\/\/www.vfl-westercelle.de\/bou\/wp-content\/uploads\/sites\/28\/2024\/06\/2.-inkl-Sportwoche_2024-2-705x397.jpg 705w, https:\/\/www.vfl-westercelle.de\/bou\/wp-content\/uploads\/sites\/28\/2024\/06\/2.-inkl-Sportwoche_2024-2.jpg 1600w\" sizes=\"auto, (max-width: 1030px) 100vw, 1030px\" \/><\/a>\n\t\t\t<\/dt><\/dl><dl class='gallery-item'>\n\t\t\t<dt class='gallery-icon landscape'>\n\t\t\t\t<a href='https:\/\/www.vfl-westercelle.de\/bou\/2-inklusionswoche-des-kreissportbundes-celle-ksb\/2-inkl-sportwoche_2024-3\/'><img loading=\"lazy\" decoding=\"async\" width=\"1030\" height=\"579\" src=\"https:\/\/www.vfl-westercelle.de\/bou\/wp-content\/uploads\/sites\/28\/2024\/06\/2.-inkl-Sportwoche_2024-3-1030x579.jpg\" class=\"attachment-large size-large\" alt=\"\" srcset=\"https:\/\/www.vfl-westercelle.de\/bou\/wp-content\/uploads\/sites\/28\/2024\/06\/2.-inkl-Sportwoche_2024-3-1030x579.jpg 1030w, https:\/\/www.vfl-westercelle.de\/bou\/wp-content\/uploads\/sites\/28\/2024\/06\/2.-inkl-Sportwoche_2024-3-300x169.jpg 300w, https:\/\/www.vfl-westercelle.de\/bou\/wp-content\/uploads\/sites\/28\/2024\/06\/2.-inkl-Sportwoche_2024-3-768x432.jpg 768w, https:\/\/www.vfl-westercelle.de\/bou\/wp-content\/uploads\/sites\/28\/2024\/06\/2.-inkl-Sportwoche_2024-3-1536x864.jpg 1536w, https:\/\/www.vfl-westercelle.de\/bou\/wp-content\/uploads\/sites\/28\/2024\/06\/2.-inkl-Sportwoche_2024-3-1500x844.jpg 1500w, https:\/\/www.vfl-westercelle.de\/bou\/wp-content\/uploads\/sites\/28\/2024\/06\/2.-inkl-Sportwoche_2024-3-705x397.jpg 705w, https:\/\/www.vfl-westercelle.de\/bou\/wp-content\/uploads\/sites\/28\/2024\/06\/2.-inkl-Sportwoche_2024-3.jpg 1600w\" sizes=\"auto, (max-width: 1030px) 100vw, 1030px\" \/><\/a>\n\t\t\t<\/dt><\/dl><br style=\"clear: both\" \/><dl class='gallery-item'>\n\t\t\t<dt class='gallery-icon landscape'>\n\t\t\t\t<a href='https:\/\/www.vfl-westercelle.de\/bou\/2-inklusionswoche-des-kreissportbundes-celle-ksb\/2-inkl-sportwoche_2024-6\/'><img loading=\"lazy\" decoding=\"async\" width=\"1030\" height=\"579\" src=\"https:\/\/www.vfl-westercelle.de\/bou\/wp-content\/uploads\/sites\/28\/2024\/06\/2.-inkl-Sportwoche_2024-6-1030x579.jpg\" class=\"attachment-large size-large\" alt=\"\" srcset=\"https:\/\/www.vfl-westercelle.de\/bou\/wp-content\/uploads\/sites\/28\/2024\/06\/2.-inkl-Sportwoche_2024-6-1030x579.jpg 1030w, https:\/\/www.vfl-westercelle.de\/bou\/wp-content\/uploads\/sites\/28\/2024\/06\/2.-inkl-Sportwoche_2024-6-300x169.jpg 300w, https:\/\/www.vfl-westercelle.de\/bou\/wp-content\/uploads\/sites\/28\/2024\/06\/2.-inkl-Sportwoche_2024-6-768x432.jpg 768w, https:\/\/www.vfl-westercelle.de\/bou\/wp-content\/uploads\/sites\/28\/2024\/06\/2.-inkl-Sportwoche_2024-6-1536x864.jpg 1536w, https:\/\/www.vfl-westercelle.de\/bou\/wp-content\/uploads\/sites\/28\/2024\/06\/2.-inkl-Sportwoche_2024-6-1500x844.jpg 1500w, https:\/\/www.vfl-westercelle.de\/bou\/wp-content\/uploads\/sites\/28\/2024\/06\/2.-inkl-Sportwoche_2024-6-705x397.jpg 705w, https:\/\/www.vfl-westercelle.de\/bou\/wp-content\/uploads\/sites\/28\/2024\/06\/2.-inkl-Sportwoche_2024-6.jpg 1600w\" sizes=\"auto, (max-width: 1030px) 100vw, 1030px\" \/><\/a>\n\t\t\t<\/dt><\/dl><dl class='gallery-item'>\n\t\t\t<dt class='gallery-icon landscape'>\n\t\t\t\t<a href='https:\/\/www.vfl-westercelle.de\/bou\/2-inklusionswoche-des-kreissportbundes-celle-ksb\/2-inkl-sportwoche_2024-schw_1\/'><img loading=\"lazy\" decoding=\"async\" width=\"1030\" height=\"938\" src=\"https:\/\/www.vfl-westercelle.de\/bou\/wp-content\/uploads\/sites\/28\/2024\/06\/2.-inkl-Sportwoche_2024-Schw_1-scaled-1030x938.jpg\" class=\"attachment-large size-large\" alt=\"\" srcset=\"https:\/\/www.vfl-westercelle.de\/bou\/wp-content\/uploads\/sites\/28\/2024\/06\/2.-inkl-Sportwoche_2024-Schw_1-scaled-1030x938.jpg 1030w, https:\/\/www.vfl-westercelle.de\/bou\/wp-content\/uploads\/sites\/28\/2024\/06\/2.-inkl-Sportwoche_2024-Schw_1-scaled-300x273.jpg 300w, https:\/\/www.vfl-westercelle.de\/bou\/wp-content\/uploads\/sites\/28\/2024\/06\/2.-inkl-Sportwoche_2024-Schw_1-scaled-768x699.jpg 768w, https:\/\/www.vfl-westercelle.de\/bou\/wp-content\/uploads\/sites\/28\/2024\/06\/2.-inkl-Sportwoche_2024-Schw_1-scaled-1536x1399.jpg 1536w, https:\/\/www.vfl-westercelle.de\/bou\/wp-content\/uploads\/sites\/28\/2024\/06\/2.-inkl-Sportwoche_2024-Schw_1-scaled-2048x1865.jpg 2048w, https:\/\/www.vfl-westercelle.de\/bou\/wp-content\/uploads\/sites\/28\/2024\/06\/2.-inkl-Sportwoche_2024-Schw_1-scaled-1500x1366.jpg 1500w, https:\/\/www.vfl-westercelle.de\/bou\/wp-content\/uploads\/sites\/28\/2024\/06\/2.-inkl-Sportwoche_2024-Schw_1-scaled-705x642.jpg 705w\" sizes=\"auto, (max-width: 1030px) 100vw, 1030px\" \/><\/a>\n\t\t\t<\/dt><\/dl><dl class='gallery-item'>\n\t\t\t<dt class='gallery-icon landscape'>\n\t\t\t\t<a href='https:\/\/www.vfl-westercelle.de\/bou\/2-inklusionswoche-des-kreissportbundes-celle-ksb\/2-inkl-sportwoche_2024-schw_2\/'><img loading=\"lazy\" decoding=\"async\" width=\"1030\" height=\"834\" src=\"https:\/\/www.vfl-westercelle.de\/bou\/wp-content\/uploads\/sites\/28\/2024\/06\/2.-inkl-Sportwoche_2024-Schw_2-scaled-1030x834.jpg\" class=\"attachment-large size-large\" alt=\"\" srcset=\"https:\/\/www.vfl-westercelle.de\/bou\/wp-content\/uploads\/sites\/28\/2024\/06\/2.-inkl-Sportwoche_2024-Schw_2-scaled-1030x834.jpg 1030w, https:\/\/www.vfl-westercelle.de\/bou\/wp-content\/uploads\/sites\/28\/2024\/06\/2.-inkl-Sportwoche_2024-Schw_2-scaled-300x243.jpg 300w, https:\/\/www.vfl-westercelle.de\/bou\/wp-content\/uploads\/sites\/28\/2024\/06\/2.-inkl-Sportwoche_2024-Schw_2-scaled-768x622.jpg 768w, https:\/\/www.vfl-westercelle.de\/bou\/wp-content\/uploads\/sites\/28\/2024\/06\/2.-inkl-Sportwoche_2024-Schw_2-scaled-1536x1244.jpg 1536w, https:\/\/www.vfl-westercelle.de\/bou\/wp-content\/uploads\/sites\/28\/2024\/06\/2.-inkl-Sportwoche_2024-Schw_2-scaled-2048x1658.jpg 2048w, https:\/\/www.vfl-westercelle.de\/bou\/wp-content\/uploads\/sites\/28\/2024\/06\/2.-inkl-Sportwoche_2024-Schw_2-scaled-1500x1215.jpg 1500w, https:\/\/www.vfl-westercelle.de\/bou\/wp-content\/uploads\/sites\/28\/2024\/06\/2.-inkl-Sportwoche_2024-Schw_2-scaled-495x400.jpg 495w, https:\/\/www.vfl-westercelle.de\/bou\/wp-content\/uploads\/sites\/28\/2024\/06\/2.-inkl-Sportwoche_2024-Schw_2-scaled-845x684.jpg 845w, https:\/\/www.vfl-westercelle.de\/bou\/wp-content\/uploads\/sites\/28\/2024\/06\/2.-inkl-Sportwoche_2024-Schw_2-scaled-705x571.jpg 705w\" sizes=\"auto, (max-width: 1030px) 100vw, 1030px\" \/><\/a>\n\t\t\t<\/dt><\/dl><br style=\"clear: both\" \/>\n\t\t<\/div>\n\n","protected":false},"excerpt":{"rendered":"<p>Auch in diesem Jahr nahm der VfL Westercelle e.V. wieder an der Inklusiven Sportwoche des Kreissportbundes (KSB) vom 10.-16.06.2024 teil. &nbsp; Diesmal war unser Verein mit insgesamt 3 Sportarten vertreten. Boule, Ju-Jutsu und schwimmen. Im letzten Jahr (2023) nahm die Boule-Sparte des VfL auch der der Inklusiven Sportwoche des KSB teil und war an der <a class=\"read-more-link\" href=\"https:\/\/www.vfl-westercelle.de\/bou\/2-inklusionswoche-des-kreissportbundes-celle-ksb\/\">[&#8230; weiter]<\/a><\/p>\n","protected":false},"author":28,"featured_media":1330,"comment_status":"closed","ping_status":"closed","sticky":false,"template":"","format":"standard","meta":{"footnotes":""},"categories":[7,1],"tags":[],"class_list":["post-1329","post","type-post","status-publish","format-standard","has-post-thumbnail","hentry","category-allgemein","category-boule"],"_links":{"self":[{"href":"https:\/\/www.vfl-westercelle.de\/bou\/wp-json\/wp\/v2\/posts\/1329","targetHints":{"allow":["GET"]}}],"collection":[{"href":"https:\/\/www.vfl-westercelle.de\/bou\/wp-json\/wp\/v2\/posts"}],"about":[{"href":"https:\/\/www.vfl-westercelle.de\/bou\/wp-json\/wp\/v2\/types\/post"}],"author":[{"embeddable":true,"href":"https:\/\/www.vfl-westercelle.de\/bou\/wp-json\/wp\/v2\/users\/28"}],"replies":[{"embeddable":true,"href":"https:\/\/www.vfl-westercelle.de\/bou\/wp-json\/wp\/v2\/comments?post=1329"}],"version-history":[{"count":4,"href":"https:\/\/www.vfl-westercelle.de\/bou\/wp-json\/wp\/v2\/posts\/1329\/revisions"}],"predecessor-version":[{"id":1517,"href":"https:\/\/www.vfl-westercelle.de\/bou\/wp-json\/wp\/v2\/posts\/1329\/revisions\/1517"}],"wp:featuredmedia":[{"embeddable":true,"href":"https:\/\/www.vfl-westercelle.de\/bou\/wp-json\/wp\/v2\/media\/1330"}],"wp:attachment":[{"href":"https:\/\/www.vfl-westercelle.de\/bou\/wp-json\/wp\/v2\/media?parent=1329"}],"wp:term":[{"taxonomy":"category","embeddable":true,"href":"https:\/\/www.vfl-westercelle.de\/bou\/wp-json\/wp\/v2\/categories?post=1329"},{"taxonomy":"post_tag","embeddable":true,"href":"https:\/\/www.vfl-westercelle.de\/bou\/wp-json\/wp\/v2\/tags?post=1329"}],"curies":[{"name":"wp","href":"https:\/\/api.w.org\/{rel}","templated":true}]}}