{"id":1366,"date":"2024-08-19T08:58:44","date_gmt":"2024-08-19T06:58:44","guid":{"rendered":"https:\/\/www.vfl-westercelle.de\/bou\/vfl-westercelle-richtet-boule-qualifikationsturnier-aus-6-mannschaften-des-bezirks-fahren-zur-landesmeisterschaft\/"},"modified":"2024-08-21T11:03:25","modified_gmt":"2024-08-21T09:03:25","slug":"vfl-westercelle-richtet-boule-qualifikationsturnier-aus-6-mannschaften-des-bezirks-fahren-zur-landesmeisterschaft","status":"publish","type":"post","link":"https:\/\/www.vfl-westercelle.de\/bou\/vfl-westercelle-richtet-boule-qualifikationsturnier-aus-6-mannschaften-des-bezirks-fahren-zur-landesmeisterschaft\/","title":{"rendered":"VfL Westercelle richtet Boule \u2013 Qualifikationsturnier aus: 6 Mannschaften des Bezirks fahren zur Landesmeisterschaft"},"content":{"rendered":"<p><strong>Spannend vom ersten bis zum letzten Wurf: 16 Teams aus dem Bezirk L\u00fcneburg trafen sich zum Qualifikationsturnier Boule \u00dc 55 im Boulepark des VfL Westercelle, um sich zur Teilnahme an der Landesmeisterschaft in Krankenhagen zu qualifizieren. Am Ende der vier Spielrunden schafften es sechs Teams ins Finale. Viel Lob gab es f\u00fcr das Ausrichterteam vom VfL Westercelle.<\/strong><\/p>\n<p>Sie kamen aus Essel, Rettmer, Nenndorf, Hohnstorf, Dittmern, Hermannsburg und D\u00fcshorn, manche schon am Vortag mit ihren Wohnmobilen, um ja nicht den Start zur Boule \u2013 Qualifikation zu verpassen. Nur wo waren die Celler Teams? Lediglich der in Boule \u2013 Angelegenheiten erfahrene TuS Hermannsburg stellte zwei Dreierteams. Beim Veranstalter VfL Westercelle waren die Aktiven voll in die Organisation des Turnieres eingebunden. Die klappte in der Tat hervorragend. Das best\u00e4tigte auch die Hermannsburgerin Ina Meyer, die mit ihren Partnern Hans-Peter St\u00fcber und Ulf Werner in den Wettkampf ging: \u201eVon der Boule &#8211; Anlage bis zur Verpflegung und dem Ablauf, alles prima!\u201c Dabei ging es mit heftigem Regen los, der sich gegen jede Prognose erst gegen Ende der Veranstaltung verzog. Hier hatte das Organisationsteam um VfL &#8211; Abteilungsleiter Wilfried Dahms vorgesorgt: Regenschutz in kreativen Varianten, sogar Wechselkleidung f\u00fcr durchn\u00e4sste Teilnehmerinnen und Teilnehmer wurde gestellt.<\/p>\n<p>Inge Dahms und Roland Engel koordinierten die Rundumversorgung mit selbstgebackenem Kuchen, Grillgut und Getr\u00e4nken aller Art, die von umsichtigen H\u00e4nden den ganzen Tag \u00fcber gereicht wurden. Alle F\u00e4den liefen bei der souver\u00e4n professionellen Turnierleitung durch Romi Rohlfs und Wilfried Dahms zusammen. \u00dcberhaupt regelten die Spielparteien ihre Partien in Eigenregie, so dass die dreik\u00f6pfige Jury nicht eingreifen musste.<\/p>\n<p>Vor der abschlie\u00dfenden 4. Runde hatten sich die Mannschaften um Dagmar Ott vom SV\u00a0 Essel und das Team von Faire les Boules Hohnstorf\/ Elbe um Ingeborg Jarmatz nach drei Siegen bereits f\u00fcr die Landesmeisterschaft \u00dc 55 qualifiziert. Im vierten Spiel setzten sich letztlich das zweite Team des SV Essel, sowie die Mannschaften von TuS Nenndorf, FV Dittmern, und SV D\u00fcshorn durch.\u00a0 Sie vertreten nun den Boule \u2013 Bezirk L\u00fcneburg bei der Landesmeisterschaft.<\/p>\n<p>Innerhalb von 2 Jahren hatte der VfL \u2013 Westercelle die ehemaligen Tennispl\u00e4tze in Boye zu einem Boulepark mit 20 Spielfeldern umgebaut und zusammen mit der VfL \u2013 Dartabteilung das Sportheim mit Aufenthalts- und Umkleider\u00e4umen ausgebaut.\u00a0\u00a0\u00a0\u00a0\u00a0 Mit dem reibungslosen Ablauf des Qualifikationsturniers hat sich das VfL \u2013Team m\u00f6glicherweise als Ausrichter der n\u00e4chsten oder \u00fcbern\u00e4chsten Landesmeisterschaften ins Gespr\u00e4ch gebracht. Wilfried Dahms h\u00e4tte nichts dagegen.<\/p>\n<p>Fritz Sudmeier<\/p>\n<p>&nbsp;<\/p>\n<p>&nbsp;<\/p>\n\n\t\t<style type=\"text\/css\">\n\t\t\t#gallery-1 {\n\t\t\t\tmargin: auto;\n\t\t\t}\n\t\t\t#gallery-1 .gallery-item {\n\t\t\t\tfloat: left;\n\t\t\t\tmargin-top: 10px;\n\t\t\t\ttext-align: center;\n\t\t\t\twidth: 33%;\n\t\t\t}\n\t\t\t#gallery-1 img {\n\t\t\t\tborder: 2px solid #cfcfcf;\n\t\t\t}\n\t\t\t#gallery-1 .gallery-caption {\n\t\t\t\tmargin-left: 0;\n\t\t\t}\n\t\t\t\/* see gallery_shortcode() in wp-includes\/media.php *\/\n\t\t<\/style>\n\t\t<div id='gallery-1' class='gallery galleryid-1366 gallery-columns-3 gallery-size-full'><dl class='gallery-item'>\n\t\t\t<dt class='gallery-icon portrait'>\n\t\t\t\t<a href='https:\/\/www.vfl-westercelle.de\/bou\/vfl-westercelle-richtet-boule-qualifikationsturnier-aus-6-mannschaften-des-bezirks-fahren-zur-landesmeisterschaft\/foto-3-5\/'><img loading=\"lazy\" decoding=\"async\" width=\"338\" height=\"520\" src=\"https:\/\/www.vfl-westercelle.de\/bou\/wp-content\/uploads\/sites\/28\/2024\/08\/Foto-3.jpg\" class=\"attachment-full size-full\" alt=\"\" srcset=\"https:\/\/www.vfl-westercelle.de\/bou\/wp-content\/uploads\/sites\/28\/2024\/08\/Foto-3.jpg 338w, https:\/\/www.vfl-westercelle.de\/bou\/wp-content\/uploads\/sites\/28\/2024\/08\/Foto-3-195x300.jpg 195w\" sizes=\"auto, (max-width: 338px) 100vw, 338px\" \/><\/a>\n\t\t\t<\/dt><\/dl><dl class='gallery-item'>\n\t\t\t<dt class='gallery-icon landscape'>\n\t\t\t\t<a href='https:\/\/www.vfl-westercelle.de\/bou\/vfl-westercelle-richtet-boule-qualifikationsturnier-aus-6-mannschaften-des-bezirks-fahren-zur-landesmeisterschaft\/foto-2-4\/'><img loading=\"lazy\" decoding=\"async\" width=\"1617\" height=\"1228\" src=\"https:\/\/www.vfl-westercelle.de\/bou\/wp-content\/uploads\/sites\/28\/2024\/08\/Foto-2.jpg\" class=\"attachment-full size-full\" alt=\"\" srcset=\"https:\/\/www.vfl-westercelle.de\/bou\/wp-content\/uploads\/sites\/28\/2024\/08\/Foto-2.jpg 1617w, https:\/\/www.vfl-westercelle.de\/bou\/wp-content\/uploads\/sites\/28\/2024\/08\/Foto-2-300x228.jpg 300w, https:\/\/www.vfl-westercelle.de\/bou\/wp-content\/uploads\/sites\/28\/2024\/08\/Foto-2-1030x782.jpg 1030w, https:\/\/www.vfl-westercelle.de\/bou\/wp-content\/uploads\/sites\/28\/2024\/08\/Foto-2-768x583.jpg 768w, https:\/\/www.vfl-westercelle.de\/bou\/wp-content\/uploads\/sites\/28\/2024\/08\/Foto-2-1536x1166.jpg 1536w, https:\/\/www.vfl-westercelle.de\/bou\/wp-content\/uploads\/sites\/28\/2024\/08\/Foto-2-1500x1139.jpg 1500w, https:\/\/www.vfl-westercelle.de\/bou\/wp-content\/uploads\/sites\/28\/2024\/08\/Foto-2-705x535.jpg 705w\" sizes=\"auto, (max-width: 1617px) 100vw, 1617px\" \/><\/a>\n\t\t\t<\/dt><\/dl><dl class='gallery-item'>\n\t\t\t<dt class='gallery-icon landscape'>\n\t\t\t\t<a href='https:\/\/www.vfl-westercelle.de\/bou\/vfl-westercelle-richtet-boule-qualifikationsturnier-aus-6-mannschaften-des-bezirks-fahren-zur-landesmeisterschaft\/foto-1-7\/'><img loading=\"lazy\" decoding=\"async\" width=\"2560\" height=\"2560\" src=\"https:\/\/www.vfl-westercelle.de\/bou\/wp-content\/uploads\/sites\/28\/2024\/08\/Foto-1-scaled.jpg\" class=\"attachment-full size-full\" alt=\"\" srcset=\"https:\/\/www.vfl-westercelle.de\/bou\/wp-content\/uploads\/sites\/28\/2024\/08\/Foto-1-scaled.jpg 2560w, https:\/\/www.vfl-westercelle.de\/bou\/wp-content\/uploads\/sites\/28\/2024\/08\/Foto-1-scaled-300x300.jpg 300w, https:\/\/www.vfl-westercelle.de\/bou\/wp-content\/uploads\/sites\/28\/2024\/08\/Foto-1-scaled-1030x1030.jpg 1030w, https:\/\/www.vfl-westercelle.de\/bou\/wp-content\/uploads\/sites\/28\/2024\/08\/Foto-1-scaled-80x80.jpg 80w, https:\/\/www.vfl-westercelle.de\/bou\/wp-content\/uploads\/sites\/28\/2024\/08\/Foto-1-scaled-768x768.jpg 768w, https:\/\/www.vfl-westercelle.de\/bou\/wp-content\/uploads\/sites\/28\/2024\/08\/Foto-1-scaled-1536x1536.jpg 1536w, https:\/\/www.vfl-westercelle.de\/bou\/wp-content\/uploads\/sites\/28\/2024\/08\/Foto-1-scaled-2048x2048.jpg 2048w, https:\/\/www.vfl-westercelle.de\/bou\/wp-content\/uploads\/sites\/28\/2024\/08\/Foto-1-scaled-36x36.jpg 36w, https:\/\/www.vfl-westercelle.de\/bou\/wp-content\/uploads\/sites\/28\/2024\/08\/Foto-1-scaled-180x180.jpg 180w, https:\/\/www.vfl-westercelle.de\/bou\/wp-content\/uploads\/sites\/28\/2024\/08\/Foto-1-scaled-1500x1500.jpg 1500w, https:\/\/www.vfl-westercelle.de\/bou\/wp-content\/uploads\/sites\/28\/2024\/08\/Foto-1-scaled-705x705.jpg 705w\" sizes=\"auto, (max-width: 2560px) 100vw, 2560px\" \/><\/a>\n\t\t\t<\/dt><\/dl><br style=\"clear: both\" \/>\n\t\t<\/div>\n\n<p><strong>Bild 1: <\/strong>Veranstaltungsleiter Wilfried Dahms vom VfL Westercelle hat alles im Griff. Hier zeigt er auf den Boule \u2013 Bezirk L\u00fcneburg des Landesverbandes Niedersachsen.<\/p>\n<p><strong>Bild 2:<\/strong> Ina Meyer vom TuS Hermannsburg, eine von 48 Teilnehmenden am Qualifikationsturnier, nimmt mit ihrer Boulekugel Ma\u00df.<\/p>\n<p><strong>Bild 3<\/strong>: Der Dauerregen hielt die ambitionierten Boulespieler nicht von der Teilnahme am Qualifikationsturnier ab. Hier verfolgen Sie die Ansagen der Turnierleitung.<\/p>\n<p><strong>Beitragsbild: <\/strong>Taktische Beratung mit Blick auf die Boulekugeln. Im Hintergrund das Boule \u2013 Sportheim in Boye<\/p>\n","protected":false},"excerpt":{"rendered":"<p>Spannend vom ersten bis zum letzten Wurf: 16 Teams aus dem Bezirk L\u00fcneburg trafen sich zum Qualifikationsturnier Boule \u00dc 55 im Boulepark des VfL Westercelle, um sich zur Teilnahme an der Landesmeisterschaft in Krankenhagen zu qualifizieren. Am Ende der vier Spielrunden schafften es sechs Teams ins Finale. Viel Lob gab es f\u00fcr das Ausrichterteam vom <a class=\"read-more-link\" href=\"https:\/\/www.vfl-westercelle.de\/bou\/vfl-westercelle-richtet-boule-qualifikationsturnier-aus-6-mannschaften-des-bezirks-fahren-zur-landesmeisterschaft\/\">[&#8230; weiter]<\/a><\/p>\n","protected":false},"author":28,"featured_media":1367,"comment_status":"closed","ping_status":"closed","sticky":false,"template":"","format":"standard","meta":{"footnotes":""},"categories":[7,1],"tags":[],"class_list":["post-1366","post","type-post","status-publish","format-standard","has-post-thumbnail","hentry","category-allgemein","category-boule"],"_links":{"self":[{"href":"https:\/\/www.vfl-westercelle.de\/bou\/wp-json\/wp\/v2\/posts\/1366","targetHints":{"allow":["GET"]}}],"collection":[{"href":"https:\/\/www.vfl-westercelle.de\/bou\/wp-json\/wp\/v2\/posts"}],"about":[{"href":"https:\/\/www.vfl-westercelle.de\/bou\/wp-json\/wp\/v2\/types\/post"}],"author":[{"embeddable":true,"href":"https:\/\/www.vfl-westercelle.de\/bou\/wp-json\/wp\/v2\/users\/28"}],"replies":[{"embeddable":true,"href":"https:\/\/www.vfl-westercelle.de\/bou\/wp-json\/wp\/v2\/comments?post=1366"}],"version-history":[{"count":4,"href":"https:\/\/www.vfl-westercelle.de\/bou\/wp-json\/wp\/v2\/posts\/1366\/revisions"}],"predecessor-version":[{"id":1380,"href":"https:\/\/www.vfl-westercelle.de\/bou\/wp-json\/wp\/v2\/posts\/1366\/revisions\/1380"}],"wp:featuredmedia":[{"embeddable":true,"href":"https:\/\/www.vfl-westercelle.de\/bou\/wp-json\/wp\/v2\/media\/1367"}],"wp:attachment":[{"href":"https:\/\/www.vfl-westercelle.de\/bou\/wp-json\/wp\/v2\/media?parent=1366"}],"wp:term":[{"taxonomy":"category","embeddable":true,"href":"https:\/\/www.vfl-westercelle.de\/bou\/wp-json\/wp\/v2\/categories?post=1366"},{"taxonomy":"post_tag","embeddable":true,"href":"https:\/\/www.vfl-westercelle.de\/bou\/wp-json\/wp\/v2\/tags?post=1366"}],"curies":[{"name":"wp","href":"https:\/\/api.w.org\/{rel}","templated":true}]}}