{"id":1459,"date":"2024-10-14T17:09:27","date_gmt":"2024-10-14T15:09:27","guid":{"rendered":"https:\/\/www.vfl-westercelle.de\/bou\/?p=1459"},"modified":"2024-10-15T10:55:10","modified_gmt":"2024-10-15T08:55:10","slug":"der-boule-sommer-geht-zu-ende","status":"publish","type":"post","link":"https:\/\/www.vfl-westercelle.de\/bou\/der-boule-sommer-geht-zu-ende\/","title":{"rendered":"Der Boule-Sommer geht zu Ende"},"content":{"rendered":"<p>Mit der schon traditionellen Siegerehrung im Stadthaus Bergen fand der Boule-Sommer 2024 am 27.9. sein Ende. Die Gewinner, nein eigentlich alle Teilnehmer des bisher immer (f\u00e4lschlicher\u00a0 &#8211; doch dazu sp\u00e4ter mehr) als \u201eRangliste\u201c firmierenden Wettbewerbs wurden f\u00fcr ihre Teilnahme und ihr Engagement in den insgesamt 78 Spielen der zur\u00fcckliegenden Monate geehrt. Die Bouler und Boulerinnen des VfL Westercelle nahmen gleich mit drei Mannschaften an dem Liga-Betrieb teil. Am Ende erreichten sie die Pl\u00e4tze 5, 6 und 8; sicherlich blieb das Ergebnis insgesamt hinter den Erwartungen zur\u00fcck, insbesondere das unter dem Zusatz \u201egelb\u201c startende Team konnte sein Potenzial, das die Spieler in der Bezirksliga ja bewiesen hatten, nicht immer abrufen und landete auf dem achten Rang. Allerdings stand \u2013 wie immer \u2013 bei allen Teilnehmern die Freude am Spiel und der Begegnung im Vordergrund. Dieser Aspekt der Wettk\u00e4mpfe wurde dadurch gew\u00fcrdigt, dass diesmal alle teilnehmenden Mannschaften mit einer Flasche Pastis belohnt wurden. Das ja schon als Abonnementsmeister zu bezeichnende \u201eblaue\u201c Team vom TuS Hermannsburg hatte auch in diesem Jahr die Nase vorn, wieder gefolgt von Fortuna Celle und der \u00dcberraschungsriege der Boulis der Spielgemeinschaft \u201eFranz\u00f6sischer Garten\u201c. Schon am Abend der Siegerehrung wurden die Weichen f\u00fcr die n\u00e4chste Saison gestellt. Ulf Werner und Andrea St\u00fcber vom TuS Hermannsburg, die schon in diesem Jahr souver\u00e4n den Ablauf organisiert und die Mannschaften durch den Ligabetrieb gef\u00fchrt hatten, werden auch im n\u00e4chsten Jahr diese Aufgabe stemmen. Eine erste \u00c4nderung wurde schon an diesem Abend bekannt gegeben. Der unpassende Begriff \u201eRangliste\u201c, der noch von Conny van der Borst stammte, wird in der kommenden Spielzeit durch den Begriff \u201eMilchkannen-Liga\u201c ersetzt, in Anlehnung an die Tatsache, dass ja inzwischen an jeder Milchkanne auf dem Land eine Boule-Bahn entsteht. Man muss aber sagen, dass diese neue Bezeichnung nicht \u00fcberall auf Gegenliebe st\u00f6\u00dft. Wenn mit der Siegerehrung auch die Spiele dieses Sommers beendet wurden, hei\u00dft das nicht, dass die Westerceller Bouler und Boulerinnen nun auf dem Sofa liegen. Auch im Herbst und im Winter werden wieder \u2013 wenn immer das Wetter es zul\u00e4sst \u2013 im Boulodrom in Westercelle und im Boulepark in Boye die Kugeln fliegen.<\/p>\n<p>&nbsp;<\/p>\n<p>Andreas Brundiers<\/p>\n<p><img loading=\"lazy\" decoding=\"async\" class=\"alignnone size-full wp-image-1466\" src=\"http:\/\/www.vfl-westercelle.de\/bou\/wp-content\/uploads\/sites\/28\/2024\/10\/Rangliste-Sommer-2024-e1728982282390.jpg\" alt=\"\" width=\"1074\" height=\"714\" srcset=\"https:\/\/www.vfl-westercelle.de\/bou\/wp-content\/uploads\/sites\/28\/2024\/10\/Rangliste-Sommer-2024-e1728982282390.jpg 1074w, https:\/\/www.vfl-westercelle.de\/bou\/wp-content\/uploads\/sites\/28\/2024\/10\/Rangliste-Sommer-2024-e1728982282390-300x199.jpg 300w, https:\/\/www.vfl-westercelle.de\/bou\/wp-content\/uploads\/sites\/28\/2024\/10\/Rangliste-Sommer-2024-e1728982282390-1030x685.jpg 1030w, https:\/\/www.vfl-westercelle.de\/bou\/wp-content\/uploads\/sites\/28\/2024\/10\/Rangliste-Sommer-2024-e1728982282390-768x511.jpg 768w, https:\/\/www.vfl-westercelle.de\/bou\/wp-content\/uploads\/sites\/28\/2024\/10\/Rangliste-Sommer-2024-e1728982282390-705x469.jpg 705w\" sizes=\"auto, (max-width: 1074px) 100vw, 1074px\" \/><\/p>\n<p><img loading=\"lazy\" decoding=\"async\" class=\"alignnone size-full wp-image-1464\" src=\"http:\/\/www.vfl-westercelle.de\/bou\/wp-content\/uploads\/sites\/28\/2024\/10\/IMG_3789-002-scaled-e1728982314822.jpg\" alt=\"\" width=\"2560\" height=\"1476\" srcset=\"https:\/\/www.vfl-westercelle.de\/bou\/wp-content\/uploads\/sites\/28\/2024\/10\/IMG_3789-002-scaled-e1728982314822.jpg 2560w, https:\/\/www.vfl-westercelle.de\/bou\/wp-content\/uploads\/sites\/28\/2024\/10\/IMG_3789-002-scaled-e1728982314822-300x173.jpg 300w, https:\/\/www.vfl-westercelle.de\/bou\/wp-content\/uploads\/sites\/28\/2024\/10\/IMG_3789-002-scaled-e1728982314822-1030x594.jpg 1030w, https:\/\/www.vfl-westercelle.de\/bou\/wp-content\/uploads\/sites\/28\/2024\/10\/IMG_3789-002-scaled-e1728982314822-768x443.jpg 768w, https:\/\/www.vfl-westercelle.de\/bou\/wp-content\/uploads\/sites\/28\/2024\/10\/IMG_3789-002-scaled-e1728982314822-1536x886.jpg 1536w, https:\/\/www.vfl-westercelle.de\/bou\/wp-content\/uploads\/sites\/28\/2024\/10\/IMG_3789-002-scaled-e1728982314822-2048x1181.jpg 2048w, https:\/\/www.vfl-westercelle.de\/bou\/wp-content\/uploads\/sites\/28\/2024\/10\/IMG_3789-002-scaled-e1728982314822-1500x865.jpg 1500w, https:\/\/www.vfl-westercelle.de\/bou\/wp-content\/uploads\/sites\/28\/2024\/10\/IMG_3789-002-scaled-e1728982314822-705x406.jpg 705w\" sizes=\"auto, (max-width: 2560px) 100vw, 2560px\" \/><\/p>\n","protected":false},"excerpt":{"rendered":"<p>Mit der schon traditionellen Siegerehrung im Stadthaus Bergen fand der Boule-Sommer 2024 am 27.9. sein Ende. Die Gewinner, nein eigentlich alle Teilnehmer des bisher immer (f\u00e4lschlicher\u00a0 &#8211; doch dazu sp\u00e4ter mehr) als \u201eRangliste\u201c firmierenden Wettbewerbs wurden f\u00fcr ihre Teilnahme und ihr Engagement in den insgesamt 78 Spielen der zur\u00fcckliegenden Monate geehrt. Die Bouler und Boulerinnen <a class=\"read-more-link\" href=\"https:\/\/www.vfl-westercelle.de\/bou\/der-boule-sommer-geht-zu-ende\/\">[&#8230; weiter]<\/a><\/p>\n","protected":false},"author":38,"featured_media":1465,"comment_status":"closed","ping_status":"closed","sticky":false,"template":"","format":"standard","meta":{"footnotes":""},"categories":[1],"tags":[5],"class_list":["post-1459","post","type-post","status-publish","format-standard","has-post-thumbnail","hentry","category-boule","tag-top"],"_links":{"self":[{"href":"https:\/\/www.vfl-westercelle.de\/bou\/wp-json\/wp\/v2\/posts\/1459","targetHints":{"allow":["GET"]}}],"collection":[{"href":"https:\/\/www.vfl-westercelle.de\/bou\/wp-json\/wp\/v2\/posts"}],"about":[{"href":"https:\/\/www.vfl-westercelle.de\/bou\/wp-json\/wp\/v2\/types\/post"}],"author":[{"embeddable":true,"href":"https:\/\/www.vfl-westercelle.de\/bou\/wp-json\/wp\/v2\/users\/38"}],"replies":[{"embeddable":true,"href":"https:\/\/www.vfl-westercelle.de\/bou\/wp-json\/wp\/v2\/comments?post=1459"}],"version-history":[{"count":3,"href":"https:\/\/www.vfl-westercelle.de\/bou\/wp-json\/wp\/v2\/posts\/1459\/revisions"}],"predecessor-version":[{"id":1518,"href":"https:\/\/www.vfl-westercelle.de\/bou\/wp-json\/wp\/v2\/posts\/1459\/revisions\/1518"}],"wp:featuredmedia":[{"embeddable":true,"href":"https:\/\/www.vfl-westercelle.de\/bou\/wp-json\/wp\/v2\/media\/1465"}],"wp:attachment":[{"href":"https:\/\/www.vfl-westercelle.de\/bou\/wp-json\/wp\/v2\/media?parent=1459"}],"wp:term":[{"taxonomy":"category","embeddable":true,"href":"https:\/\/www.vfl-westercelle.de\/bou\/wp-json\/wp\/v2\/categories?post=1459"},{"taxonomy":"post_tag","embeddable":true,"href":"https:\/\/www.vfl-westercelle.de\/bou\/wp-json\/wp\/v2\/tags?post=1459"}],"curies":[{"name":"wp","href":"https:\/\/api.w.org\/{rel}","templated":true}]}}