{"id":1473,"date":"2024-11-13T17:49:12","date_gmt":"2024-11-13T16:49:12","guid":{"rendered":"https:\/\/www.vfl-westercelle.de\/bou\/?p=1473"},"modified":"2024-11-13T18:13:14","modified_gmt":"2024-11-13T17:13:14","slug":"1473-2","status":"publish","type":"post","link":"https:\/\/www.vfl-westercelle.de\/bou\/1473-2\/","title":{"rendered":"Beginn des Boule-Winters"},"content":{"rendered":"<p><strong>Beginn des Boule-Winters<\/strong><\/p>\n<p>\u201eWeltkrieg ausgebrochen &#8211; war im Schwimmbad\u201c. Ein ganz klein wenig mag der Betrachter an diesen Kafka-Satz gedacht haben, als sich die Boule-Spieler und -Spielerinnen des VfL am 8.11. trotz Trump-Wahl und dem Ampel-Aus zu ihrem beinahe schon traditionellen Einl\u00e4uten des Boule-Winters \u201eBoule by Night\u201c im Boulodrom in Westercelle trafen. Diesmal wurde das \u201eEvent\u201c vom westerceller Fl\u00fcgel der Sparte, insbesondere vom stellvertretenden Spartenleiter Manfred M\u00fcnch, organisiert und durchgef\u00fchrt. Ungeachtet aller politischen Turbulenzen kamen die Boulis bei Flutlicht, Feuerkorb, Chili con Carne und Gl\u00fchwein zusammen, um Freude und Gemeinsamkeit zu erleben. Selbst die K\u00e4lte wurde nicht als allzu gravierend empfunden, so dass nat\u00fcrlich auch Mannschaften gebildet und Kugeln geworfen wurden, ein bisschen fehlte diesmal der Wettkampfcharakter \u2013 dennoch dauerte es bis nach 23.00 Uhr bis die letzten Spieler und Spielerinnen den Platz verlie\u00dfen. Wohl wird der Spielbetrieb im kommenden Winter eher auf Sparflamme laufen, aber es sind sicherlich diese letzten, die sich auch von K\u00e4lte und N\u00e4sse nicht abhalten lassen, ihrem Sport nachzugehen.<\/p>\n<p>Andreas Brundiers<\/p>\n","protected":false},"excerpt":{"rendered":"<p>Beginn des Boule-Winters \u201eWeltkrieg ausgebrochen &#8211; war im Schwimmbad\u201c. Ein ganz klein wenig mag der Betrachter an diesen Kafka-Satz gedacht haben, als sich die Boule-Spieler und -Spielerinnen des VfL am 8.11. trotz Trump-Wahl und dem Ampel-Aus zu ihrem beinahe schon traditionellen Einl\u00e4uten des Boule-Winters \u201eBoule by Night\u201c im Boulodrom in Westercelle trafen. Diesmal wurde das <a class=\"read-more-link\" href=\"https:\/\/www.vfl-westercelle.de\/bou\/1473-2\/\">[&#8230; weiter]<\/a><\/p>\n","protected":false},"author":38,"featured_media":1474,"comment_status":"closed","ping_status":"closed","sticky":false,"template":"","format":"standard","meta":{"footnotes":""},"categories":[1],"tags":[],"class_list":["post-1473","post","type-post","status-publish","format-standard","has-post-thumbnail","hentry","category-boule"],"_links":{"self":[{"href":"https:\/\/www.vfl-westercelle.de\/bou\/wp-json\/wp\/v2\/posts\/1473","targetHints":{"allow":["GET"]}}],"collection":[{"href":"https:\/\/www.vfl-westercelle.de\/bou\/wp-json\/wp\/v2\/posts"}],"about":[{"href":"https:\/\/www.vfl-westercelle.de\/bou\/wp-json\/wp\/v2\/types\/post"}],"author":[{"embeddable":true,"href":"https:\/\/www.vfl-westercelle.de\/bou\/wp-json\/wp\/v2\/users\/38"}],"replies":[{"embeddable":true,"href":"https:\/\/www.vfl-westercelle.de\/bou\/wp-json\/wp\/v2\/comments?post=1473"}],"version-history":[{"count":2,"href":"https:\/\/www.vfl-westercelle.de\/bou\/wp-json\/wp\/v2\/posts\/1473\/revisions"}],"predecessor-version":[{"id":1491,"href":"https:\/\/www.vfl-westercelle.de\/bou\/wp-json\/wp\/v2\/posts\/1473\/revisions\/1491"}],"wp:featuredmedia":[{"embeddable":true,"href":"https:\/\/www.vfl-westercelle.de\/bou\/wp-json\/wp\/v2\/media\/1474"}],"wp:attachment":[{"href":"https:\/\/www.vfl-westercelle.de\/bou\/wp-json\/wp\/v2\/media?parent=1473"}],"wp:term":[{"taxonomy":"category","embeddable":true,"href":"https:\/\/www.vfl-westercelle.de\/bou\/wp-json\/wp\/v2\/categories?post=1473"},{"taxonomy":"post_tag","embeddable":true,"href":"https:\/\/www.vfl-westercelle.de\/bou\/wp-json\/wp\/v2\/tags?post=1473"}],"curies":[{"name":"wp","href":"https:\/\/api.w.org\/{rel}","templated":true}]}}