{"id":1525,"date":"2025-02-07T13:13:38","date_gmt":"2025-02-07T12:13:38","guid":{"rendered":"https:\/\/www.vfl-westercelle.de\/bou\/?p=1525"},"modified":"2025-02-07T13:13:38","modified_gmt":"2025-02-07T12:13:38","slug":"es-geht-wieder-los","status":"publish","type":"post","link":"https:\/\/www.vfl-westercelle.de\/bou\/es-geht-wieder-los\/","title":{"rendered":"Es geht wieder los!"},"content":{"rendered":"<p>Wie berichtet hatte ja das Boule-Team des VfL im letzten Jahr in der Bezirksliga Staffel S\u00fcd den zweiten Platz belegt und damit den Aufstieg in die Bezirksoberliga knapp verpasst. Durch die Vielzahl der Mannschaften wurde jetzt eine Neustrukturierung der NPV-Ligen notwendig, mit der Folge, dass auch die Tabellenzweiten der Bezirksligastaffeln in diesem Jahr h\u00f6herklassig spielen. Das hei\u00dft, der VfL Westercelle wird mit seinem Boule-Team in der kommenden Saison in der Bezirksoberliga antreten! Die Gegner sind dann u.a. Nenndorf, Buxtehude und Dittmern, der erste Spieltag findet am 13.April in Borstel (Winsen\/Luhe) statt. Die Spielerinnen und Spieler sehen dieser Aufgabe mit Spannung, Freude und einer ordentlichen Portion Respekt entgegen.<\/p>\n<p>Gewohntes Terrain ist dagegen die \u201eMilchkannen-Liga\u201c. An diesem nicht offiziellen Wettbewerb werden wieder drei Teams des VfL teilnehmen: \u201eGelb\u201c, \u201eSchwarz\u201c und \u201eWei\u00df\u201c.<\/p>\n<p>Weiterhin in der Bezirksliga spielt die Spielgemeinschaft Westercelle\/Burgwedel.<\/p>\n<p>Im Boulodrom in Westercelle soll in diesem Jahr ein Unterstand entstehen, so dass auch diese Anlage weiter aufgewertet wird. Zahlreiche weitere Aktivit\u00e4ten sind in B\u00e4lde der Termin\u00fcbersicht zu entnehmen.<\/p>\n<p>Andreas Brundiers<\/p>\n","protected":false},"excerpt":{"rendered":"<p>Wie berichtet hatte ja das Boule-Team des VfL im letzten Jahr in der Bezirksliga Staffel S\u00fcd den zweiten Platz belegt und damit den Aufstieg in die Bezirksoberliga knapp verpasst. Durch die Vielzahl der Mannschaften wurde jetzt eine Neustrukturierung der NPV-Ligen notwendig, mit der Folge, dass auch die Tabellenzweiten der Bezirksligastaffeln in diesem Jahr h\u00f6herklassig spielen. <a class=\"read-more-link\" href=\"https:\/\/www.vfl-westercelle.de\/bou\/es-geht-wieder-los\/\">[&#8230; weiter]<\/a><\/p>\n","protected":false},"author":38,"featured_media":0,"comment_status":"closed","ping_status":"closed","sticky":false,"template":"","format":"standard","meta":{"footnotes":""},"categories":[1],"tags":[],"class_list":["post-1525","post","type-post","status-publish","format-standard","hentry","category-boule"],"_links":{"self":[{"href":"https:\/\/www.vfl-westercelle.de\/bou\/wp-json\/wp\/v2\/posts\/1525","targetHints":{"allow":["GET"]}}],"collection":[{"href":"https:\/\/www.vfl-westercelle.de\/bou\/wp-json\/wp\/v2\/posts"}],"about":[{"href":"https:\/\/www.vfl-westercelle.de\/bou\/wp-json\/wp\/v2\/types\/post"}],"author":[{"embeddable":true,"href":"https:\/\/www.vfl-westercelle.de\/bou\/wp-json\/wp\/v2\/users\/38"}],"replies":[{"embeddable":true,"href":"https:\/\/www.vfl-westercelle.de\/bou\/wp-json\/wp\/v2\/comments?post=1525"}],"version-history":[{"count":2,"href":"https:\/\/www.vfl-westercelle.de\/bou\/wp-json\/wp\/v2\/posts\/1525\/revisions"}],"predecessor-version":[{"id":1527,"href":"https:\/\/www.vfl-westercelle.de\/bou\/wp-json\/wp\/v2\/posts\/1525\/revisions\/1527"}],"wp:attachment":[{"href":"https:\/\/www.vfl-westercelle.de\/bou\/wp-json\/wp\/v2\/media?parent=1525"}],"wp:term":[{"taxonomy":"category","embeddable":true,"href":"https:\/\/www.vfl-westercelle.de\/bou\/wp-json\/wp\/v2\/categories?post=1525"},{"taxonomy":"post_tag","embeddable":true,"href":"https:\/\/www.vfl-westercelle.de\/bou\/wp-json\/wp\/v2\/tags?post=1525"}],"curies":[{"name":"wp","href":"https:\/\/api.w.org\/{rel}","templated":true}]}}