{"id":1620,"date":"2025-05-13T12:33:09","date_gmt":"2025-05-13T10:33:09","guid":{"rendered":"https:\/\/www.vfl-westercelle.de\/bou\/?p=1620"},"modified":"2025-05-14T12:39:53","modified_gmt":"2025-05-14T10:39:53","slug":"1620-2","status":"publish","type":"post","link":"https:\/\/www.vfl-westercelle.de\/bou\/1620-2\/","title":{"rendered":"Boule &amp; Bike am 27.04.2025"},"content":{"rendered":"<p>\u201eSommer, Sonne, Sonnenschein, das l\u00e4sst mich gl\u00fccklich sein\u201c \u2026.das h\u00e4tte angesichts des f\u00fcr Ende April nicht unbedingt nicht zu erwartenden guten Wetters das Motto des Tages sein k\u00f6nnen. Aber zum Equipment geh\u00f6rten zum Gl\u00fccklichsein an diesem Tag auch die \u201eBikes\u201c und (\u2026.das ist f\u00fcr Boulespieler nat\u00fcrlich anders sowieso undenkbar) auch die \u201eBoule-Kugeln\u201c dazu.<\/p>\n<p>Mit dieser Ausr\u00fcstung startete die Teilnehmergruppe um 10:30 Uhr p\u00fcnktlich von den Triftanlagen Richtung \u201eGro\u00df Hehlen\u201c zur ersten \u201eBoule-Spielrunde\u201c. Auf der Anfahrt \u00fcber den etwas anspruchsvolleren \u201eAllerrandweg\u201c, die Querung von Boye und den am Waldrand dann leicht ansteigenden teilweise sandigen Weg, bewiesen alle Teilnehmer auch auf ihren \u201eDrahteseln\u201c gro\u00dfes Geschick. Von den Boulepl\u00e4tzen unseres geliebten Vereins kannte man das von dieser Personengruppe nat\u00fcrlich so bereits ausnahmslos. Jetzt steht fest, dass es sich um \u201eVielseitigkeits-Sportler\u201c handelt \u2026&#8230;\u201csieh einer an\u201c.<\/p>\n<p>Gespielt wurde bei 11 Teilnehmern in 2 Dubletten und einem 3er Tete. Nat\u00fcrlich galten die \u00fcblichen Spielregeln, aber auf den \u201eNatur-Bahnen\u201c stand der Spa\u00df und das harmonische Miteinander eindeutig im Vordergrund.<\/p>\n<p>Beim gemeinsamen \u201eMittagstisch\u201c, drau\u00dfen unter Sonnenschirmen im \u201eCafe 1.Sahne\u201c in Gro\u00df-Hehlen wurde bei Schnitzel, S\u00fclze oder Salat und ausreichender Fl\u00fcssigkeitszufuhr Kraft f\u00fcr den Nachmittag gesammelt.<\/p>\n<p>Die Tischgespr\u00e4che wurden \u201evon Sattel zu Sattel\u201c fortgesetzt, w\u00e4hrend sich die Gruppe \u00fcber Vorwerk, Gar\u00dfen und Bostel nach Altenhagen zur zweiten \u201eBoule-Spielrunde\u201c auf geschotterten Pl\u00e4tzen am Rande der \u201eBerufsbildenen Schulen Celle\u201c bewegte. Neue Spielpaarungen wurden ausgelost und schon flogen die ersten \u201eSchweinchen und Kugeln\u201c wie von Geisterhand gesteuert ihrem jeweiligen Ziel entgegen. Um ca. 16:30 Uhr l\u00f6ste sich die Gruppe vereinbarungsgem\u00e4\u00df auf und strebte \u2013 nun jeder f\u00fcr sich \u2013 dem heimatlichen Sessel entgegen. Ein Teil fuhr \u00fcber die \u201ePfennigbr\u00fccke\u201c Richtung Altstadt. Die eigentliche Tour hatte eine L\u00e4nge von 25 km, wobei f\u00fcr die Meisten am Ende zu Hause der Tacho rd. 35 km gezeigt haben d\u00fcrfte. Es war sch\u00f6n, das Format ist gut und lohnt wiederholt zu werden.<\/p>\n<p>Hennes und Angelika Richter<\/p>\n<p><a href=\"http:\/\/www.vfl-westercelle.de\/bou\/wp-content\/uploads\/sites\/28\/2025\/05\/IMG-20250513-WA0008.jpg\"><img loading=\"lazy\" decoding=\"async\" class=\"alignleft size-medium wp-image-1641\" src=\"http:\/\/www.vfl-westercelle.de\/bou\/wp-content\/uploads\/sites\/28\/2025\/05\/IMG-20250513-WA0008-146x300.jpg\" alt=\"\" width=\"146\" height=\"300\" srcset=\"https:\/\/www.vfl-westercelle.de\/bou\/wp-content\/uploads\/sites\/28\/2025\/05\/IMG-20250513-WA0008-146x300.jpg 146w, https:\/\/www.vfl-westercelle.de\/bou\/wp-content\/uploads\/sites\/28\/2025\/05\/IMG-20250513-WA0008-500x1030.jpg 500w, https:\/\/www.vfl-westercelle.de\/bou\/wp-content\/uploads\/sites\/28\/2025\/05\/IMG-20250513-WA0008-768x1581.jpg 768w, https:\/\/www.vfl-westercelle.de\/bou\/wp-content\/uploads\/sites\/28\/2025\/05\/IMG-20250513-WA0008-746x1536.jpg 746w, https:\/\/www.vfl-westercelle.de\/bou\/wp-content\/uploads\/sites\/28\/2025\/05\/IMG-20250513-WA0008-728x1500.jpg 728w, https:\/\/www.vfl-westercelle.de\/bou\/wp-content\/uploads\/sites\/28\/2025\/05\/IMG-20250513-WA0008-342x705.jpg 342w, https:\/\/www.vfl-westercelle.de\/bou\/wp-content\/uploads\/sites\/28\/2025\/05\/IMG-20250513-WA0008.jpg 777w\" sizes=\"auto, (max-width: 146px) 100vw, 146px\" \/><\/a> <a href=\"http:\/\/www.vfl-westercelle.de\/bou\/wp-content\/uploads\/sites\/28\/2025\/05\/IMG-20250513-WA0002.jpg\"><img loading=\"lazy\" decoding=\"async\" class=\"alignleft size-medium wp-image-1640\" src=\"http:\/\/www.vfl-westercelle.de\/bou\/wp-content\/uploads\/sites\/28\/2025\/05\/IMG-20250513-WA0002-300x225.jpg\" alt=\"\" width=\"300\" height=\"225\" srcset=\"https:\/\/www.vfl-westercelle.de\/bou\/wp-content\/uploads\/sites\/28\/2025\/05\/IMG-20250513-WA0002-300x225.jpg 300w, https:\/\/www.vfl-westercelle.de\/bou\/wp-content\/uploads\/sites\/28\/2025\/05\/IMG-20250513-WA0002-1030x773.jpg 1030w, https:\/\/www.vfl-westercelle.de\/bou\/wp-content\/uploads\/sites\/28\/2025\/05\/IMG-20250513-WA0002-768x576.jpg 768w, https:\/\/www.vfl-westercelle.de\/bou\/wp-content\/uploads\/sites\/28\/2025\/05\/IMG-20250513-WA0002-1536x1152.jpg 1536w, https:\/\/www.vfl-westercelle.de\/bou\/wp-content\/uploads\/sites\/28\/2025\/05\/IMG-20250513-WA0002-1500x1125.jpg 1500w, https:\/\/www.vfl-westercelle.de\/bou\/wp-content\/uploads\/sites\/28\/2025\/05\/IMG-20250513-WA0002-705x529.jpg 705w, https:\/\/www.vfl-westercelle.de\/bou\/wp-content\/uploads\/sites\/28\/2025\/05\/IMG-20250513-WA0002.jpg 2048w\" sizes=\"auto, (max-width: 300px) 100vw, 300px\" \/><\/a> <a href=\"http:\/\/www.vfl-westercelle.de\/bou\/wp-content\/uploads\/sites\/28\/2025\/05\/IMG-20250513-WA0001.jpg\"><img loading=\"lazy\" decoding=\"async\" class=\"alignleft size-medium wp-image-1639\" src=\"http:\/\/www.vfl-westercelle.de\/bou\/wp-content\/uploads\/sites\/28\/2025\/05\/IMG-20250513-WA0001-146x300.jpg\" alt=\"\" width=\"146\" height=\"300\" srcset=\"https:\/\/www.vfl-westercelle.de\/bou\/wp-content\/uploads\/sites\/28\/2025\/05\/IMG-20250513-WA0001-146x300.jpg 146w, https:\/\/www.vfl-westercelle.de\/bou\/wp-content\/uploads\/sites\/28\/2025\/05\/IMG-20250513-WA0001-500x1030.jpg 500w, https:\/\/www.vfl-westercelle.de\/bou\/wp-content\/uploads\/sites\/28\/2025\/05\/IMG-20250513-WA0001-768x1581.jpg 768w, https:\/\/www.vfl-westercelle.de\/bou\/wp-content\/uploads\/sites\/28\/2025\/05\/IMG-20250513-WA0001-746x1536.jpg 746w, https:\/\/www.vfl-westercelle.de\/bou\/wp-content\/uploads\/sites\/28\/2025\/05\/IMG-20250513-WA0001-728x1500.jpg 728w, https:\/\/www.vfl-westercelle.de\/bou\/wp-content\/uploads\/sites\/28\/2025\/05\/IMG-20250513-WA0001-342x705.jpg 342w, https:\/\/www.vfl-westercelle.de\/bou\/wp-content\/uploads\/sites\/28\/2025\/05\/IMG-20250513-WA0001.jpg 777w\" sizes=\"auto, (max-width: 146px) 100vw, 146px\" \/><\/a> <a href=\"http:\/\/www.vfl-westercelle.de\/bou\/wp-content\/uploads\/sites\/28\/2025\/05\/IMG-20250513-WA0006.jpg\"><img loading=\"lazy\" decoding=\"async\" class=\"alignleft size-medium wp-image-1638\" src=\"http:\/\/www.vfl-westercelle.de\/bou\/wp-content\/uploads\/sites\/28\/2025\/05\/IMG-20250513-WA0006-300x225.jpg\" alt=\"\" width=\"300\" height=\"225\" srcset=\"https:\/\/www.vfl-westercelle.de\/bou\/wp-content\/uploads\/sites\/28\/2025\/05\/IMG-20250513-WA0006-300x225.jpg 300w, https:\/\/www.vfl-westercelle.de\/bou\/wp-content\/uploads\/sites\/28\/2025\/05\/IMG-20250513-WA0006-1030x773.jpg 1030w, https:\/\/www.vfl-westercelle.de\/bou\/wp-content\/uploads\/sites\/28\/2025\/05\/IMG-20250513-WA0006-768x576.jpg 768w, https:\/\/www.vfl-westercelle.de\/bou\/wp-content\/uploads\/sites\/28\/2025\/05\/IMG-20250513-WA0006-1536x1152.jpg 1536w, https:\/\/www.vfl-westercelle.de\/bou\/wp-content\/uploads\/sites\/28\/2025\/05\/IMG-20250513-WA0006-1500x1125.jpg 1500w, https:\/\/www.vfl-westercelle.de\/bou\/wp-content\/uploads\/sites\/28\/2025\/05\/IMG-20250513-WA0006-705x529.jpg 705w, https:\/\/www.vfl-westercelle.de\/bou\/wp-content\/uploads\/sites\/28\/2025\/05\/IMG-20250513-WA0006.jpg 2048w\" sizes=\"auto, (max-width: 300px) 100vw, 300px\" \/><\/a> <a href=\"http:\/\/www.vfl-westercelle.de\/bou\/wp-content\/uploads\/sites\/28\/2025\/05\/IMG-20250513-WA0005.jpg\"><img loading=\"lazy\" decoding=\"async\" class=\"alignleft size-medium wp-image-1635\" src=\"http:\/\/www.vfl-westercelle.de\/bou\/wp-content\/uploads\/sites\/28\/2025\/05\/IMG-20250513-WA0005-300x225.jpg\" alt=\"\" width=\"300\" height=\"225\" srcset=\"https:\/\/www.vfl-westercelle.de\/bou\/wp-content\/uploads\/sites\/28\/2025\/05\/IMG-20250513-WA0005-300x225.jpg 300w, https:\/\/www.vfl-westercelle.de\/bou\/wp-content\/uploads\/sites\/28\/2025\/05\/IMG-20250513-WA0005-1030x773.jpg 1030w, https:\/\/www.vfl-westercelle.de\/bou\/wp-content\/uploads\/sites\/28\/2025\/05\/IMG-20250513-WA0005-768x576.jpg 768w, https:\/\/www.vfl-westercelle.de\/bou\/wp-content\/uploads\/sites\/28\/2025\/05\/IMG-20250513-WA0005-1536x1152.jpg 1536w, https:\/\/www.vfl-westercelle.de\/bou\/wp-content\/uploads\/sites\/28\/2025\/05\/IMG-20250513-WA0005-1500x1125.jpg 1500w, https:\/\/www.vfl-westercelle.de\/bou\/wp-content\/uploads\/sites\/28\/2025\/05\/IMG-20250513-WA0005-705x529.jpg 705w, https:\/\/www.vfl-westercelle.de\/bou\/wp-content\/uploads\/sites\/28\/2025\/05\/IMG-20250513-WA0005.jpg 2048w\" sizes=\"auto, (max-width: 300px) 100vw, 300px\" \/><\/a><\/p>\n","protected":false},"excerpt":{"rendered":"<p>\u201eSommer, Sonne, Sonnenschein, das l\u00e4sst mich gl\u00fccklich sein\u201c \u2026.das h\u00e4tte angesichts des f\u00fcr Ende April nicht unbedingt nicht zu erwartenden guten Wetters das Motto des Tages sein k\u00f6nnen. Aber zum Equipment geh\u00f6rten zum Gl\u00fccklichsein an diesem Tag auch die \u201eBikes\u201c und (\u2026.das ist f\u00fcr Boulespieler nat\u00fcrlich anders sowieso undenkbar) auch die \u201eBoule-Kugeln\u201c dazu. Mit dieser <a class=\"read-more-link\" href=\"https:\/\/www.vfl-westercelle.de\/bou\/1620-2\/\">[&#8230; weiter]<\/a><\/p>\n","protected":false},"author":26,"featured_media":1633,"comment_status":"closed","ping_status":"closed","sticky":false,"template":"","format":"standard","meta":{"footnotes":""},"categories":[1],"tags":[],"class_list":["post-1620","post","type-post","status-publish","format-standard","has-post-thumbnail","hentry","category-boule"],"_links":{"self":[{"href":"https:\/\/www.vfl-westercelle.de\/bou\/wp-json\/wp\/v2\/posts\/1620","targetHints":{"allow":["GET"]}}],"collection":[{"href":"https:\/\/www.vfl-westercelle.de\/bou\/wp-json\/wp\/v2\/posts"}],"about":[{"href":"https:\/\/www.vfl-westercelle.de\/bou\/wp-json\/wp\/v2\/types\/post"}],"author":[{"embeddable":true,"href":"https:\/\/www.vfl-westercelle.de\/bou\/wp-json\/wp\/v2\/users\/26"}],"replies":[{"embeddable":true,"href":"https:\/\/www.vfl-westercelle.de\/bou\/wp-json\/wp\/v2\/comments?post=1620"}],"version-history":[{"count":3,"href":"https:\/\/www.vfl-westercelle.de\/bou\/wp-json\/wp\/v2\/posts\/1620\/revisions"}],"predecessor-version":[{"id":1647,"href":"https:\/\/www.vfl-westercelle.de\/bou\/wp-json\/wp\/v2\/posts\/1620\/revisions\/1647"}],"wp:featuredmedia":[{"embeddable":true,"href":"https:\/\/www.vfl-westercelle.de\/bou\/wp-json\/wp\/v2\/media\/1633"}],"wp:attachment":[{"href":"https:\/\/www.vfl-westercelle.de\/bou\/wp-json\/wp\/v2\/media?parent=1620"}],"wp:term":[{"taxonomy":"category","embeddable":true,"href":"https:\/\/www.vfl-westercelle.de\/bou\/wp-json\/wp\/v2\/categories?post=1620"},{"taxonomy":"post_tag","embeddable":true,"href":"https:\/\/www.vfl-westercelle.de\/bou\/wp-json\/wp\/v2\/tags?post=1620"}],"curies":[{"name":"wp","href":"https:\/\/api.w.org\/{rel}","templated":true}]}}