{"id":1912,"date":"2025-12-07T18:56:59","date_gmt":"2025-12-07T17:56:59","guid":{"rendered":"https:\/\/www.vfl-westercelle.de\/bou\/?p=1912"},"modified":"2025-12-07T18:57:10","modified_gmt":"2025-12-07T17:57:10","slug":"sanfter-jahresausklang-nach-einem-erfolgreichen-boulejahr-2025","status":"publish","type":"post","link":"https:\/\/www.vfl-westercelle.de\/bou\/sanfter-jahresausklang-nach-einem-erfolgreichen-boulejahr-2025\/","title":{"rendered":"Sanfter Jahresausklang nach einem erfolgreichen Boulejahr 2025"},"content":{"rendered":"<p>Das Jahr 2025 neigt sich dem Ende zu und wir blicken mit Stolz und Zufriedenheit auf eine Saison voller Erfolge im Boulesport zur\u00fcck. Unsere Teams haben sich zahlreichen Herausforderungen gestellt und konnten mehrfach ihre St\u00e4rke und ihren Zusammenhalt unter Beweis stellen.<\/p>\n<h4>Erfolge in der Bezirksliga<\/h4>\n<p>In der Bezirksliga konnten wir als Spielgemeinschaft Westercelle-Burgwedel einen hervorragenden dritten Platz erreichen. Dieses Ergebnis ist Ausdruck des starken Teamgeists und des Engagements aller Beteiligten. Zwar musste die 1. Mannschaft des VfL Westercelle leider wieder in die niedrigere Liga absteigen, doch \u00fcberwiegt die Freude \u00fcber den gemeinsamen Erfolg mit der Spielgemeinschaft und die positive Entwicklung im Verein insgesamt.<\/p>\n<h4>Weitere Auszeichnungen und Meisterschaften<\/h4>\n<p>Ein besonderes Highlight war der erste Platz in der Milchkannenliga, der unsere konstante Leistung und die gro\u00dfe Begeisterung f\u00fcr den Boulesport unterstreicht. Dar\u00fcber hinaus konnten wir mit der erfolgreichen Organisation der Boule-Stadtmeisterschaft das sportliche Jahr geb\u00fchrend abschlie\u00dfen. Diese Veranstaltung bildete den kr\u00f6nenden Abschluss eines insgesamt erfolgreichen Jahres, auf das wir alle stolz zur\u00fcckblicken k\u00f6nnen.<\/p>\n<h4>Ausblick auf das Jahr 2026<\/h4>\n<p>Die Ziele f\u00fcr das kommende Jahr 2026 sind bereits gesteckt: Auch in der n\u00e4chsten Saison wollen wir in der Bezirksliga und der Milchkannenliga an unsere bisherigen Erfolge ankn\u00fcpfen. Zudem streben wir eine rege Beteiligung und eine gelungene Organisation der Stadtmeisterschaft an. Eine neue Herausforderung stellt der Aufbau einer Jugendmannschaft dar, die unter der Leitung unseres ersten Spartenleiters und \u00dcbungsleiters Wilfried Dahms entstehen wird.<\/p>\n<h4>Gemeinsamer Jahresausklang<\/h4>\n<p>Den sanften Ausklang des Jahres feierten zahlreiche Mitglieder der Boule-Abteilung gemeinsam mit den bereits rekrutierten Jugendlichen am 2. Adventsonntag auf unserer von vielen ausw\u00e4rtigen und einheimischen Spielern gelobten Anlage im Boule-Park Boye. Bei Gl\u00fchwein und Geb\u00e4ck wurden viele anregende Gespr\u00e4che \u00fcber die vergangenen Begegnungen und spielerischen Raffinessen gef\u00fchrt. Die Boule-Sparte bleibt somit auch im kommenden Jahr ein zentraler Treffpunkt und Motor f\u00fcr sportliche Aktivit\u00e4ten und Gemeinschaft.<\/p>\n<p>&nbsp;<\/p>\n<p>Wilfried Dahms &#8211; Spartenleiter<\/p>\n","protected":false},"excerpt":{"rendered":"<p>Das Jahr 2025 neigt sich dem Ende zu und wir blicken mit Stolz und Zufriedenheit auf eine Saison voller Erfolge im Boulesport zur\u00fcck. Unsere Teams haben sich zahlreichen Herausforderungen gestellt und konnten mehrfach ihre St\u00e4rke und ihren Zusammenhalt unter Beweis stellen. Erfolge in der Bezirksliga In der Bezirksliga konnten wir als Spielgemeinschaft Westercelle-Burgwedel einen hervorragenden <a class=\"read-more-link\" href=\"https:\/\/www.vfl-westercelle.de\/bou\/sanfter-jahresausklang-nach-einem-erfolgreichen-boulejahr-2025\/\">[&#8230; weiter]<\/a><\/p>\n","protected":false},"author":26,"featured_media":1915,"comment_status":"closed","ping_status":"closed","sticky":false,"template":"","format":"standard","meta":{"footnotes":""},"categories":[1],"tags":[],"class_list":["post-1912","post","type-post","status-publish","format-standard","has-post-thumbnail","hentry","category-boule"],"_links":{"self":[{"href":"https:\/\/www.vfl-westercelle.de\/bou\/wp-json\/wp\/v2\/posts\/1912","targetHints":{"allow":["GET"]}}],"collection":[{"href":"https:\/\/www.vfl-westercelle.de\/bou\/wp-json\/wp\/v2\/posts"}],"about":[{"href":"https:\/\/www.vfl-westercelle.de\/bou\/wp-json\/wp\/v2\/types\/post"}],"author":[{"embeddable":true,"href":"https:\/\/www.vfl-westercelle.de\/bou\/wp-json\/wp\/v2\/users\/26"}],"replies":[{"embeddable":true,"href":"https:\/\/www.vfl-westercelle.de\/bou\/wp-json\/wp\/v2\/comments?post=1912"}],"version-history":[{"count":3,"href":"https:\/\/www.vfl-westercelle.de\/bou\/wp-json\/wp\/v2\/posts\/1912\/revisions"}],"predecessor-version":[{"id":1924,"href":"https:\/\/www.vfl-westercelle.de\/bou\/wp-json\/wp\/v2\/posts\/1912\/revisions\/1924"}],"wp:featuredmedia":[{"embeddable":true,"href":"https:\/\/www.vfl-westercelle.de\/bou\/wp-json\/wp\/v2\/media\/1915"}],"wp:attachment":[{"href":"https:\/\/www.vfl-westercelle.de\/bou\/wp-json\/wp\/v2\/media?parent=1912"}],"wp:term":[{"taxonomy":"category","embeddable":true,"href":"https:\/\/www.vfl-westercelle.de\/bou\/wp-json\/wp\/v2\/categories?post=1912"},{"taxonomy":"post_tag","embeddable":true,"href":"https:\/\/www.vfl-westercelle.de\/bou\/wp-json\/wp\/v2\/tags?post=1912"}],"curies":[{"name":"wp","href":"https:\/\/api.w.org\/{rel}","templated":true}]}}