{"id":214,"date":"2019-10-22T09:51:02","date_gmt":"2019-10-22T07:51:02","guid":{"rendered":"http:\/\/www.vfl-westercelle.de\/bou\/?p=214"},"modified":"2023-03-18T09:36:33","modified_gmt":"2023-03-18T08:36:33","slug":"erste-boule-saison-endet-mit-einem-abschlussturnier-auf-unserer-boule-anlage","status":"publish","type":"post","link":"https:\/\/www.vfl-westercelle.de\/bou\/erste-boule-saison-endet-mit-einem-abschlussturnier-auf-unserer-boule-anlage\/","title":{"rendered":"Erste Boule-Saison endet mit einem Abschlussturnier auf unserer Boule Anlage"},"content":{"rendered":"\n<p>Die erste Boule-Saison liegt hinter uns und es l\u00e4sst sich ein positives Fazit ziehen. Das neue Angebot des VfL-Westercelle erfreut sich zunehmender Beliebtheit. Es hat sich ein Stamm gebildet, der sich regelm\u00e4\u00dfig am Sonntagvormittag trifft. Geplant ist f\u00fcr die kommende Saison auch am Freitagnachmittag einen festen Termin einzurichten. Au\u00dferdem nutzen auch andere Sparten des VfL den Platz, die Tanzsparte sogar regelm\u00e4\u00dfig. Des Weiteren wurde der Platz f\u00fcr mehrere kleine Firmenevents genutzt.<\/p>\n\n\n\n<p>Zum Saisonabschlussturnier am 19.10. waren auch G\u00e4ste der Boule Gruppe aus Gro\u00dfburgwedel mit 3 Spielern vertreten. Insgesamt wurden 14 Teilnehmer in 7 Mannschaften mit jeweils 2 Spielern (Doublette) aufgeteilt.<\/p>\n\n\n\n<p>Vor Beginn des Turniers st\u00e4rkte man sich erst einmal mit Zwiebelkuchen. Nach anf\u00e4nglichen Tropfen riss der Himmel auf. So erlebten alle einen fr\u00f6hlichen Nachmittag auf unserer neuen Boule Anlage, bei dem mit sportlichem Ehrgeiz Taktiken entwickelt wurden, umso dem Schweinchen auf den Pelz zu r\u00fccken und den Gegner auszuspielen. Nach 3 Spielrunden konnte die Siegermannschaft ermittelt werden. Ein Abschlussessen rundete das gesellige und gelungene Boule Turnier ab.<\/p>\n\n\n\n<ul class=\"wp-block-gallery columns-3 is-cropped wp-block-gallery-1 is-layout-flex wp-block-gallery-is-layout-flex\"><li class=\"blocks-gallery-item\"><figure><img loading=\"lazy\" decoding=\"async\" width=\"773\" height=\"1030\" src=\"http:\/\/www.vfl-westercelle.de\/bou\/wp-content\/uploads\/sites\/28\/2019\/12\/20191019_141442_resized-773x1030.jpg\" alt=\"\" data-id=\"220\" data-link=\"http:\/\/www.vfl-westercelle.de\/bou\/20191019_141442_resized\/\" class=\"wp-image-220\" srcset=\"https:\/\/www.vfl-westercelle.de\/bou\/wp-content\/uploads\/sites\/28\/2019\/12\/20191019_141442_resized-773x1030.jpg 773w, https:\/\/www.vfl-westercelle.de\/bou\/wp-content\/uploads\/sites\/28\/2019\/12\/20191019_141442_resized-225x300.jpg 225w, https:\/\/www.vfl-westercelle.de\/bou\/wp-content\/uploads\/sites\/28\/2019\/12\/20191019_141442_resized-768x1024.jpg 768w, https:\/\/www.vfl-westercelle.de\/bou\/wp-content\/uploads\/sites\/28\/2019\/12\/20191019_141442_resized-1125x1500.jpg 1125w, https:\/\/www.vfl-westercelle.de\/bou\/wp-content\/uploads\/sites\/28\/2019\/12\/20191019_141442_resized-529x705.jpg 529w, https:\/\/www.vfl-westercelle.de\/bou\/wp-content\/uploads\/sites\/28\/2019\/12\/20191019_141442_resized-450x600.jpg 450w, https:\/\/www.vfl-westercelle.de\/bou\/wp-content\/uploads\/sites\/28\/2019\/12\/20191019_141442_resized.jpg 1512w\" sizes=\"auto, (max-width: 773px) 100vw, 773px\" \/><\/figure><\/li><li class=\"blocks-gallery-item\"><figure><img loading=\"lazy\" decoding=\"async\" width=\"773\" height=\"1030\" src=\"http:\/\/www.vfl-westercelle.de\/bou\/wp-content\/uploads\/sites\/28\/2019\/12\/20191019_141259_resized-773x1030.jpg\" alt=\"\" data-id=\"219\" data-link=\"http:\/\/www.vfl-westercelle.de\/bou\/20191019_141259_resized\/\" class=\"wp-image-219\" srcset=\"https:\/\/www.vfl-westercelle.de\/bou\/wp-content\/uploads\/sites\/28\/2019\/12\/20191019_141259_resized-773x1030.jpg 773w, https:\/\/www.vfl-westercelle.de\/bou\/wp-content\/uploads\/sites\/28\/2019\/12\/20191019_141259_resized-225x300.jpg 225w, https:\/\/www.vfl-westercelle.de\/bou\/wp-content\/uploads\/sites\/28\/2019\/12\/20191019_141259_resized-768x1024.jpg 768w, https:\/\/www.vfl-westercelle.de\/bou\/wp-content\/uploads\/sites\/28\/2019\/12\/20191019_141259_resized-1125x1500.jpg 1125w, https:\/\/www.vfl-westercelle.de\/bou\/wp-content\/uploads\/sites\/28\/2019\/12\/20191019_141259_resized-529x705.jpg 529w, https:\/\/www.vfl-westercelle.de\/bou\/wp-content\/uploads\/sites\/28\/2019\/12\/20191019_141259_resized-450x600.jpg 450w, https:\/\/www.vfl-westercelle.de\/bou\/wp-content\/uploads\/sites\/28\/2019\/12\/20191019_141259_resized.jpg 1512w\" sizes=\"auto, (max-width: 773px) 100vw, 773px\" \/><\/figure><\/li><li class=\"blocks-gallery-item\"><figure><img loading=\"lazy\" decoding=\"async\" width=\"1030\" height=\"773\" src=\"http:\/\/www.vfl-westercelle.de\/bou\/wp-content\/uploads\/sites\/28\/2019\/12\/20191019_141253_resized-1030x773.jpg\" alt=\"\" data-id=\"218\" data-link=\"http:\/\/www.vfl-westercelle.de\/bou\/20191019_141253_resized\/\" class=\"wp-image-218\" srcset=\"https:\/\/www.vfl-westercelle.de\/bou\/wp-content\/uploads\/sites\/28\/2019\/12\/20191019_141253_resized-1030x773.jpg 1030w, https:\/\/www.vfl-westercelle.de\/bou\/wp-content\/uploads\/sites\/28\/2019\/12\/20191019_141253_resized-300x225.jpg 300w, https:\/\/www.vfl-westercelle.de\/bou\/wp-content\/uploads\/sites\/28\/2019\/12\/20191019_141253_resized-768x576.jpg 768w, https:\/\/www.vfl-westercelle.de\/bou\/wp-content\/uploads\/sites\/28\/2019\/12\/20191019_141253_resized-1500x1125.jpg 1500w, https:\/\/www.vfl-westercelle.de\/bou\/wp-content\/uploads\/sites\/28\/2019\/12\/20191019_141253_resized-705x529.jpg 705w, https:\/\/www.vfl-westercelle.de\/bou\/wp-content\/uploads\/sites\/28\/2019\/12\/20191019_141253_resized-450x338.jpg 450w, https:\/\/www.vfl-westercelle.de\/bou\/wp-content\/uploads\/sites\/28\/2019\/12\/20191019_141253_resized.jpg 2016w\" sizes=\"auto, (max-width: 1030px) 100vw, 1030px\" \/><\/figure><\/li><li class=\"blocks-gallery-item\"><figure><img loading=\"lazy\" decoding=\"async\" width=\"1030\" height=\"773\" src=\"http:\/\/www.vfl-westercelle.de\/bou\/wp-content\/uploads\/sites\/28\/2019\/12\/20191019_141250_resized-1-1030x773.jpg\" alt=\"\" data-id=\"217\" data-link=\"http:\/\/www.vfl-westercelle.de\/bou\/20191019_141250_resized-2\/\" class=\"wp-image-217\" srcset=\"https:\/\/www.vfl-westercelle.de\/bou\/wp-content\/uploads\/sites\/28\/2019\/12\/20191019_141250_resized-1-1030x773.jpg 1030w, https:\/\/www.vfl-westercelle.de\/bou\/wp-content\/uploads\/sites\/28\/2019\/12\/20191019_141250_resized-1-300x225.jpg 300w, https:\/\/www.vfl-westercelle.de\/bou\/wp-content\/uploads\/sites\/28\/2019\/12\/20191019_141250_resized-1-768x576.jpg 768w, https:\/\/www.vfl-westercelle.de\/bou\/wp-content\/uploads\/sites\/28\/2019\/12\/20191019_141250_resized-1-1500x1125.jpg 1500w, https:\/\/www.vfl-westercelle.de\/bou\/wp-content\/uploads\/sites\/28\/2019\/12\/20191019_141250_resized-1-705x529.jpg 705w, https:\/\/www.vfl-westercelle.de\/bou\/wp-content\/uploads\/sites\/28\/2019\/12\/20191019_141250_resized-1-450x338.jpg 450w, https:\/\/www.vfl-westercelle.de\/bou\/wp-content\/uploads\/sites\/28\/2019\/12\/20191019_141250_resized-1.jpg 2016w\" sizes=\"auto, (max-width: 1030px) 100vw, 1030px\" \/><\/figure><\/li><li class=\"blocks-gallery-item\"><figure><img loading=\"lazy\" decoding=\"async\" width=\"773\" height=\"1030\" src=\"http:\/\/www.vfl-westercelle.de\/bou\/wp-content\/uploads\/sites\/28\/2019\/12\/20191019_141459_resized-773x1030.jpg\" alt=\"\" data-id=\"216\" data-link=\"http:\/\/www.vfl-westercelle.de\/bou\/20191019_141459_resized\/\" class=\"wp-image-216\" srcset=\"https:\/\/www.vfl-westercelle.de\/bou\/wp-content\/uploads\/sites\/28\/2019\/12\/20191019_141459_resized-773x1030.jpg 773w, https:\/\/www.vfl-westercelle.de\/bou\/wp-content\/uploads\/sites\/28\/2019\/12\/20191019_141459_resized-225x300.jpg 225w, https:\/\/www.vfl-westercelle.de\/bou\/wp-content\/uploads\/sites\/28\/2019\/12\/20191019_141459_resized-768x1024.jpg 768w, https:\/\/www.vfl-westercelle.de\/bou\/wp-content\/uploads\/sites\/28\/2019\/12\/20191019_141459_resized-1125x1500.jpg 1125w, https:\/\/www.vfl-westercelle.de\/bou\/wp-content\/uploads\/sites\/28\/2019\/12\/20191019_141459_resized-529x705.jpg 529w, https:\/\/www.vfl-westercelle.de\/bou\/wp-content\/uploads\/sites\/28\/2019\/12\/20191019_141459_resized-450x600.jpg 450w, https:\/\/www.vfl-westercelle.de\/bou\/wp-content\/uploads\/sites\/28\/2019\/12\/20191019_141459_resized.jpg 1512w\" sizes=\"auto, (max-width: 773px) 100vw, 773px\" \/><\/figure><\/li><\/ul>\n","protected":false},"excerpt":{"rendered":"<p>Die erste Boule-Saison liegt hinter uns und es l\u00e4sst sich ein positives Fazit ziehen. Das neue Angebot des VfL-Westercelle erfreut sich zunehmender Beliebtheit. Es hat sich ein Stamm gebildet, der sich regelm\u00e4\u00dfig am Sonntagvormittag trifft. Geplant ist f\u00fcr die kommende Saison auch am Freitagnachmittag einen festen Termin einzurichten. Au\u00dferdem nutzen auch andere Sparten des VfL <a class=\"read-more-link\" href=\"https:\/\/www.vfl-westercelle.de\/bou\/erste-boule-saison-endet-mit-einem-abschlussturnier-auf-unserer-boule-anlage\/\">[&#8230; weiter]<\/a><\/p>\n","protected":false},"author":25,"featured_media":217,"comment_status":"closed","ping_status":"open","sticky":false,"template":"","format":"standard","meta":{"footnotes":""},"categories":[1],"tags":[],"class_list":["post-214","post","type-post","status-publish","format-standard","has-post-thumbnail","hentry","category-boule"],"_links":{"self":[{"href":"https:\/\/www.vfl-westercelle.de\/bou\/wp-json\/wp\/v2\/posts\/214","targetHints":{"allow":["GET"]}}],"collection":[{"href":"https:\/\/www.vfl-westercelle.de\/bou\/wp-json\/wp\/v2\/posts"}],"about":[{"href":"https:\/\/www.vfl-westercelle.de\/bou\/wp-json\/wp\/v2\/types\/post"}],"author":[{"embeddable":true,"href":"https:\/\/www.vfl-westercelle.de\/bou\/wp-json\/wp\/v2\/users\/25"}],"replies":[{"embeddable":true,"href":"https:\/\/www.vfl-westercelle.de\/bou\/wp-json\/wp\/v2\/comments?post=214"}],"version-history":[{"count":1,"href":"https:\/\/www.vfl-westercelle.de\/bou\/wp-json\/wp\/v2\/posts\/214\/revisions"}],"predecessor-version":[{"id":221,"href":"https:\/\/www.vfl-westercelle.de\/bou\/wp-json\/wp\/v2\/posts\/214\/revisions\/221"}],"wp:featuredmedia":[{"embeddable":true,"href":"https:\/\/www.vfl-westercelle.de\/bou\/wp-json\/wp\/v2\/media\/217"}],"wp:attachment":[{"href":"https:\/\/www.vfl-westercelle.de\/bou\/wp-json\/wp\/v2\/media?parent=214"}],"wp:term":[{"taxonomy":"category","embeddable":true,"href":"https:\/\/www.vfl-westercelle.de\/bou\/wp-json\/wp\/v2\/categories?post=214"},{"taxonomy":"post_tag","embeddable":true,"href":"https:\/\/www.vfl-westercelle.de\/bou\/wp-json\/wp\/v2\/tags?post=214"}],"curies":[{"name":"wp","href":"https:\/\/api.w.org\/{rel}","templated":true}]}}