{"id":828,"date":"2022-11-17T08:22:21","date_gmt":"2022-11-17T07:22:21","guid":{"rendered":"https:\/\/www.vfl-westercelle.de\/bou\/?p=828"},"modified":"2023-03-18T09:36:32","modified_gmt":"2023-03-18T08:36:32","slug":"boule-bike","status":"publish","type":"post","link":"https:\/\/www.vfl-westercelle.de\/bou\/boule-bike\/","title":{"rendered":"Boule &amp; Bike"},"content":{"rendered":"<section  class='av_textblock_section av-lakqve6p-c48ab03d7b715845d3db4ded6ff94896 '   itemscope=\"itemscope\" itemtype=\"https:\/\/schema.org\/BlogPosting\" itemprop=\"blogPost\" ><div class='avia_textblock'  itemprop=\"text\" ><p><strong>B.B.<\/strong><\/p>\n<p><strong>Die beiden Buchstaben l\u00f6sen bei \u00c4lteren wom\u00f6glich die Assoziation \u201eBrigitte Bardot\u201c aus, J\u00fcngere denken vielleicht eher an \u201eBed and Breakfast\u201c, f\u00fcr die\u00a0\u00a0 Boule-Freundinnen und Boule-Freunde des VfL Westercelle bedeuten diese aber: Es ist wieder soweit, \u201eBoule &amp; Bike\u201c steht auf dem Terminzettel. So starteten am 6.11. \u2013 diesmal von der neuen Boule-Anlage in Boye \u2013 15 Mitglieder der Sparte zu ihrer nun schon vierten Tour in diesem Jahr. Und diese war sicher die sch\u00f6nste: Von Boye ging es entlang an Feldern und Wiesen \u2013 ges\u00e4umt von herbstlichen B\u00e4umen in wunderbaren Farben \u2013 bis nach Stedden. Trotz anfangs doch recht niedriger Temperaturen schuf der Sonnenschein eine heitere Atmosph\u00e4re, die die Beteiligten sicht- und h\u00f6rbar genossen. Das gemeinsame Fahrradfahren erlaubte viele Gespr\u00e4che, je nachdem, neben wem man gerade fuhr.\u00a0 Bei Stedden erfolgte dann die erste Boule-Runde in dem recht unwegsamen Gel\u00e4nde. Der z.T. steinige, z.T. sandige, zudem noch unebene Untergrund f\u00fchrte dazu, dass die geworfenen Kugeln die tollsten Eskapaden vollzogen. So manches Mal war lautes Gel\u00e4chter ob dieser Umst\u00e4nde die Folge. Gegen Mittag traten die Petanque-Begeisterten den wieder wundersch\u00f6nen R\u00fcckweg entlang der Aller an, Ziel war das Restaurant \u201eMediterrano\u201c in Boye. Auch das vergleichsweise gute Essen passte zu dem gelungenen Ausflug der bunten Gesellschaft. Im Anschluss daran zeigte sich mal wieder, welch unterschiedliche Charaktere sich zu dieser Sportart zusammenfinden: Die n\u00e4chsten Pl\u00e4ne der Sparte wurden lebhaft und durchaus kontrovers diskutiert, letztlich mit einer konstruktiven L\u00f6sung. Zum Abschluss des Tages ging es quer \u00fcber die Stra\u00dfe zum Ausgangspunkt der Veranstaltung. Im Boulepark in Boye wurden noch einmal einige Spiele gespielt, Kaffee getrunken und Kekse gegessen. Jeder, der in Zukunft selbst einmal bei \u201eBoule &amp; Bike\u201c dabei sein will, ist herzlich willkommen. Einfach vorbeischauen, trainiert wird auf dem Platz in Westercelle immer freitags ab 15.00 und sonntags ab 10.30 Uhr.<\/strong><\/p>\n<p><strong>Andreas Brundiers<\/strong><\/p>\n<\/div><\/section>\n","protected":false},"excerpt":{"rendered":"","protected":false},"author":25,"featured_media":679,"comment_status":"closed","ping_status":"open","sticky":false,"template":"","format":"standard","meta":{"footnotes":""},"categories":[1],"tags":[],"class_list":["post-828","post","type-post","status-publish","format-standard","has-post-thumbnail","hentry","category-boule"],"_links":{"self":[{"href":"https:\/\/www.vfl-westercelle.de\/bou\/wp-json\/wp\/v2\/posts\/828","targetHints":{"allow":["GET"]}}],"collection":[{"href":"https:\/\/www.vfl-westercelle.de\/bou\/wp-json\/wp\/v2\/posts"}],"about":[{"href":"https:\/\/www.vfl-westercelle.de\/bou\/wp-json\/wp\/v2\/types\/post"}],"author":[{"embeddable":true,"href":"https:\/\/www.vfl-westercelle.de\/bou\/wp-json\/wp\/v2\/users\/25"}],"replies":[{"embeddable":true,"href":"https:\/\/www.vfl-westercelle.de\/bou\/wp-json\/wp\/v2\/comments?post=828"}],"version-history":[{"count":3,"href":"https:\/\/www.vfl-westercelle.de\/bou\/wp-json\/wp\/v2\/posts\/828\/revisions"}],"predecessor-version":[{"id":830,"href":"https:\/\/www.vfl-westercelle.de\/bou\/wp-json\/wp\/v2\/posts\/828\/revisions\/830"}],"wp:featuredmedia":[{"embeddable":true,"href":"https:\/\/www.vfl-westercelle.de\/bou\/wp-json\/wp\/v2\/media\/679"}],"wp:attachment":[{"href":"https:\/\/www.vfl-westercelle.de\/bou\/wp-json\/wp\/v2\/media?parent=828"}],"wp:term":[{"taxonomy":"category","embeddable":true,"href":"https:\/\/www.vfl-westercelle.de\/bou\/wp-json\/wp\/v2\/categories?post=828"},{"taxonomy":"post_tag","embeddable":true,"href":"https:\/\/www.vfl-westercelle.de\/bou\/wp-json\/wp\/v2\/tags?post=828"}],"curies":[{"name":"wp","href":"https:\/\/api.w.org\/{rel}","templated":true}]}}