{"id":10685,"date":"2019-08-20T17:40:50","date_gmt":"2019-08-20T15:40:50","guid":{"rendered":"http:\/\/www.vfl-westercelle.de\/fb\/?p=10685"},"modified":"2021-11-11T07:15:22","modified_gmt":"2021-11-11T06:15:22","slug":"spatenstich-fuer-ersten-fussball-kunstrasenplatzes-in-celle","status":"publish","type":"post","link":"https:\/\/www.vfl-westercelle.de\/fb\/spatenstich-fuer-ersten-fussball-kunstrasenplatzes-in-celle\/","title":{"rendered":"Spatenstich f\u00fcr ersten Fu\u00dfball-Kunstrasenplatzes in Celle"},"content":{"rendered":"\n<p>Die Bagger rollen \u2013 ein zentraler Punkt des Sportentwicklungsplans der\nStadt Celle wird Realit\u00e4t: In Westercelle wird seit Anfang August der erste\nFu\u00dfball-Kunstrasenplatz im Kreisgebiet gebaut. Noch in diesem Jahr sollen die\nersten Trainingseinheiten und Spiele auf dem Gro\u00dffeld mit Flutlichtanlage\nausgetragen werden. Am Dienstag, 20. August, wurde der Bau mit dem symbolischen\nSpartenstich offiziell begonnen. Dabei griffen Celles Oberb\u00fcrgermeister Dr.\nJ\u00f6rg Nigge, Landrat Klaus Wiswe, der Vorstandsvorsitzende der Sparkasse Celle,\nStefan Gratzfeld, und der Vorsitzendes des Kreissportbundes Celle, Hartmut\nOstermann, sowie die Verantwortlichen des VfL Westercelle, der 1.Vorsitzende\nHarald Nowatschin, Fu\u00dfball-Spartenleiter Christopher Menge, Projektleiter Hans\nWeger und Veranstaltungskoordinator Sebastian Paschke selbst zum Spaten.<\/p>\n\n\n\n<p>Nowatschin dankte den Zuschussgebern f\u00fcr ihre finanzielle\nUnterst\u00fctzung. Der VfL muss dank der positiven Zuschussbescheide \u201enur\u201c den\nEigenanteil von 25 Prozent finanzieren. Bei einer Summe von \u00fcber 800.000 Euro\naber auch ein gro\u00dfer Brocken f\u00fcr einen ehrenamtlich gef\u00fchrten Sportverein.<\/p>\n\n\n\n<p>\u00dcber verschiedene Aktionen hat der VfL Westercelle daher immer wieder Geld f\u00fcr das einmalige Projekt im Landkreis Celle gesammelt. Nach der Saisoner\u00f6ffnung im August 2018 wurden beim Spendenlauf im September der Grundstein f\u00fcr die Finanzierung gelegt. Anschlie\u00dfend wurden beim Oktoberfest Spenden gesammelt. Im April veranstaltete der VfL dann ein Benefiz-Konzert mit der Band Lady Sunshine &amp; The Candy Kisses im Westerceller Lindenhof, parallel wurden Parzellen auf einem virtuellen Kunstrasenplatz und Lose bei einer Tombola verkauft. <em>\u201eWas hier in den vergangenen Monaten ehrenamtlich auf die Beine gestellt wurde, ist au\u00dfergew\u00f6hnlich\u201c<\/em>, sagte Fu\u00dfball-Spartenleiter Christopher Menge.<\/p>\n\n\n\n<p>Weger erg\u00e4nzte, dass bisher \u00fcber 55.000 Euro zusammengekommen seien. <em>\u201eWir sind zuversichtlich, dass sich weitere Spender und Sponsoren finden\u201c<\/em>, so der Projektleiter. Der restliche Betrag werde wie geplant \u00fcber einen Kredit bei der Sparkasse Celle gedeckt. Dieser wird \u00fcber die Mitglieder der Fu\u00dfball-Abteilung finanziert. Bei der Spartenversammlung im Januar hatten die anwesenden Mitglieder eine Erh\u00f6hung des Beitrages um drei Euro pro Monat zur Finanzierung des Kunstrasenplatzes einstimmig beschlossen.<\/p>\n\n\n\n<p>Nachdem auch die Stadt und der Landkreis nach den positiven Beschl\u00fcssen des Celler Stadtrates und des Kreistages sowie die Regionalstiftung der nieders\u00e4chsischen Sparkassen und der Landessportbund einen F\u00f6rderbescheid an den VfL Westercelle verschickt hatten, stand dem Bau nichts mehr im Wege. Insgesamt stehen f\u00fcr den Bau von Celles erstem Fu\u00dfball-Kunstrasenplatz F\u00f6rdermittel von 589.000 Euro zu Verf\u00fcgung. 100.000 Euro davon kommen aus dem Sportst\u00e4tten-Sanierungsprogramm des Landes Niedersachsen. Der VfL Westercelle muss gut 210.000 Euro aufbringen.<\/p>\n\n\n\n<p><em>\u201eWir sind sehr dankbar f\u00fcr die Unterst\u00fctzung, die wir erhalten\u201c<\/em>, sagt Westercelles Fu\u00dfball-Spartenleiter Christopher Menge, der auch die Zusammenarbeit mit der Stadtverwaltung lobt. <em>\u201eBei der Baugenehmigung wurde das Projekt zwar kritisch unter die Lupe genommen, aber die Zusammenarbeit war sehr konstruktiv\u201c<\/em>, so Menge.<\/p>\n\n\n\n<p>Da der Westerceller Sportplatz im HQ100-Gebiet liegt, wurde bei der Planung gleich auf Quarzsand zur Verf\u00fcllung gesetzt. Von den m\u00f6glichen Pl\u00e4nen der EU, Granulat auf Kunstrasenpl\u00e4tzen zu verbieten, ist der neue Platz also nicht betroffen.<\/p>\n\n\n\n<p>Die Ausschreibung, die vom beauftragten Architekten Dieter Grundmann\ndurchgef\u00fchrt wurde, hat die Firma T\u00f6lner aus Eldingen gewonnen, somit baut ein\nUnternehmen aus der Region Celles ersten Fu\u00dfball-Kunstrasenplatz.<\/p>\n\n\n\n<p>Text: Christopher Menge<br>Foto: David Borghoff<\/p>\n","protected":false},"excerpt":{"rendered":"<p>Die Bagger rollen \u2013 ein zentraler Punkt des Sportentwicklungsplans der Stadt Celle wird Realit\u00e4t: In Westercelle wird seit Anfang August der erste Fu\u00dfball-Kunstrasenplatz im Kreisgebiet gebaut. Noch in diesem Jahr sollen die ersten Trainingseinheiten und Spiele auf dem Gro\u00dffeld mit Flutlichtanlage ausgetragen werden. Am Dienstag, 20. August, wurde der Bau mit dem symbolischen Spartenstich offiziell <a class=\"read-more-link\" href=\"https:\/\/www.vfl-westercelle.de\/fb\/spatenstich-fuer-ersten-fussball-kunstrasenplatzes-in-celle\/\">[&#8230; weiterlesen]<\/a><\/p>\n","protected":false},"author":9,"featured_media":10686,"comment_status":"closed","ping_status":"closed","sticky":false,"template":"","format":"standard","meta":{"footnotes":""},"categories":[17],"tags":[460,391,264],"class_list":["post-10685","post","type-post","status-publish","format-standard","has-post-thumbnail","hentry","category-fussball","tag-baumassnahme","tag-foerderverein","tag-kunstrasen"],"_links":{"self":[{"href":"https:\/\/www.vfl-westercelle.de\/fb\/wp-json\/wp\/v2\/posts\/10685","targetHints":{"allow":["GET"]}}],"collection":[{"href":"https:\/\/www.vfl-westercelle.de\/fb\/wp-json\/wp\/v2\/posts"}],"about":[{"href":"https:\/\/www.vfl-westercelle.de\/fb\/wp-json\/wp\/v2\/types\/post"}],"author":[{"embeddable":true,"href":"https:\/\/www.vfl-westercelle.de\/fb\/wp-json\/wp\/v2\/users\/9"}],"replies":[{"embeddable":true,"href":"https:\/\/www.vfl-westercelle.de\/fb\/wp-json\/wp\/v2\/comments?post=10685"}],"version-history":[{"count":2,"href":"https:\/\/www.vfl-westercelle.de\/fb\/wp-json\/wp\/v2\/posts\/10685\/revisions"}],"predecessor-version":[{"id":10690,"href":"https:\/\/www.vfl-westercelle.de\/fb\/wp-json\/wp\/v2\/posts\/10685\/revisions\/10690"}],"wp:featuredmedia":[{"embeddable":true,"href":"https:\/\/www.vfl-westercelle.de\/fb\/wp-json\/wp\/v2\/media\/10686"}],"wp:attachment":[{"href":"https:\/\/www.vfl-westercelle.de\/fb\/wp-json\/wp\/v2\/media?parent=10685"}],"wp:term":[{"taxonomy":"category","embeddable":true,"href":"https:\/\/www.vfl-westercelle.de\/fb\/wp-json\/wp\/v2\/categories?post=10685"},{"taxonomy":"post_tag","embeddable":true,"href":"https:\/\/www.vfl-westercelle.de\/fb\/wp-json\/wp\/v2\/tags?post=10685"}],"curies":[{"name":"wp","href":"https:\/\/api.w.org\/{rel}","templated":true}]}}