{"id":11168,"date":"2019-11-17T21:16:17","date_gmt":"2019-11-17T20:16:17","guid":{"rendered":"http:\/\/www.vfl-westercelle.de\/fb\/?p=11168"},"modified":"2020-01-01T22:44:59","modified_gmt":"2020-01-01T21:44:59","slug":"westerceller-hallenteams-jagen-eine-neue-bestmarke","status":"publish","type":"post","link":"https:\/\/www.vfl-westercelle.de\/fb\/westerceller-hallenteams-jagen-eine-neue-bestmarke\/","title":{"rendered":"Westerceller Hallenteams jagen eine neue Bestmarke"},"content":{"rendered":"\n<p>W\u00e4hrend die Herren und \u00e4ltere Jugendmannschaften den\n\u00dcbergang vom sonnigen Herbst zum kalten Winter noch auf dem gr\u00fcnen Rasen\nhautnah miterleben, zeigen einige Jugendmannschaften schon auf dem Parkett der\nSporthallen ihr K\u00f6nnen. Winterzeit ist Hallenfu\u00dfballzeit \u2013 beim VfL zudem meist\neine sehr erfolgreiche. Auch in dieser Saison stehen Staffelsiege,\nKreismeistertitel und gro\u00dfe Turniere auf dem Plan der schwarz-gelben\nMannschaften.<\/p>\n\n\n\n<p>Mit 29 Teams in 13 verschiedenen Altersklassen sind die\nWesterceller diese Spielzeit in den Sporthallen des Landkreises vertreten, um\ndie erfolgreiche Bilanz des letzten Jahres auf den Pr\u00fcfstand zu stellen. Als\neinziger Verein war der VfL bei jeder der ausgespielten Endrunden um die\nKreismeisterschaft vertreten. Am Ende standen acht Medaillen auf der\nHabenseite, unter anderem vier Kreismeistertitel.<\/p>\n\n\n\n<p>Als erfolgreichste Mannschaft zeichnete sich die U19 nicht\nnur als Kreismeister, sondern auch als Bezirksmeister aus und erk\u00e4mpfte sich\nbei der Niedersachsenmeisterschaft einen guten vierten Platz. Als \u00e4lteste\nMannschaft steigt diese Saison die U18 mit zwei Teams in den Ring \u2013 vielleicht\nauch, um sich am Ende mit den besten Teams Niedersachsens zu messen. <\/p>\n\n\n\n<p>Ab Ende November ist der Fokus f\u00fcr Mannschaften von der U7\nbis zur U18 auf die Halle gerichtet \u2013 w\u00e4hrend die \u00c4lteren noch etwas l\u00e4nger drau\u00dfen\nauf dem Rasen frieren m\u00fcssen.<\/p>\n","protected":false},"excerpt":{"rendered":"<p>W\u00e4hrend die Herren und \u00e4ltere Jugendmannschaften den \u00dcbergang vom sonnigen Herbst zum kalten Winter noch auf dem gr\u00fcnen Rasen hautnah miterleben, zeigen einige Jugendmannschaften schon auf dem Parkett der Sporthallen ihr K\u00f6nnen. Winterzeit ist Hallenfu\u00dfballzeit \u2013 beim VfL zudem meist eine sehr erfolgreiche. Auch in dieser Saison stehen Staffelsiege, Kreismeistertitel und gro\u00dfe Turniere auf dem <a class=\"read-more-link\" href=\"https:\/\/www.vfl-westercelle.de\/fb\/westerceller-hallenteams-jagen-eine-neue-bestmarke\/\">[&#8230; weiterlesen]<\/a><\/p>\n","protected":false},"author":9,"featured_media":8491,"comment_status":"closed","ping_status":"closed","sticky":false,"template":"","format":"standard","meta":{"footnotes":""},"categories":[17],"tags":[],"class_list":["post-11168","post","type-post","status-publish","format-standard","has-post-thumbnail","hentry","category-fussball"],"_links":{"self":[{"href":"https:\/\/www.vfl-westercelle.de\/fb\/wp-json\/wp\/v2\/posts\/11168","targetHints":{"allow":["GET"]}}],"collection":[{"href":"https:\/\/www.vfl-westercelle.de\/fb\/wp-json\/wp\/v2\/posts"}],"about":[{"href":"https:\/\/www.vfl-westercelle.de\/fb\/wp-json\/wp\/v2\/types\/post"}],"author":[{"embeddable":true,"href":"https:\/\/www.vfl-westercelle.de\/fb\/wp-json\/wp\/v2\/users\/9"}],"replies":[{"embeddable":true,"href":"https:\/\/www.vfl-westercelle.de\/fb\/wp-json\/wp\/v2\/comments?post=11168"}],"version-history":[{"count":1,"href":"https:\/\/www.vfl-westercelle.de\/fb\/wp-json\/wp\/v2\/posts\/11168\/revisions"}],"predecessor-version":[{"id":11169,"href":"https:\/\/www.vfl-westercelle.de\/fb\/wp-json\/wp\/v2\/posts\/11168\/revisions\/11169"}],"wp:featuredmedia":[{"embeddable":true,"href":"https:\/\/www.vfl-westercelle.de\/fb\/wp-json\/wp\/v2\/media\/8491"}],"wp:attachment":[{"href":"https:\/\/www.vfl-westercelle.de\/fb\/wp-json\/wp\/v2\/media?parent=11168"}],"wp:term":[{"taxonomy":"category","embeddable":true,"href":"https:\/\/www.vfl-westercelle.de\/fb\/wp-json\/wp\/v2\/categories?post=11168"},{"taxonomy":"post_tag","embeddable":true,"href":"https:\/\/www.vfl-westercelle.de\/fb\/wp-json\/wp\/v2\/tags?post=11168"}],"curies":[{"name":"wp","href":"https:\/\/api.w.org\/{rel}","templated":true}]}}