{"id":11243,"date":"2019-12-10T16:12:58","date_gmt":"2019-12-10T15:12:58","guid":{"rendered":"http:\/\/www.vfl-westercelle.de\/fb\/?p=11243"},"modified":"2020-02-17T18:02:09","modified_gmt":"2020-02-17T17:02:09","slug":"ball-rollt-bei-kicken-gegen-rechts-erstmals-auf-neuem-kunstrasenplatz","status":"publish","type":"post","link":"https:\/\/www.vfl-westercelle.de\/fb\/ball-rollt-bei-kicken-gegen-rechts-erstmals-auf-neuem-kunstrasenplatz\/","title":{"rendered":"Ball rollt bei Kicken gegen Rechts erstmals auf neuem Kunstrasenplatz"},"content":{"rendered":"\n<p>Sie sind die Ersten, die auf dem neuen Kunstrasenplatz in Westercelle kicken d\u00fcrfen \u2013 alle Kinder, die am 20.12 gemeinsam mit dem VfL Westercelle ein Zeichen gegen Rechtsextremismus setzen wollen. Im Rahmen des Projektes \u201eKicken gegen Rechts \u2013 ein Kunstrasenplatz f\u00fcr alle\u201c rollt auf der Sportanlage des VfL Westercelle an der Wilhelm-Hasselmann-Stra\u00dfe von 16 bis 17:30 Uhr der Ball auf dem neuen Gel\u00e4uf. Kinder im Alter von sechs bis zw\u00f6lf Jahren kommen dabei in den Genuss, den neuen Platz einzuweihen.<\/p>\n\n\n\n<p>Die Kinder k\u00f6nnen sich beim gemeinsan Fu\u00dfball spielen kennenlernen und Spa\u00df haben. F\u00fcr die ersten 100 Teilnehmer gibt es in Form eines T-Shirts ein Geschenk. <em>\u201eWir m\u00f6chten ein Zeichen gegen Diskriminierung setzen und ein Gemeinschaftsgef\u00fchl erzeugen\u201c<\/em>, nennt Westercelles Fu\u00dfball-Abteilungsleiter Christopher Menge die Ziele des Projekts. Doch das Engagement des Vereins soll laut des Spartenleiters \u00fcber den Aktionstag hinausgehen. Am Kunstrasenplatz werden Banden mit Slogans angebracht, die sich deutlich gegen Rechtsextremismus stellen. &#8222;Love Football &#8211; Hate Racism&#8220; hei\u00dft es nicht nur beim ersten Kick auf dem neuen Kunstrasenplatz, sondern bei jedem Training oder Spiel auf der neuen Sportanlage. Die offizielle Er\u00f6ffnung des Kunstrasenplatzes ist f\u00fcr Anfang 2020 geplant. Auf dem Rasen darf mit normalen Fu\u00dfballschuhen gespielt werden. Nur Schraub- beziehungsweise Eisenstollen sind verboten.<\/p>\n\n\n\n<figure class=\"wp-block-image\"><img loading=\"lazy\" decoding=\"async\" width=\"1030\" height=\"241\" src=\"https:\/\/www.vfl-westercelle.de\/fb\/wp-content\/uploads\/sites\/3\/2019\/12\/Demokratie-leben-1030x241.png\" alt=\"\" class=\"wp-image-11244\" srcset=\"https:\/\/www.vfl-westercelle.de\/fb\/wp-content\/uploads\/sites\/3\/2019\/12\/Demokratie-leben-1030x241.png 1030w, https:\/\/www.vfl-westercelle.de\/fb\/wp-content\/uploads\/sites\/3\/2019\/12\/Demokratie-leben-300x70.png 300w, https:\/\/www.vfl-westercelle.de\/fb\/wp-content\/uploads\/sites\/3\/2019\/12\/Demokratie-leben-768x180.png 768w, https:\/\/www.vfl-westercelle.de\/fb\/wp-content\/uploads\/sites\/3\/2019\/12\/Demokratie-leben-705x165.png 705w, https:\/\/www.vfl-westercelle.de\/fb\/wp-content\/uploads\/sites\/3\/2019\/12\/Demokratie-leben-450x105.png 450w, https:\/\/www.vfl-westercelle.de\/fb\/wp-content\/uploads\/sites\/3\/2019\/12\/Demokratie-leben-128x30.png 128w, https:\/\/www.vfl-westercelle.de\/fb\/wp-content\/uploads\/sites\/3\/2019\/12\/Demokratie-leben-32x7.png 32w, https:\/\/www.vfl-westercelle.de\/fb\/wp-content\/uploads\/sites\/3\/2019\/12\/Demokratie-leben.png 1275w\" sizes=\"auto, (max-width: 1030px) 100vw, 1030px\" \/><\/figure>\n\n\n\n<p> Das Projekt wird gef\u00f6rdert vom Bundesministerium f\u00fcr Familie, Senioren, Frauen und Jugend im Rahmen des Bundesprogramms \u201eDemokratie leben!\u201c. Zudem unterst\u00fctzt die Sparkasse Celle-Gifhorn-Wolfsburg die Veranstaltung. Die Organisatoren freuen sich auf viele Besucher unterschiedlichster Kulturen, die ein Zeichen gegen Fremdenhass, Rechtsextremismus und Diskriminierung setzen m\u00f6chten.<\/p>\n\n\n\n<p>Text: Christopher Menge<br>Bild: Harald Nowatschin<\/p>\n","protected":false},"excerpt":{"rendered":"<p>Sie sind die Ersten, die auf dem neuen Kunstrasenplatz in Westercelle kicken d\u00fcrfen \u2013 alle Kinder, die am 20.12 gemeinsam mit dem VfL Westercelle ein Zeichen gegen Rechtsextremismus setzen wollen. Im Rahmen des Projektes \u201eKicken gegen Rechts \u2013 ein Kunstrasenplatz f\u00fcr alle\u201c rollt auf der Sportanlage des VfL Westercelle an der Wilhelm-Hasselmann-Stra\u00dfe von 16 bis <a class=\"read-more-link\" href=\"https:\/\/www.vfl-westercelle.de\/fb\/ball-rollt-bei-kicken-gegen-rechts-erstmals-auf-neuem-kunstrasenplatz\/\">[&#8230; weiterlesen]<\/a><\/p>\n","protected":false},"author":9,"featured_media":11246,"comment_status":"closed","ping_status":"closed","sticky":false,"template":"","format":"standard","meta":{"footnotes":""},"categories":[17],"tags":[391,217,264],"class_list":["post-11243","post","type-post","status-publish","format-standard","has-post-thumbnail","hentry","category-fussball","tag-foerderverein","tag-kicken-gegen-rechts","tag-kunstrasen"],"_links":{"self":[{"href":"https:\/\/www.vfl-westercelle.de\/fb\/wp-json\/wp\/v2\/posts\/11243","targetHints":{"allow":["GET"]}}],"collection":[{"href":"https:\/\/www.vfl-westercelle.de\/fb\/wp-json\/wp\/v2\/posts"}],"about":[{"href":"https:\/\/www.vfl-westercelle.de\/fb\/wp-json\/wp\/v2\/types\/post"}],"author":[{"embeddable":true,"href":"https:\/\/www.vfl-westercelle.de\/fb\/wp-json\/wp\/v2\/users\/9"}],"replies":[{"embeddable":true,"href":"https:\/\/www.vfl-westercelle.de\/fb\/wp-json\/wp\/v2\/comments?post=11243"}],"version-history":[{"count":3,"href":"https:\/\/www.vfl-westercelle.de\/fb\/wp-json\/wp\/v2\/posts\/11243\/revisions"}],"predecessor-version":[{"id":11248,"href":"https:\/\/www.vfl-westercelle.de\/fb\/wp-json\/wp\/v2\/posts\/11243\/revisions\/11248"}],"wp:featuredmedia":[{"embeddable":true,"href":"https:\/\/www.vfl-westercelle.de\/fb\/wp-json\/wp\/v2\/media\/11246"}],"wp:attachment":[{"href":"https:\/\/www.vfl-westercelle.de\/fb\/wp-json\/wp\/v2\/media?parent=11243"}],"wp:term":[{"taxonomy":"category","embeddable":true,"href":"https:\/\/www.vfl-westercelle.de\/fb\/wp-json\/wp\/v2\/categories?post=11243"},{"taxonomy":"post_tag","embeddable":true,"href":"https:\/\/www.vfl-westercelle.de\/fb\/wp-json\/wp\/v2\/tags?post=11243"}],"curies":[{"name":"wp","href":"https:\/\/api.w.org\/{rel}","templated":true}]}}