{"id":11834,"date":"2020-02-24T12:24:32","date_gmt":"2020-02-24T11:24:32","guid":{"rendered":"http:\/\/www.vfl-westercelle.de\/fb\/?p=11834"},"modified":"2020-09-03T20:40:33","modified_gmt":"2020-09-03T18:40:33","slug":"eindruecke-aus-kenia","status":"publish","type":"post","link":"https:\/\/www.vfl-westercelle.de\/fb\/eindruecke-aus-kenia\/","title":{"rendered":"Eindr\u00fccke aus Kenia"},"content":{"rendered":"\n<p>Unser \u00e4ltester aktiver Schiedsrichter Jochen Borken befindet sich derzeit auf Urlaub in Kenia. <\/p>\n\n\n\n<figure class=\"wp-block-image size-large\"><img loading=\"lazy\" decoding=\"async\" width=\"1030\" height=\"817\" src=\"http:\/\/www.vfl-westercelle.de\/fb\/wp-content\/uploads\/sites\/3\/2020\/02\/PicsArt_02-23-06.43.05-1-1030x817.jpg\" alt=\"\" class=\"wp-image-11836\" srcset=\"https:\/\/www.vfl-westercelle.de\/fb\/wp-content\/uploads\/sites\/3\/2020\/02\/PicsArt_02-23-06.43.05-1-1030x817.jpg 1030w, https:\/\/www.vfl-westercelle.de\/fb\/wp-content\/uploads\/sites\/3\/2020\/02\/PicsArt_02-23-06.43.05-1-300x238.jpg 300w, https:\/\/www.vfl-westercelle.de\/fb\/wp-content\/uploads\/sites\/3\/2020\/02\/PicsArt_02-23-06.43.05-1-768x609.jpg 768w, https:\/\/www.vfl-westercelle.de\/fb\/wp-content\/uploads\/sites\/3\/2020\/02\/PicsArt_02-23-06.43.05-1-1536x1219.jpg 1536w, https:\/\/www.vfl-westercelle.de\/fb\/wp-content\/uploads\/sites\/3\/2020\/02\/PicsArt_02-23-06.43.05-1-2048x1625.jpg 2048w, https:\/\/www.vfl-westercelle.de\/fb\/wp-content\/uploads\/sites\/3\/2020\/02\/PicsArt_02-23-06.43.05-1-1500x1190.jpg 1500w, https:\/\/www.vfl-westercelle.de\/fb\/wp-content\/uploads\/sites\/3\/2020\/02\/PicsArt_02-23-06.43.05-1-705x559.jpg 705w, https:\/\/www.vfl-westercelle.de\/fb\/wp-content\/uploads\/sites\/3\/2020\/02\/PicsArt_02-23-06.43.05-1-450x357.jpg 450w, https:\/\/www.vfl-westercelle.de\/fb\/wp-content\/uploads\/sites\/3\/2020\/02\/PicsArt_02-23-06.43.05-1-128x102.jpg 128w, https:\/\/www.vfl-westercelle.de\/fb\/wp-content\/uploads\/sites\/3\/2020\/02\/PicsArt_02-23-06.43.05-1-32x25.jpg 32w\" sizes=\"auto, (max-width: 1030px) 100vw, 1030px\" \/><\/figure>\n\n\n\n<p>Dabei hat er nat\u00fcrlich die Kamera, um die interessantesten und eindrucksvollsten Momente festzuhalten. Neben dem &#8218;Nyayo National Stadium&#8216; im Hintergrund gibt es auch hier viele Fans des Bundesliga-Fu\u00dfballs. Wie den 12-j\u00e4hrige Ben, der nat\u00fcrlich auch selber Fu\u00dfball spielt &#8211; allerdings nicht mit solch einem Ball wie auf dem Foto; damit spielen die Kinder auf den kargen Bolzpl\u00e4tzen neben den Stra\u00dfen.<\/p>\n\n\n\n<figure class=\"wp-block-image size-large\"><img loading=\"lazy\" decoding=\"async\" width=\"1024\" height=\"767\" src=\"http:\/\/www.vfl-westercelle.de\/fb\/wp-content\/uploads\/sites\/3\/2020\/03\/PicsArt_03-01-12.39.06.jpg\" alt=\"\" class=\"wp-image-11884\" srcset=\"https:\/\/www.vfl-westercelle.de\/fb\/wp-content\/uploads\/sites\/3\/2020\/03\/PicsArt_03-01-12.39.06.jpg 1024w, https:\/\/www.vfl-westercelle.de\/fb\/wp-content\/uploads\/sites\/3\/2020\/03\/PicsArt_03-01-12.39.06-300x225.jpg 300w, https:\/\/www.vfl-westercelle.de\/fb\/wp-content\/uploads\/sites\/3\/2020\/03\/PicsArt_03-01-12.39.06-768x575.jpg 768w, https:\/\/www.vfl-westercelle.de\/fb\/wp-content\/uploads\/sites\/3\/2020\/03\/PicsArt_03-01-12.39.06-705x528.jpg 705w, https:\/\/www.vfl-westercelle.de\/fb\/wp-content\/uploads\/sites\/3\/2020\/03\/PicsArt_03-01-12.39.06-450x337.jpg 450w, https:\/\/www.vfl-westercelle.de\/fb\/wp-content\/uploads\/sites\/3\/2020\/03\/PicsArt_03-01-12.39.06-128x96.jpg 128w, https:\/\/www.vfl-westercelle.de\/fb\/wp-content\/uploads\/sites\/3\/2020\/03\/PicsArt_03-01-12.39.06-32x24.jpg 32w\" sizes=\"auto, (max-width: 1024px) 100vw, 1024px\" \/><\/figure>\n\n\n\n<p>Jochen lie\u00df es sich nicht nehmen, ein Spiel der 5. Liga Kenias zwischen der Westlands Youth Sports Association (Nairobi-Kangemir, kl. Foto oben links) und dem Kenya School of Government FC (Nairobi-Kabete, kl. Foto oben rechts) zu besuchen. Bei f\u00fcr uns v\u00f6llig unzumutbaren Platzverh\u00e4ltnissen (siehe  Hintergrund-Bild) verfolgten etwa 1500 Zuschauer das Spiel, das von einem SR-Gespann (mit einer Frau an der Seitenlinie) geleitet wurde. In der Halbzeitpause kam es zu einem Gedankenaustausch mit einem der Offiziellen (&#8222;Organisations-Chef&#8220;) der G\u00e4stemannschaft, Ian Osuma und Jochen. (kleines Foto unten rechts). <\/p>\n\n\n\n<p>Text und Bild: Jochen Borken <\/p>\n","protected":false},"excerpt":{"rendered":"<p>Unser \u00e4ltester aktiver Schiedsrichter Jochen Borken befindet sich derzeit auf Urlaub in Kenia. Dabei hat er nat\u00fcrlich die Kamera, um die interessantesten und eindrucksvollsten Momente festzuhalten. Neben dem &#8218;Nyayo National Stadium&#8216; im Hintergrund gibt es auch hier viele Fans des Bundesliga-Fu\u00dfballs. Wie den 12-j\u00e4hrige Ben, der nat\u00fcrlich auch selber Fu\u00dfball spielt &#8211; allerdings nicht mit <a class=\"read-more-link\" href=\"https:\/\/www.vfl-westercelle.de\/fb\/eindruecke-aus-kenia\/\">[&#8230; weiterlesen]<\/a><\/p>\n","protected":false},"author":9,"featured_media":11835,"comment_status":"closed","ping_status":"closed","sticky":false,"template":"","format":"standard","meta":{"footnotes":""},"categories":[17],"tags":[],"class_list":["post-11834","post","type-post","status-publish","format-standard","has-post-thumbnail","hentry","category-fussball"],"_links":{"self":[{"href":"https:\/\/www.vfl-westercelle.de\/fb\/wp-json\/wp\/v2\/posts\/11834","targetHints":{"allow":["GET"]}}],"collection":[{"href":"https:\/\/www.vfl-westercelle.de\/fb\/wp-json\/wp\/v2\/posts"}],"about":[{"href":"https:\/\/www.vfl-westercelle.de\/fb\/wp-json\/wp\/v2\/types\/post"}],"author":[{"embeddable":true,"href":"https:\/\/www.vfl-westercelle.de\/fb\/wp-json\/wp\/v2\/users\/9"}],"replies":[{"embeddable":true,"href":"https:\/\/www.vfl-westercelle.de\/fb\/wp-json\/wp\/v2\/comments?post=11834"}],"version-history":[{"count":2,"href":"https:\/\/www.vfl-westercelle.de\/fb\/wp-json\/wp\/v2\/posts\/11834\/revisions"}],"predecessor-version":[{"id":11886,"href":"https:\/\/www.vfl-westercelle.de\/fb\/wp-json\/wp\/v2\/posts\/11834\/revisions\/11886"}],"wp:featuredmedia":[{"embeddable":true,"href":"https:\/\/www.vfl-westercelle.de\/fb\/wp-json\/wp\/v2\/media\/11835"}],"wp:attachment":[{"href":"https:\/\/www.vfl-westercelle.de\/fb\/wp-json\/wp\/v2\/media?parent=11834"}],"wp:term":[{"taxonomy":"category","embeddable":true,"href":"https:\/\/www.vfl-westercelle.de\/fb\/wp-json\/wp\/v2\/categories?post=11834"},{"taxonomy":"post_tag","embeddable":true,"href":"https:\/\/www.vfl-westercelle.de\/fb\/wp-json\/wp\/v2\/tags?post=11834"}],"curies":[{"name":"wp","href":"https:\/\/api.w.org\/{rel}","templated":true}]}}