{"id":11915,"date":"2020-03-06T16:33:41","date_gmt":"2020-03-06T15:33:41","guid":{"rendered":"http:\/\/www.vfl-westercelle.de\/fb\/?p=11915"},"modified":"2020-07-09T08:26:19","modified_gmt":"2020-07-09T06:26:19","slug":"trainer-des-vfl-westercelle-hoeren-nach-vier-jahren-auf","status":"publish","type":"post","link":"https:\/\/www.vfl-westercelle.de\/fb\/trainer-des-vfl-westercelle-hoeren-nach-vier-jahren-auf\/","title":{"rendered":"Trainer des VfL Westercelle h\u00f6ren nach vier Jahren auf"},"content":{"rendered":"\n<p>Heiko Vollmer und Axel G\u00fcllert nehmen im Sommer ihren Hut beim VfL  Westercelle. Nach vier Jahren wird das erfolgreiche Trainerduo den Landesligisten an den aktuellen U17-Trainer Sebastian Zich \u00fcbergeben.<\/p>\n\n\n\n<p>Dass jede Erfolgsgeschichte mal ein Ende hat ist allgemein bekannt und wird sich auch im Sommer beim VfL Westercelle zutragen. Das Gespann Heiko Vollmer und Axel G\u00fcllert, das aus einem soliden Bezirksligisten einen zweimaligen Landesliga-Aufsteiger geformt hat, wird sein Amt nach vier Jahren niederlegen. Das abschlie\u00dfende Training am Donnerstagabend nutzten beide gemeinsam mit Abteilungsleiter Christopher Menge, um die  Mannschaft zu informieren. Ebenfalls dabei: ihr Nachfolger Sebastian Zich.<\/p>\n\n\n\n<figure class=\"wp-block-image size-medium\"><img loading=\"lazy\" decoding=\"async\" width=\"300\" height=\"199\" src=\"https:\/\/www.vfl-westercelle.de\/fb\/wp-content\/uploads\/sites\/3\/2020\/03\/IMG-20200306-WA0002-300x199.jpg\" alt=\"\" class=\"wp-image-11917\" srcset=\"https:\/\/www.vfl-westercelle.de\/fb\/wp-content\/uploads\/sites\/3\/2020\/03\/IMG-20200306-WA0002-300x199.jpg 300w, https:\/\/www.vfl-westercelle.de\/fb\/wp-content\/uploads\/sites\/3\/2020\/03\/IMG-20200306-WA0002-1030x682.jpg 1030w, https:\/\/www.vfl-westercelle.de\/fb\/wp-content\/uploads\/sites\/3\/2020\/03\/IMG-20200306-WA0002-768x508.jpg 768w, https:\/\/www.vfl-westercelle.de\/fb\/wp-content\/uploads\/sites\/3\/2020\/03\/IMG-20200306-WA0002-1536x1017.jpg 1536w, https:\/\/www.vfl-westercelle.de\/fb\/wp-content\/uploads\/sites\/3\/2020\/03\/IMG-20200306-WA0002-1500x993.jpg 1500w, https:\/\/www.vfl-westercelle.de\/fb\/wp-content\/uploads\/sites\/3\/2020\/03\/IMG-20200306-WA0002-705x467.jpg 705w, https:\/\/www.vfl-westercelle.de\/fb\/wp-content\/uploads\/sites\/3\/2020\/03\/IMG-20200306-WA0002-450x298.jpg 450w, https:\/\/www.vfl-westercelle.de\/fb\/wp-content\/uploads\/sites\/3\/2020\/03\/IMG-20200306-WA0002-128x85.jpg 128w, https:\/\/www.vfl-westercelle.de\/fb\/wp-content\/uploads\/sites\/3\/2020\/03\/IMG-20200306-WA0002-32x21.jpg 32w, https:\/\/www.vfl-westercelle.de\/fb\/wp-content\/uploads\/sites\/3\/2020\/03\/IMG-20200306-WA0002.jpg 1600w\" sizes=\"auto, (max-width: 300px) 100vw, 300px\" \/><figcaption>Der neue Trainer der 1. Herren: Sebastian Zich. (Foto: Heiko Hartung)<\/figcaption><\/figure>\n\n\n\n<p>Zich ist aktuell noch Trainer der Westerceller U17, zu der er w\u00e4hrend der Hinrunde aus dem NLZ von Hannover 96 stie\u00df. Dort wurde er zu  Saisonbeginn Co-Trainer der U15, aus seiner Sicht <em>&#8222;lief das aber nicht  so&#8220;<\/em>. Weil Zich vor anderthalb Jahren nach Westercelle in unmittelbarer N\u00e4he zum Platz zog, war ein Engagement eh nur eine Frage der Zeit. <em>&#8222;Man hat nat\u00fcrlich schnell mitbekommen was f\u00fcr eine gute Jugendarbeit der Verein leistet. Zum Sommer h\u00e4tte ich mich ohnehin mal erkundigt&#8220;<\/em>, so der geb\u00fcrtige M\u00fcchener. Nun wird es f\u00fcr ihn aber eine Herrenmannschaft mit der er <em>&#8222;zusammen eine eigene Philosophie entwickeln&#8220;<\/em> m\u00f6chte. Zwar sei er ein Fan vom Ballbesitz-Fu\u00dfball und l\u00e4sst den Gegner gerne laufen, m\u00fcsse f\u00fcr eine Spielidee aber zun\u00e4chst die Jungs kennenlernen.<\/p>\n\n\n\n<p>Das ist auch im Sinne der scheidenden Trainer, denen Abteilungsleiter Menge besonders dankt: <em>&#8222;Beide haben sich im Verein, auch \u00fcber die 1. Herren hinaus, hervorragend eingesetzt und die Mannschaft zu einem Landesligisten gemacht.&#8220;<\/em> Sowohl Vollmer als auch G\u00fcllert werden Zich beim \u00dcbergang helfen. <em>&#8222;Wir werden Sebastian da zur Seite stehen&#8220;<\/em>, versichert Axel G\u00fcllert. \u00dcber den A-Lizenz-Inhaber verliert G\u00fcllert dabei nur positive Worte: <em>&#8222;Wir haben uns schon kennenlernen d\u00fcrfen. Sebastian passt nicht nur menschlich super in den Verein, sondern ist ein qualifizierter Trainer. Er hat fachlich ein gutes Niveau und wird die Mannschaft &#8211; vor allem die jungen Leute &#8211; super weiterentwickeln.&#8220;<\/em>  Wer Zich dabei unterst\u00fctzt, steht noch nicht fest, bislang ist nur Torwarttrainer Matthias Seidler zugeh\u00f6rig. <em>&#8222;Der Co-Trainer soll aber eine interne L\u00f6sung sein&#8220;<\/em>, gibt Zich bekannt.<\/p>\n\n\n\n<p>Den Trainerstuhl zu r\u00e4umen, dar\u00fcber waren sich G\u00fcllert und Vollmer schnell einig. <em>&#8222;Die vielen jungen und entwicklungsf\u00e4higen Spieler k\u00f6nnen so einen neuen Impuls bekommen. Und im Sommer werden es dann auch vier sch\u00f6ne Jahre gewesen sein&#8220;<\/em>, blickt G\u00fcllert schon jetzt stolz zur\u00fcck. Das wird er dann auch genie\u00dfen k\u00f6nnen, denn vorerst ist kein weiteres Engagement f\u00fcr beide geplant. <em>&#8222;Wir haben das jetzt ein paar Jahre gemacht und Heiko ja sogar zuvor noch die 2. Herren. Ich freue mich, dass dann privates mal wieder im Vordergrund steht und man am Wochenende mal frei hat&#8220;<\/em>, wirkt G\u00fcllert fast schon ein wenig erleichtert, wenngleich beide noch ein gro\u00dfes Ziel haben: <em>&#8222;Wir wollen Sebastian nat\u00fcrlich einen Landesligisten \u00fcbergeben.&#8220;<\/em><\/p>\n\n\n\n<p>Danach sieht es derzeit auch aus, mit einer \u00dcberraschung am morgigen Samstag bei Tabellenf\u00fchrer Rotenburg k\u00f6nnte ein weiterer wichtiger Schritt gegangen werden.<\/p>\n\n\n\n<p>Text: S\u00f6ren Thalau<br>Bilder: David Borghoff und Heiko Hartung<\/p>\n","protected":false},"excerpt":{"rendered":"<p>Heiko Vollmer und Axel G\u00fcllert nehmen im Sommer ihren Hut beim VfL Westercelle. Nach vier Jahren wird das erfolgreiche Trainerduo den Landesligisten an den aktuellen U17-Trainer Sebastian Zich \u00fcbergeben. Dass jede Erfolgsgeschichte mal ein Ende hat ist allgemein bekannt und wird sich auch im Sommer beim VfL Westercelle zutragen. Das Gespann Heiko Vollmer und Axel <a class=\"read-more-link\" href=\"https:\/\/www.vfl-westercelle.de\/fb\/trainer-des-vfl-westercelle-hoeren-nach-vier-jahren-auf\/\">[&#8230; weiterlesen]<\/a><\/p>\n","protected":false},"author":9,"featured_media":11918,"comment_status":"closed","ping_status":"closed","sticky":false,"template":"","format":"standard","meta":{"footnotes":""},"categories":[17],"tags":[],"class_list":["post-11915","post","type-post","status-publish","format-standard","has-post-thumbnail","hentry","category-fussball"],"_links":{"self":[{"href":"https:\/\/www.vfl-westercelle.de\/fb\/wp-json\/wp\/v2\/posts\/11915","targetHints":{"allow":["GET"]}}],"collection":[{"href":"https:\/\/www.vfl-westercelle.de\/fb\/wp-json\/wp\/v2\/posts"}],"about":[{"href":"https:\/\/www.vfl-westercelle.de\/fb\/wp-json\/wp\/v2\/types\/post"}],"author":[{"embeddable":true,"href":"https:\/\/www.vfl-westercelle.de\/fb\/wp-json\/wp\/v2\/users\/9"}],"replies":[{"embeddable":true,"href":"https:\/\/www.vfl-westercelle.de\/fb\/wp-json\/wp\/v2\/comments?post=11915"}],"version-history":[{"count":3,"href":"https:\/\/www.vfl-westercelle.de\/fb\/wp-json\/wp\/v2\/posts\/11915\/revisions"}],"predecessor-version":[{"id":11922,"href":"https:\/\/www.vfl-westercelle.de\/fb\/wp-json\/wp\/v2\/posts\/11915\/revisions\/11922"}],"wp:featuredmedia":[{"embeddable":true,"href":"https:\/\/www.vfl-westercelle.de\/fb\/wp-json\/wp\/v2\/media\/11918"}],"wp:attachment":[{"href":"https:\/\/www.vfl-westercelle.de\/fb\/wp-json\/wp\/v2\/media?parent=11915"}],"wp:term":[{"taxonomy":"category","embeddable":true,"href":"https:\/\/www.vfl-westercelle.de\/fb\/wp-json\/wp\/v2\/categories?post=11915"},{"taxonomy":"post_tag","embeddable":true,"href":"https:\/\/www.vfl-westercelle.de\/fb\/wp-json\/wp\/v2\/tags?post=11915"}],"curies":[{"name":"wp","href":"https:\/\/api.w.org\/{rel}","templated":true}]}}