{"id":12335,"date":"2020-07-09T08:25:35","date_gmt":"2020-07-09T06:25:35","guid":{"rendered":"http:\/\/www.vfl-westercelle.de\/fb\/?p=12335"},"modified":"2020-11-23T09:42:04","modified_gmt":"2020-11-23T08:42:04","slug":"1-herren-startet-mit-neuem-trainerteam-in-vorbereitung-auf-fussball-landesliga","status":"publish","type":"post","link":"https:\/\/www.vfl-westercelle.de\/fb\/1-herren-startet-mit-neuem-trainerteam-in-vorbereitung-auf-fussball-landesliga\/","title":{"rendered":"1. Herren startet mit neuem Trainerteam in Vorbereitung auf Fu\u00dfball-Landesliga"},"content":{"rendered":"\n<style type=\"text\/css\" data-created_by=\"avia_inline_auto\" id=\"style-css-av-pm6ken-0fba604d6716f63fe077639771e8c7b2\">\n.flex_column.av-pm6ken-0fba604d6716f63fe077639771e8c7b2{\nborder-radius:0px 0px 0px 0px;\npadding:0px 0px 0px 0px;\n}\n<\/style>\n<div  class='flex_column av-pm6ken-0fba604d6716f63fe077639771e8c7b2 av_one_full  avia-builder-el-0  el_before_av_one_full  avia-builder-el-first  first flex_column_div av-zero-column-padding  '     ><section  class='av_textblock_section av-kcedqr61-4f236a1dd14a234aff492975bcb388cf '   itemscope=\"itemscope\" itemtype=\"https:\/\/schema.org\/BlogPosting\" itemprop=\"blogPost\" ><div class='avia_textblock'  itemprop=\"text\" ><p>P\u00fcnktlich zum Trainingsauftakt der 1. Herren zur Saison 2020\/21 sind die Corona-Regeln in Niedersachsen gelockert worden. So durfte der neue Trainer Sebastian Zich nicht nur seine Mannschaft begr\u00fc\u00dfen, es durfte auch mit Kontakt trainiert werden. Einige Zuschauer waren zudem in den Westerceller Sportpark gekommen, um die Mannschaft zu begr\u00fc\u00dfen. Spartenleiter Christopher Menge und Stadionsprecher Michael Zorn stellten den Kader vor, in dem auch sechs Neuzug\u00e4nge sind. Maik Kirchhoff kommt vom TuS Oldau-Ovelg\u00f6nne und soll f\u00fcr Tore in der Fu\u00dfball-Landesliga sorgen. Bei den anderen Neuen handelt es sich ausnahmslos um R\u00fcckkehrer. Sowohl Mittelfeldspieler Levin \u00dcberheim (SV Nienhagen), die beiden St\u00fcrmer Kerim Erkilic und Sutay Marong sowie Abwehrspieler Dimitrij Vetter (alle MTV Ahnsbeck) haben schon in der Jugend das schwarz-gelbe Trikot getragen. Linksverteidiger Niklas Pautsch spielt \u2013 au\u00dfer eines kurzes Gastspiels bei Eintracht Braunschweig \u2013 schon seit der Pampers-Liga in Westercelle. Nach einer Pause wegen des Studiums kann er nun wieder die Fu\u00dfballschuhe f\u00fcr den VfL schn\u00fcren.<\/p>\n<\/div><\/section><\/div>\n<style type=\"text\/css\" data-created_by=\"avia_inline_auto\" id=\"style-css-av-12rv1an-a9922327f36b27f0b22775809633bca8\">\n.flex_column.av-12rv1an-a9922327f36b27f0b22775809633bca8{\nborder-radius:0px 0px 0px 0px;\npadding:0px 0px 0px 0px;\n}\n<\/style>\n<div  class='flex_column av-12rv1an-a9922327f36b27f0b22775809633bca8 av_one_full  avia-builder-el-2  el_after_av_one_full  el_before_av_one_full  first flex_column_div av-zero-column-padding  column-top-margin'     ><style type=\"text\/css\" data-created_by=\"avia_inline_auto\" id=\"style-css-av-kceouerv-39020486c3dd1f52a11be40a4b0f957b\">\n#top .avia-gallery.av-kceouerv-39020486c3dd1f52a11be40a4b0f957b .avia-gallery-thumb a{\nwidth:25%;\n}\n<\/style>\n<div  class='avia-gallery av-kceouerv-39020486c3dd1f52a11be40a4b0f957b avia_animate_when_visible  avia-builder-el-3  avia-builder-el-no-sibling  avia_lazyload avia-gallery-animate avia-gallery-1'  itemprop=\"image\" itemscope=\"itemscope\" itemtype=\"https:\/\/schema.org\/ImageObject\" ><meta itemprop=\"contentURL\" content=\"https:\/\/www.vfl-westercelle.de\/fb\/1-herren-startet-mit-neuem-trainerteam-in-vorbereitung-auf-fussball-landesliga\/\"><div class='avia-gallery-thumb'><a href=\"https:\/\/www.vfl-westercelle.de\/fb\/wp-content\/uploads\/sites\/3\/2020\/07\/fussball-009-1030x687.jpg\" data-srcset=\"https:\/\/www.vfl-westercelle.de\/fb\/wp-content\/uploads\/sites\/3\/2020\/07\/fussball-009-1030x687.jpg 1030w, https:\/\/www.vfl-westercelle.de\/fb\/wp-content\/uploads\/sites\/3\/2020\/07\/fussball-009-300x200.jpg 300w, https:\/\/www.vfl-westercelle.de\/fb\/wp-content\/uploads\/sites\/3\/2020\/07\/fussball-009-768x512.jpg 768w, https:\/\/www.vfl-westercelle.de\/fb\/wp-content\/uploads\/sites\/3\/2020\/07\/fussball-009-1536x1024.jpg 1536w, https:\/\/www.vfl-westercelle.de\/fb\/wp-content\/uploads\/sites\/3\/2020\/07\/fussball-009-2048x1366.jpg 2048w, https:\/\/www.vfl-westercelle.de\/fb\/wp-content\/uploads\/sites\/3\/2020\/07\/fussball-009-1500x1000.jpg 1500w, https:\/\/www.vfl-westercelle.de\/fb\/wp-content\/uploads\/sites\/3\/2020\/07\/fussball-009-705x470.jpg 705w, https:\/\/www.vfl-westercelle.de\/fb\/wp-content\/uploads\/sites\/3\/2020\/07\/fussball-009-128x85.jpg 128w, https:\/\/www.vfl-westercelle.de\/fb\/wp-content\/uploads\/sites\/3\/2020\/07\/fussball-009-32x21.jpg 32w\" data-sizes=\"(max-width: 1030px) 100vw, 1030px\" data-rel='gallery-1' data-prev-img='https:\/\/www.vfl-westercelle.de\/fb\/wp-content\/uploads\/sites\/3\/2020\/07\/fussball-009-495x400.jpg' class='first_thumb lightbox ' data-onclick='1' title='1. Herren Trainingsauftakt 20-21_3'  itemprop=\"thumbnailUrl\"  ><img decoding=\"async\" fetchpriority=\"high\" class=\"wp-image-12338 avia-img-lazy-loading-not-12338\"   src=\"https:\/\/www.vfl-westercelle.de\/fb\/wp-content\/uploads\/sites\/3\/2020\/07\/fussball-009-495x400.jpg\" width=\"495\" height=\"400\"  title='1. Herren Trainingsauftakt 20-21_3' alt='' srcset=\"https:\/\/www.vfl-westercelle.de\/fb\/wp-content\/uploads\/sites\/3\/2020\/07\/fussball-009-495x400.jpg 495w, https:\/\/www.vfl-westercelle.de\/fb\/wp-content\/uploads\/sites\/3\/2020\/07\/fussball-009-845x684.jpg 845w\" sizes=\"(max-width: 495px) 100vw, 495px\" \/><div class='big-prev-fake'><img decoding=\"async\" loading=\"lazy\" class=\"wp-image-12338 avia-img-lazy-loading-12338\"  width=\"495\" height=\"400\" src=\"https:\/\/www.vfl-westercelle.de\/fb\/wp-content\/uploads\/sites\/3\/2020\/07\/fussball-009-495x400.jpg\" title='1. Herren Trainingsauftakt 20-21_3' alt='' srcset=\"https:\/\/www.vfl-westercelle.de\/fb\/wp-content\/uploads\/sites\/3\/2020\/07\/fussball-009-495x400.jpg 495w, https:\/\/www.vfl-westercelle.de\/fb\/wp-content\/uploads\/sites\/3\/2020\/07\/fussball-009-845x684.jpg 845w\" sizes=\"auto, (max-width: 495px) 100vw, 495px\" \/><\/div><\/a><a href=\"https:\/\/www.vfl-westercelle.de\/fb\/wp-content\/uploads\/sites\/3\/2020\/07\/fussball-021-1030x687.jpg\" data-srcset=\"https:\/\/www.vfl-westercelle.de\/fb\/wp-content\/uploads\/sites\/3\/2020\/07\/fussball-021-1030x687.jpg 1030w, https:\/\/www.vfl-westercelle.de\/fb\/wp-content\/uploads\/sites\/3\/2020\/07\/fussball-021-300x200.jpg 300w, https:\/\/www.vfl-westercelle.de\/fb\/wp-content\/uploads\/sites\/3\/2020\/07\/fussball-021-768x512.jpg 768w, https:\/\/www.vfl-westercelle.de\/fb\/wp-content\/uploads\/sites\/3\/2020\/07\/fussball-021-1536x1024.jpg 1536w, https:\/\/www.vfl-westercelle.de\/fb\/wp-content\/uploads\/sites\/3\/2020\/07\/fussball-021-2048x1366.jpg 2048w, https:\/\/www.vfl-westercelle.de\/fb\/wp-content\/uploads\/sites\/3\/2020\/07\/fussball-021-1500x1000.jpg 1500w, https:\/\/www.vfl-westercelle.de\/fb\/wp-content\/uploads\/sites\/3\/2020\/07\/fussball-021-705x470.jpg 705w, https:\/\/www.vfl-westercelle.de\/fb\/wp-content\/uploads\/sites\/3\/2020\/07\/fussball-021-128x85.jpg 128w, https:\/\/www.vfl-westercelle.de\/fb\/wp-content\/uploads\/sites\/3\/2020\/07\/fussball-021-32x21.jpg 32w\" data-sizes=\"(max-width: 1030px) 100vw, 1030px\" data-rel='gallery-1' data-prev-img='https:\/\/www.vfl-westercelle.de\/fb\/wp-content\/uploads\/sites\/3\/2020\/07\/fussball-021-495x400.jpg' class='lightbox ' data-onclick='2' title='1. Herren Trainingsauftakt 20-21_1'  itemprop=\"thumbnailUrl\"  ><img decoding=\"async\" fetchpriority=\"high\" class=\"wp-image-12341 avia-img-lazy-loading-not-12341\"   src=\"https:\/\/www.vfl-westercelle.de\/fb\/wp-content\/uploads\/sites\/3\/2020\/07\/fussball-021-495x400.jpg\" width=\"495\" height=\"400\"  title='1. Herren Trainingsauftakt 20-21_1' alt='' srcset=\"https:\/\/www.vfl-westercelle.de\/fb\/wp-content\/uploads\/sites\/3\/2020\/07\/fussball-021-495x400.jpg 495w, https:\/\/www.vfl-westercelle.de\/fb\/wp-content\/uploads\/sites\/3\/2020\/07\/fussball-021-845x684.jpg 845w\" sizes=\"(max-width: 495px) 100vw, 495px\" \/><div class='big-prev-fake'><img decoding=\"async\" loading=\"lazy\" class=\"wp-image-12341 avia-img-lazy-loading-12341\"  width=\"495\" height=\"400\" src=\"https:\/\/www.vfl-westercelle.de\/fb\/wp-content\/uploads\/sites\/3\/2020\/07\/fussball-021-495x400.jpg\" title='1. Herren Trainingsauftakt 20-21_1' alt='' srcset=\"https:\/\/www.vfl-westercelle.de\/fb\/wp-content\/uploads\/sites\/3\/2020\/07\/fussball-021-495x400.jpg 495w, https:\/\/www.vfl-westercelle.de\/fb\/wp-content\/uploads\/sites\/3\/2020\/07\/fussball-021-845x684.jpg 845w\" sizes=\"auto, (max-width: 495px) 100vw, 495px\" \/><\/div><\/a><a href=\"https:\/\/www.vfl-westercelle.de\/fb\/wp-content\/uploads\/sites\/3\/2020\/07\/fussball-005-1030x687.jpg\" data-srcset=\"https:\/\/www.vfl-westercelle.de\/fb\/wp-content\/uploads\/sites\/3\/2020\/07\/fussball-005-1030x687.jpg 1030w, https:\/\/www.vfl-westercelle.de\/fb\/wp-content\/uploads\/sites\/3\/2020\/07\/fussball-005-300x200.jpg 300w, https:\/\/www.vfl-westercelle.de\/fb\/wp-content\/uploads\/sites\/3\/2020\/07\/fussball-005-768x512.jpg 768w, https:\/\/www.vfl-westercelle.de\/fb\/wp-content\/uploads\/sites\/3\/2020\/07\/fussball-005-1536x1024.jpg 1536w, https:\/\/www.vfl-westercelle.de\/fb\/wp-content\/uploads\/sites\/3\/2020\/07\/fussball-005-2048x1366.jpg 2048w, https:\/\/www.vfl-westercelle.de\/fb\/wp-content\/uploads\/sites\/3\/2020\/07\/fussball-005-1500x1000.jpg 1500w, https:\/\/www.vfl-westercelle.de\/fb\/wp-content\/uploads\/sites\/3\/2020\/07\/fussball-005-705x470.jpg 705w, https:\/\/www.vfl-westercelle.de\/fb\/wp-content\/uploads\/sites\/3\/2020\/07\/fussball-005-128x85.jpg 128w, https:\/\/www.vfl-westercelle.de\/fb\/wp-content\/uploads\/sites\/3\/2020\/07\/fussball-005-32x21.jpg 32w\" data-sizes=\"(max-width: 1030px) 100vw, 1030px\" data-rel='gallery-1' data-prev-img='https:\/\/www.vfl-westercelle.de\/fb\/wp-content\/uploads\/sites\/3\/2020\/07\/fussball-005-495x400.jpg' class='lightbox ' data-onclick='3' title='1. Herren Trainingsauftakt 20-21_2'  itemprop=\"thumbnailUrl\"  ><img decoding=\"async\" fetchpriority=\"high\" class=\"wp-image-12339 avia-img-lazy-loading-not-12339\"   src=\"https:\/\/www.vfl-westercelle.de\/fb\/wp-content\/uploads\/sites\/3\/2020\/07\/fussball-005-495x400.jpg\" width=\"495\" height=\"400\"  title='1. Herren Trainingsauftakt 20-21_2' alt='' srcset=\"https:\/\/www.vfl-westercelle.de\/fb\/wp-content\/uploads\/sites\/3\/2020\/07\/fussball-005-495x400.jpg 495w, https:\/\/www.vfl-westercelle.de\/fb\/wp-content\/uploads\/sites\/3\/2020\/07\/fussball-005-845x684.jpg 845w\" sizes=\"(max-width: 495px) 100vw, 495px\" \/><div class='big-prev-fake'><img decoding=\"async\" loading=\"lazy\" class=\"wp-image-12339 avia-img-lazy-loading-12339\"  width=\"495\" height=\"400\" src=\"https:\/\/www.vfl-westercelle.de\/fb\/wp-content\/uploads\/sites\/3\/2020\/07\/fussball-005-495x400.jpg\" title='1. Herren Trainingsauftakt 20-21_2' alt='' srcset=\"https:\/\/www.vfl-westercelle.de\/fb\/wp-content\/uploads\/sites\/3\/2020\/07\/fussball-005-495x400.jpg 495w, https:\/\/www.vfl-westercelle.de\/fb\/wp-content\/uploads\/sites\/3\/2020\/07\/fussball-005-845x684.jpg 845w\" sizes=\"auto, (max-width: 495px) 100vw, 495px\" \/><\/div><\/a><a href=\"https:\/\/www.vfl-westercelle.de\/fb\/wp-content\/uploads\/sites\/3\/2020\/07\/fussball-014-1030x687.jpg\" data-srcset=\"https:\/\/www.vfl-westercelle.de\/fb\/wp-content\/uploads\/sites\/3\/2020\/07\/fussball-014-1030x687.jpg 1030w, https:\/\/www.vfl-westercelle.de\/fb\/wp-content\/uploads\/sites\/3\/2020\/07\/fussball-014-300x200.jpg 300w, https:\/\/www.vfl-westercelle.de\/fb\/wp-content\/uploads\/sites\/3\/2020\/07\/fussball-014-768x512.jpg 768w, https:\/\/www.vfl-westercelle.de\/fb\/wp-content\/uploads\/sites\/3\/2020\/07\/fussball-014-1536x1024.jpg 1536w, https:\/\/www.vfl-westercelle.de\/fb\/wp-content\/uploads\/sites\/3\/2020\/07\/fussball-014-2048x1366.jpg 2048w, https:\/\/www.vfl-westercelle.de\/fb\/wp-content\/uploads\/sites\/3\/2020\/07\/fussball-014-1500x1000.jpg 1500w, https:\/\/www.vfl-westercelle.de\/fb\/wp-content\/uploads\/sites\/3\/2020\/07\/fussball-014-705x470.jpg 705w, https:\/\/www.vfl-westercelle.de\/fb\/wp-content\/uploads\/sites\/3\/2020\/07\/fussball-014-128x85.jpg 128w, https:\/\/www.vfl-westercelle.de\/fb\/wp-content\/uploads\/sites\/3\/2020\/07\/fussball-014-32x21.jpg 32w\" data-sizes=\"(max-width: 1030px) 100vw, 1030px\" data-rel='gallery-1' data-prev-img='https:\/\/www.vfl-westercelle.de\/fb\/wp-content\/uploads\/sites\/3\/2020\/07\/fussball-014-495x400.jpg' class='lightbox ' data-onclick='4' title='1. Herren Trainingsauftakt 20-21_4'  itemprop=\"thumbnailUrl\"  ><img decoding=\"async\" fetchpriority=\"high\" class=\"wp-image-12337 avia-img-lazy-loading-not-12337\"   src=\"https:\/\/www.vfl-westercelle.de\/fb\/wp-content\/uploads\/sites\/3\/2020\/07\/fussball-014-495x400.jpg\" width=\"495\" height=\"400\"  title='1. Herren Trainingsauftakt 20-21_4' alt='' srcset=\"https:\/\/www.vfl-westercelle.de\/fb\/wp-content\/uploads\/sites\/3\/2020\/07\/fussball-014-495x400.jpg 495w, https:\/\/www.vfl-westercelle.de\/fb\/wp-content\/uploads\/sites\/3\/2020\/07\/fussball-014-845x684.jpg 845w\" sizes=\"(max-width: 495px) 100vw, 495px\" \/><div class='big-prev-fake'><img decoding=\"async\" loading=\"lazy\" class=\"wp-image-12337 avia-img-lazy-loading-12337\"  width=\"495\" height=\"400\" src=\"https:\/\/www.vfl-westercelle.de\/fb\/wp-content\/uploads\/sites\/3\/2020\/07\/fussball-014-495x400.jpg\" title='1. Herren Trainingsauftakt 20-21_4' alt='' srcset=\"https:\/\/www.vfl-westercelle.de\/fb\/wp-content\/uploads\/sites\/3\/2020\/07\/fussball-014-495x400.jpg 495w, https:\/\/www.vfl-westercelle.de\/fb\/wp-content\/uploads\/sites\/3\/2020\/07\/fussball-014-845x684.jpg 845w\" sizes=\"auto, (max-width: 495px) 100vw, 495px\" \/><\/div><\/a><\/div><\/div><\/div>\n<style type=\"text\/css\" data-created_by=\"avia_inline_auto\" id=\"style-css-av-v2f1e7-9c0ce176122cedad3301da96b16d0ac0\">\n.flex_column.av-v2f1e7-9c0ce176122cedad3301da96b16d0ac0{\nborder-radius:0px 0px 0px 0px;\npadding:0px 0px 0px 0px;\n}\n<\/style>\n<div  class='flex_column av-v2f1e7-9c0ce176122cedad3301da96b16d0ac0 av_one_full  avia-builder-el-4  el_after_av_one_full  avia-builder-el-last  first flex_column_div av-zero-column-padding  column-top-margin'     ><section  class='av_textblock_section av-kceov5va-8adb9996d23d51881abf735615c25cfb '   itemscope=\"itemscope\" itemtype=\"https:\/\/schema.org\/BlogPosting\" itemprop=\"blogPost\" ><div class='avia_textblock'  itemprop=\"text\" ><p>Insgesamt geh\u00f6ren dem Kader 23 Feldspieler und die drei Torh\u00fcter Jannick Heuer, Nico Zabiegay und Frederic Baars an. Neben dem Trainer- und Betreuerteam Heiko Vollmer, Axel G\u00fcllert und Burkhard Persuhn (alle Fu\u00dfballpause) haben den VfL leider auch die Spieler Faisal Soma (MTV Eintracht Celle), Collin Sarnowski (TuS Eschede) und Kai Broschinski (Karriereende) verlassen. Dennoch ist man beim VfL zuversichtlich, eine schlagfertige Truppe in der Landesliga stellen zu k\u00f6nnen.<\/p>\n<p>Als spielender Co-Trainer agiert ab sofort Phillip Garmann, als weiterer Co-Trainer kehrt Steffen Petrick nach seinem einj\u00e4hrigen Gastspiel bei der TS Wienhausen zur\u00fcck zum VfL. Torwarttrainer Matthias Seidler k\u00fcmmert sich weiterhin um die drei Keeper.<\/p>\n<p>Cheftrainer Zich, der im Besitz einer A-Lizenz ist, will in den kommenden Trainingseinheiten den Schwerpunkt im taktischen Bereich legen. Wenn klar ist, wann die neue Saison beginnt, soll auch an der Fitness gearbeitet werden.<\/p>\n<p>Text: Christopher Menge<br \/>\nBilder: David Borghoff<\/p>\n<\/div><\/section><\/div><\/p>\n","protected":false},"excerpt":{"rendered":"","protected":false},"author":9,"featured_media":12340,"comment_status":"closed","ping_status":"closed","sticky":false,"template":"","format":"standard","meta":{"footnotes":""},"categories":[17],"tags":[],"class_list":["post-12335","post","type-post","status-publish","format-standard","has-post-thumbnail","hentry","category-fussball"],"_links":{"self":[{"href":"https:\/\/www.vfl-westercelle.de\/fb\/wp-json\/wp\/v2\/posts\/12335","targetHints":{"allow":["GET"]}}],"collection":[{"href":"https:\/\/www.vfl-westercelle.de\/fb\/wp-json\/wp\/v2\/posts"}],"about":[{"href":"https:\/\/www.vfl-westercelle.de\/fb\/wp-json\/wp\/v2\/types\/post"}],"author":[{"embeddable":true,"href":"https:\/\/www.vfl-westercelle.de\/fb\/wp-json\/wp\/v2\/users\/9"}],"replies":[{"embeddable":true,"href":"https:\/\/www.vfl-westercelle.de\/fb\/wp-json\/wp\/v2\/comments?post=12335"}],"version-history":[{"count":5,"href":"https:\/\/www.vfl-westercelle.de\/fb\/wp-json\/wp\/v2\/posts\/12335\/revisions"}],"predecessor-version":[{"id":12367,"href":"https:\/\/www.vfl-westercelle.de\/fb\/wp-json\/wp\/v2\/posts\/12335\/revisions\/12367"}],"wp:featuredmedia":[{"embeddable":true,"href":"https:\/\/www.vfl-westercelle.de\/fb\/wp-json\/wp\/v2\/media\/12340"}],"wp:attachment":[{"href":"https:\/\/www.vfl-westercelle.de\/fb\/wp-json\/wp\/v2\/media?parent=12335"}],"wp:term":[{"taxonomy":"category","embeddable":true,"href":"https:\/\/www.vfl-westercelle.de\/fb\/wp-json\/wp\/v2\/categories?post=12335"},{"taxonomy":"post_tag","embeddable":true,"href":"https:\/\/www.vfl-westercelle.de\/fb\/wp-json\/wp\/v2\/tags?post=12335"}],"curies":[{"name":"wp","href":"https:\/\/api.w.org\/{rel}","templated":true}]}}