{"id":13414,"date":"2020-09-03T20:40:19","date_gmt":"2020-09-03T18:40:19","guid":{"rendered":"http:\/\/www.vfl-westercelle.de\/fb\/?p=13414"},"modified":"2020-12-02T10:40:09","modified_gmt":"2020-12-02T09:40:09","slug":"wecon-massivhaus-neuer-partner-von-vflfussball","status":"publish","type":"post","link":"https:\/\/www.vfl-westercelle.de\/fb\/wecon-massivhaus-neuer-partner-von-vflfussball\/","title":{"rendered":"WeCon Massivhaus neuer Partner von vflfussball"},"content":{"rendered":"\n<p>WeCon Massivhaus ist ein Tochterunternehmender Aue Gruppe, welches sich vornehmlich auf die Errichtung von individuellen und hochwertigen Einfamilienh\u00e4usern konzentriert, w\u00e4hrend sich die Aue Projektentwicklung GmbH innerhalb der Gruppe mit der Entwicklung von Grundst\u00fccken, sowie deren Beplanung und Bebauung mit Mehrfamilienh\u00e4usern befasst.<\/p>\n\n\n\n<p>Mit der Kompetenz von \u00fcber 300 realisierten Einheiten verf\u00fcgt die Aue Gruppe \u00fcber das notwendige Know-How und das heute zwingend notwendige Netzwerk sowohl sch\u00f6ne Einfamilienh\u00e4user zu realisieren als auch ganze Wohnprojekte umzusetzen.<\/p>\n\n\n\n<figure class=\"wp-block-gallery columns-2 is-cropped wp-block-gallery-1 is-layout-flex wp-block-gallery-is-layout-flex\"><ul class=\"blocks-gallery-grid\"><li class=\"blocks-gallery-item\"><figure><img loading=\"lazy\" decoding=\"async\" width=\"1030\" height=\"687\" src=\"http:\/\/www.vfl-westercelle.de\/fb\/wp-content\/uploads\/sites\/3\/2020\/09\/mannschaften-160-1030x687.jpg\" alt=\"\" data-id=\"13415\" data-full-url=\"http:\/\/www.vfl-westercelle.de\/fb\/wp-content\/uploads\/sites\/3\/2020\/09\/mannschaften-160-scaled.jpg\" data-link=\"http:\/\/www.vfl-westercelle.de\/fb\/?attachment_id=13415\" class=\"wp-image-13415\" srcset=\"https:\/\/www.vfl-westercelle.de\/fb\/wp-content\/uploads\/sites\/3\/2020\/09\/mannschaften-160-1030x687.jpg 1030w, https:\/\/www.vfl-westercelle.de\/fb\/wp-content\/uploads\/sites\/3\/2020\/09\/mannschaften-160-300x200.jpg 300w, https:\/\/www.vfl-westercelle.de\/fb\/wp-content\/uploads\/sites\/3\/2020\/09\/mannschaften-160-768x512.jpg 768w, https:\/\/www.vfl-westercelle.de\/fb\/wp-content\/uploads\/sites\/3\/2020\/09\/mannschaften-160-1536x1024.jpg 1536w, https:\/\/www.vfl-westercelle.de\/fb\/wp-content\/uploads\/sites\/3\/2020\/09\/mannschaften-160-2048x1366.jpg 2048w, https:\/\/www.vfl-westercelle.de\/fb\/wp-content\/uploads\/sites\/3\/2020\/09\/mannschaften-160-1500x1000.jpg 1500w, https:\/\/www.vfl-westercelle.de\/fb\/wp-content\/uploads\/sites\/3\/2020\/09\/mannschaften-160-705x470.jpg 705w, https:\/\/www.vfl-westercelle.de\/fb\/wp-content\/uploads\/sites\/3\/2020\/09\/mannschaften-160-128x85.jpg 128w, https:\/\/www.vfl-westercelle.de\/fb\/wp-content\/uploads\/sites\/3\/2020\/09\/mannschaften-160-32x21.jpg 32w\" sizes=\"auto, (max-width: 1030px) 100vw, 1030px\" \/><\/figure><\/li><li class=\"blocks-gallery-item\"><figure><img loading=\"lazy\" decoding=\"async\" width=\"1030\" height=\"687\" src=\"http:\/\/www.vfl-westercelle.de\/fb\/wp-content\/uploads\/sites\/3\/2020\/08\/1herren-001-1030x687.jpg\" alt=\"\" data-id=\"13210\" data-full-url=\"http:\/\/www.vfl-westercelle.de\/fb\/wp-content\/uploads\/sites\/3\/2020\/08\/1herren-001-scaled.jpg\" data-link=\"http:\/\/www.vfl-westercelle.de\/fb\/1-herren\/1herren-001\/\" class=\"wp-image-13210\" srcset=\"https:\/\/www.vfl-westercelle.de\/fb\/wp-content\/uploads\/sites\/3\/2020\/08\/1herren-001-1030x687.jpg 1030w, https:\/\/www.vfl-westercelle.de\/fb\/wp-content\/uploads\/sites\/3\/2020\/08\/1herren-001-300x200.jpg 300w, https:\/\/www.vfl-westercelle.de\/fb\/wp-content\/uploads\/sites\/3\/2020\/08\/1herren-001-768x512.jpg 768w, https:\/\/www.vfl-westercelle.de\/fb\/wp-content\/uploads\/sites\/3\/2020\/08\/1herren-001-1536x1024.jpg 1536w, https:\/\/www.vfl-westercelle.de\/fb\/wp-content\/uploads\/sites\/3\/2020\/08\/1herren-001-2048x1366.jpg 2048w, https:\/\/www.vfl-westercelle.de\/fb\/wp-content\/uploads\/sites\/3\/2020\/08\/1herren-001-1500x1000.jpg 1500w, https:\/\/www.vfl-westercelle.de\/fb\/wp-content\/uploads\/sites\/3\/2020\/08\/1herren-001-705x470.jpg 705w, https:\/\/www.vfl-westercelle.de\/fb\/wp-content\/uploads\/sites\/3\/2020\/08\/1herren-001-128x85.jpg 128w, https:\/\/www.vfl-westercelle.de\/fb\/wp-content\/uploads\/sites\/3\/2020\/08\/1herren-001-32x21.jpg 32w\" sizes=\"auto, (max-width: 1030px) 100vw, 1030px\" \/><\/figure><\/li><\/ul><\/figure>\n\n\n\n<p>Die Aue Gruppe ist in Hannover und Celle beheimatet und verf\u00fcgt deshalb \u00fcber hervorragende Ortskenntnisse in der gesamten Region.<\/p>\n\n\n\n<p>Mit unserem Engagement m\u00f6chten wir das regionale Vereinsleben unterst\u00fctzen und unseren Beitrag dazu leisten, dass insbesondere der VfL Westercelle, sowohl in der 1. wie auch in der 2. Herrenmannschaft weitere Optionen in der kommenden Meisterschaft erh\u00e4lt.<\/p>\n\n\n\n<p>Hierzu w\u00fcnschen wir viel Erfolg!!!<\/p>\n\n\n\n<p>Text: WeCon Massivhaus\/Aue Gruppe<br>Bilder: David Borghoff<\/p>\n","protected":false},"excerpt":{"rendered":"<p>WeCon Massivhaus ist ein Tochterunternehmender Aue Gruppe, welches sich vornehmlich auf die Errichtung von individuellen und hochwertigen Einfamilienh\u00e4usern konzentriert, w\u00e4hrend sich die Aue Projektentwicklung GmbH innerhalb der Gruppe mit der Entwicklung von Grundst\u00fccken, sowie deren Beplanung und Bebauung mit Mehrfamilienh\u00e4usern befasst. Mit der Kompetenz von \u00fcber 300 realisierten Einheiten verf\u00fcgt die Aue Gruppe \u00fcber das <a class=\"read-more-link\" href=\"https:\/\/www.vfl-westercelle.de\/fb\/wecon-massivhaus-neuer-partner-von-vflfussball\/\">[&#8230; weiterlesen]<\/a><\/p>\n","protected":false},"author":9,"featured_media":13417,"comment_status":"closed","ping_status":"closed","sticky":false,"template":"","format":"standard","meta":{"footnotes":""},"categories":[17],"tags":[],"class_list":["post-13414","post","type-post","status-publish","format-standard","has-post-thumbnail","hentry","category-fussball"],"_links":{"self":[{"href":"https:\/\/www.vfl-westercelle.de\/fb\/wp-json\/wp\/v2\/posts\/13414","targetHints":{"allow":["GET"]}}],"collection":[{"href":"https:\/\/www.vfl-westercelle.de\/fb\/wp-json\/wp\/v2\/posts"}],"about":[{"href":"https:\/\/www.vfl-westercelle.de\/fb\/wp-json\/wp\/v2\/types\/post"}],"author":[{"embeddable":true,"href":"https:\/\/www.vfl-westercelle.de\/fb\/wp-json\/wp\/v2\/users\/9"}],"replies":[{"embeddable":true,"href":"https:\/\/www.vfl-westercelle.de\/fb\/wp-json\/wp\/v2\/comments?post=13414"}],"version-history":[{"count":3,"href":"https:\/\/www.vfl-westercelle.de\/fb\/wp-json\/wp\/v2\/posts\/13414\/revisions"}],"predecessor-version":[{"id":13419,"href":"https:\/\/www.vfl-westercelle.de\/fb\/wp-json\/wp\/v2\/posts\/13414\/revisions\/13419"}],"wp:featuredmedia":[{"embeddable":true,"href":"https:\/\/www.vfl-westercelle.de\/fb\/wp-json\/wp\/v2\/media\/13417"}],"wp:attachment":[{"href":"https:\/\/www.vfl-westercelle.de\/fb\/wp-json\/wp\/v2\/media?parent=13414"}],"wp:term":[{"taxonomy":"category","embeddable":true,"href":"https:\/\/www.vfl-westercelle.de\/fb\/wp-json\/wp\/v2\/categories?post=13414"},{"taxonomy":"post_tag","embeddable":true,"href":"https:\/\/www.vfl-westercelle.de\/fb\/wp-json\/wp\/v2\/tags?post=13414"}],"curies":[{"name":"wp","href":"https:\/\/api.w.org\/{rel}","templated":true}]}}