{"id":13661,"date":"2020-11-09T17:22:33","date_gmt":"2020-11-09T16:22:33","guid":{"rendered":"http:\/\/www.vfl-westercelle.de\/fb\/?p=13661"},"modified":"2021-01-29T22:46:20","modified_gmt":"2021-01-29T21:46:20","slug":"gute-besserung-mayla","status":"publish","type":"post","link":"https:\/\/www.vfl-westercelle.de\/fb\/gute-besserung-mayla\/","title":{"rendered":"Gute Besserung, Mayla!"},"content":{"rendered":"\n<p>Vor dem Spiel der 2. Herren haben Spartenleiter Christopher Menge und Kapit\u00e4n Timo Papendieck 450\u20ac an den Vater der Sechsj\u00e4hrigen Mayla aus Wathlingen \u00fcbergeben. Mayla leidet an Krebs und die Familie braucht Unterst\u00fctzung. Zusammengekommen war das Geld beim Spiel der 2. Herren gegen den TS Wienhausen.<\/p>\n\n\n\n<p>Vielen Dank an alle Unterst\u00fctzer und gute Besserung, Mayla!<\/p>\n\n\n\n<p><\/p>\n\n\n\n<p>Wir k\u00f6nnen mit einer guten Nachricht aufwarten: Laut der Celleschen Zeitung ist Mayla mittlerweile vom Krebs befreit! Alles Gute, Mayla, wir freuen uns mit dir!<\/p>\n","protected":false},"excerpt":{"rendered":"<p>Vor dem Spiel der 2. Herren haben Spartenleiter Christopher Menge und Kapit\u00e4n Timo Papendieck 450\u20ac an den Vater der Sechsj\u00e4hrigen Mayla aus Wathlingen \u00fcbergeben. Mayla leidet an Krebs und die Familie braucht Unterst\u00fctzung. Zusammengekommen war das Geld beim Spiel der 2. Herren gegen den TS Wienhausen. Vielen Dank an alle Unterst\u00fctzer und gute Besserung, Mayla! <a class=\"read-more-link\" href=\"https:\/\/www.vfl-westercelle.de\/fb\/gute-besserung-mayla\/\">[&#8230; weiterlesen]<\/a><\/p>\n","protected":false},"author":9,"featured_media":13660,"comment_status":"closed","ping_status":"closed","sticky":false,"template":"","format":"standard","meta":{"footnotes":""},"categories":[17],"tags":[],"class_list":["post-13661","post","type-post","status-publish","format-standard","has-post-thumbnail","hentry","category-fussball"],"_links":{"self":[{"href":"https:\/\/www.vfl-westercelle.de\/fb\/wp-json\/wp\/v2\/posts\/13661","targetHints":{"allow":["GET"]}}],"collection":[{"href":"https:\/\/www.vfl-westercelle.de\/fb\/wp-json\/wp\/v2\/posts"}],"about":[{"href":"https:\/\/www.vfl-westercelle.de\/fb\/wp-json\/wp\/v2\/types\/post"}],"author":[{"embeddable":true,"href":"https:\/\/www.vfl-westercelle.de\/fb\/wp-json\/wp\/v2\/users\/9"}],"replies":[{"embeddable":true,"href":"https:\/\/www.vfl-westercelle.de\/fb\/wp-json\/wp\/v2\/comments?post=13661"}],"version-history":[{"count":2,"href":"https:\/\/www.vfl-westercelle.de\/fb\/wp-json\/wp\/v2\/posts\/13661\/revisions"}],"predecessor-version":[{"id":13666,"href":"https:\/\/www.vfl-westercelle.de\/fb\/wp-json\/wp\/v2\/posts\/13661\/revisions\/13666"}],"wp:featuredmedia":[{"embeddable":true,"href":"https:\/\/www.vfl-westercelle.de\/fb\/wp-json\/wp\/v2\/media\/13660"}],"wp:attachment":[{"href":"https:\/\/www.vfl-westercelle.de\/fb\/wp-json\/wp\/v2\/media?parent=13661"}],"wp:term":[{"taxonomy":"category","embeddable":true,"href":"https:\/\/www.vfl-westercelle.de\/fb\/wp-json\/wp\/v2\/categories?post=13661"},{"taxonomy":"post_tag","embeddable":true,"href":"https:\/\/www.vfl-westercelle.de\/fb\/wp-json\/wp\/v2\/tags?post=13661"}],"curies":[{"name":"wp","href":"https:\/\/api.w.org\/{rel}","templated":true}]}}