{"id":13667,"date":"2020-09-28T16:09:26","date_gmt":"2020-09-28T14:09:26","guid":{"rendered":"http:\/\/www.vfl-westercelle.de\/fb\/?p=13667"},"modified":"2020-12-07T17:29:13","modified_gmt":"2020-12-07T16:29:13","slug":"auszeichnung-fuer-unser-trainerteam","status":"publish","type":"post","link":"https:\/\/www.vfl-westercelle.de\/fb\/auszeichnung-fuer-unser-trainerteam\/","title":{"rendered":"Auszeichnung f\u00fcr unser Trainerteam"},"content":{"rendered":"\n<p>Vor dem Heimspiel der 1. Herren am 27. September sind Heiko Vollmer, Axel G\u00fcllert und Burkhard Persuhn offiziell verabschiedet verabschiedet worden. F\u00fcr ihre jahrelange tolle Arbeit in der 1. Herren wurden die drei zu VfL-Ehrenmenschen ernannt! Heiko und Foley f\u00fchrten die 1. Herren zwei Mal in die Landelsiga, Buggis Engagement als Betreuer sucht seines Gleichen.<\/p>\n\n\n\n<p>Danke f\u00fcr euer Engagement!<\/p>\n","protected":false},"excerpt":{"rendered":"<p>Vor dem Heimspiel der 1. Herren am 27. September sind Heiko Vollmer, Axel G\u00fcllert und Burkhard Persuhn offiziell verabschiedet verabschiedet worden. F\u00fcr ihre jahrelange tolle Arbeit in der 1. Herren wurden die drei zu VfL-Ehrenmenschen ernannt! Heiko und Foley f\u00fchrten die 1. Herren zwei Mal in die Landelsiga, Buggis Engagement als Betreuer sucht seines Gleichen. <a class=\"read-more-link\" href=\"https:\/\/www.vfl-westercelle.de\/fb\/auszeichnung-fuer-unser-trainerteam\/\">[&#8230; weiterlesen]<\/a><\/p>\n","protected":false},"author":9,"featured_media":13672,"comment_status":"closed","ping_status":"closed","sticky":false,"template":"","format":"standard","meta":{"footnotes":""},"categories":[17],"tags":[430],"class_list":["post-13667","post","type-post","status-publish","format-standard","has-post-thumbnail","hentry","category-fussball","tag-ehrenmensch"],"_links":{"self":[{"href":"https:\/\/www.vfl-westercelle.de\/fb\/wp-json\/wp\/v2\/posts\/13667","targetHints":{"allow":["GET"]}}],"collection":[{"href":"https:\/\/www.vfl-westercelle.de\/fb\/wp-json\/wp\/v2\/posts"}],"about":[{"href":"https:\/\/www.vfl-westercelle.de\/fb\/wp-json\/wp\/v2\/types\/post"}],"author":[{"embeddable":true,"href":"https:\/\/www.vfl-westercelle.de\/fb\/wp-json\/wp\/v2\/users\/9"}],"replies":[{"embeddable":true,"href":"https:\/\/www.vfl-westercelle.de\/fb\/wp-json\/wp\/v2\/comments?post=13667"}],"version-history":[{"count":1,"href":"https:\/\/www.vfl-westercelle.de\/fb\/wp-json\/wp\/v2\/posts\/13667\/revisions"}],"predecessor-version":[{"id":13668,"href":"https:\/\/www.vfl-westercelle.de\/fb\/wp-json\/wp\/v2\/posts\/13667\/revisions\/13668"}],"wp:featuredmedia":[{"embeddable":true,"href":"https:\/\/www.vfl-westercelle.de\/fb\/wp-json\/wp\/v2\/media\/13672"}],"wp:attachment":[{"href":"https:\/\/www.vfl-westercelle.de\/fb\/wp-json\/wp\/v2\/media?parent=13667"}],"wp:term":[{"taxonomy":"category","embeddable":true,"href":"https:\/\/www.vfl-westercelle.de\/fb\/wp-json\/wp\/v2\/categories?post=13667"},{"taxonomy":"post_tag","embeddable":true,"href":"https:\/\/www.vfl-westercelle.de\/fb\/wp-json\/wp\/v2\/tags?post=13667"}],"curies":[{"name":"wp","href":"https:\/\/api.w.org\/{rel}","templated":true}]}}