{"id":13673,"date":"2020-09-30T16:20:50","date_gmt":"2020-09-30T14:20:50","guid":{"rendered":"http:\/\/www.vfl-westercelle.de\/fb\/?p=13673"},"modified":"2020-12-07T19:16:49","modified_gmt":"2020-12-07T18:16:49","slug":"trikotuebergane-fuer-kunstrasen-foerderer","status":"publish","type":"post","link":"https:\/\/www.vfl-westercelle.de\/fb\/trikotuebergane-fuer-kunstrasen-foerderer\/","title":{"rendered":"Trikot\u00fcbergabe f\u00fcr Kunstrasen-F\u00f6rderer"},"content":{"rendered":"\n<p>Nach langen Verhandlungen ist es uns gelungen, Oberb\u00fcrgermeister Dr. J\u00f6rg Nigge sowie Dr. Patrick Kuchelmeister und Marleen Tuttlies von der Sparkasse Celle f\u00fcr unser Team zu gewinnen! Die drei sind besonders beim Elfmeterschie\u00dfen nervenstark, wie sie bei der Er\u00f6ffnung des Kunstrasenplatzes im Februar bewiesen haben.<\/p>\n\n\n\n<figure class=\"wp-block-image size-large\"><img loading=\"lazy\" decoding=\"async\" width=\"1030\" height=\"687\" src=\"http:\/\/www.vfl-westercelle.de\/fb\/wp-content\/uploads\/sites\/3\/2020\/11\/trikot-001-1030x687.jpg\" alt=\"\" class=\"wp-image-13669\" srcset=\"https:\/\/www.vfl-westercelle.de\/fb\/wp-content\/uploads\/sites\/3\/2020\/11\/trikot-001-1030x687.jpg 1030w, https:\/\/www.vfl-westercelle.de\/fb\/wp-content\/uploads\/sites\/3\/2020\/11\/trikot-001-300x200.jpg 300w, https:\/\/www.vfl-westercelle.de\/fb\/wp-content\/uploads\/sites\/3\/2020\/11\/trikot-001-768x512.jpg 768w, https:\/\/www.vfl-westercelle.de\/fb\/wp-content\/uploads\/sites\/3\/2020\/11\/trikot-001-1536x1024.jpg 1536w, https:\/\/www.vfl-westercelle.de\/fb\/wp-content\/uploads\/sites\/3\/2020\/11\/trikot-001-2048x1366.jpg 2048w, https:\/\/www.vfl-westercelle.de\/fb\/wp-content\/uploads\/sites\/3\/2020\/11\/trikot-001-1500x1000.jpg 1500w, https:\/\/www.vfl-westercelle.de\/fb\/wp-content\/uploads\/sites\/3\/2020\/11\/trikot-001-705x470.jpg 705w, https:\/\/www.vfl-westercelle.de\/fb\/wp-content\/uploads\/sites\/3\/2020\/11\/trikot-001-128x85.jpg 128w, https:\/\/www.vfl-westercelle.de\/fb\/wp-content\/uploads\/sites\/3\/2020\/11\/trikot-001-32x21.jpg 32w\" sizes=\"auto, (max-width: 1030px) 100vw, 1030px\" \/><\/figure>\n\n\n\n<p>Da sowohl Nigge als auch Kuchelmeister mit der 10 auflaufen sollen, will Spartenleiter Christopher Menge einen Antrag beim NFV stellen. Die Aktion eingef\u00e4delt hat Kathrin F\u00fcndeling, sie soll mit Tuttlies das Sturmduo der neuen Frauenmannschaft bilden.<\/p>\n\n\n\n<p>Vielen Dank noch einmal f\u00fcr die gro\u00dfe Unterst\u00fctzung beim Bau von Celles erstem Fu\u00dfball-Kunstrasenplatz!<\/p>\n","protected":false},"excerpt":{"rendered":"<p>Nach langen Verhandlungen ist es uns gelungen, Oberb\u00fcrgermeister Dr. J\u00f6rg Nigge sowie Dr. Patrick Kuchelmeister und Marleen Tuttlies von der Sparkasse Celle f\u00fcr unser Team zu gewinnen! Die drei sind besonders beim Elfmeterschie\u00dfen nervenstark, wie sie bei der Er\u00f6ffnung des Kunstrasenplatzes im Februar bewiesen haben. Da sowohl Nigge als auch Kuchelmeister mit der 10 auflaufen <a class=\"read-more-link\" href=\"https:\/\/www.vfl-westercelle.de\/fb\/trikotuebergane-fuer-kunstrasen-foerderer\/\">[&#8230; weiterlesen]<\/a><\/p>\n","protected":false},"author":9,"featured_media":13670,"comment_status":"closed","ping_status":"closed","sticky":false,"template":"","format":"standard","meta":{"footnotes":""},"categories":[17],"tags":[264],"class_list":["post-13673","post","type-post","status-publish","format-standard","has-post-thumbnail","hentry","category-fussball","tag-kunstrasen"],"_links":{"self":[{"href":"https:\/\/www.vfl-westercelle.de\/fb\/wp-json\/wp\/v2\/posts\/13673","targetHints":{"allow":["GET"]}}],"collection":[{"href":"https:\/\/www.vfl-westercelle.de\/fb\/wp-json\/wp\/v2\/posts"}],"about":[{"href":"https:\/\/www.vfl-westercelle.de\/fb\/wp-json\/wp\/v2\/types\/post"}],"author":[{"embeddable":true,"href":"https:\/\/www.vfl-westercelle.de\/fb\/wp-json\/wp\/v2\/users\/9"}],"replies":[{"embeddable":true,"href":"https:\/\/www.vfl-westercelle.de\/fb\/wp-json\/wp\/v2\/comments?post=13673"}],"version-history":[{"count":3,"href":"https:\/\/www.vfl-westercelle.de\/fb\/wp-json\/wp\/v2\/posts\/13673\/revisions"}],"predecessor-version":[{"id":13684,"href":"https:\/\/www.vfl-westercelle.de\/fb\/wp-json\/wp\/v2\/posts\/13673\/revisions\/13684"}],"wp:featuredmedia":[{"embeddable":true,"href":"https:\/\/www.vfl-westercelle.de\/fb\/wp-json\/wp\/v2\/media\/13670"}],"wp:attachment":[{"href":"https:\/\/www.vfl-westercelle.de\/fb\/wp-json\/wp\/v2\/media?parent=13673"}],"wp:term":[{"taxonomy":"category","embeddable":true,"href":"https:\/\/www.vfl-westercelle.de\/fb\/wp-json\/wp\/v2\/categories?post=13673"},{"taxonomy":"post_tag","embeddable":true,"href":"https:\/\/www.vfl-westercelle.de\/fb\/wp-json\/wp\/v2\/tags?post=13673"}],"curies":[{"name":"wp","href":"https:\/\/api.w.org\/{rel}","templated":true}]}}