{"id":13679,"date":"2020-10-05T09:42:15","date_gmt":"2020-10-05T07:42:15","guid":{"rendered":"http:\/\/www.vfl-westercelle.de\/fb\/?p=13679"},"modified":"2021-03-04T12:50:07","modified_gmt":"2021-03-04T11:50:07","slug":"berufung-in-niedersachsenauswahl","status":"publish","type":"post","link":"https:\/\/www.vfl-westercelle.de\/fb\/berufung-in-niedersachsenauswahl\/","title":{"rendered":"Berufung in Niedersachsenauswahl"},"content":{"rendered":"\n<p>Agit Yavsan aus unserer U14 ist vom Nieders\u00e4chsischen Fu\u00dfballverband zum gemeinsamen Lehrgang mit dem Landesverband Sachsen eingeladen worden! Herzlichen Gl\u00fcckwunsch zu der Nominierung und mach weiter so!<\/p>\n","protected":false},"excerpt":{"rendered":"<p>Agit Yavsan aus unserer U14 ist vom Nieders\u00e4chsischen Fu\u00dfballverband zum gemeinsamen Lehrgang mit dem Landesverband Sachsen eingeladen worden! Herzlichen Gl\u00fcckwunsch zu der Nominierung und mach weiter so!<\/p>\n","protected":false},"author":9,"featured_media":13680,"comment_status":"closed","ping_status":"closed","sticky":false,"template":"","format":"standard","meta":{"footnotes":""},"categories":[17],"tags":[],"class_list":["post-13679","post","type-post","status-publish","format-standard","has-post-thumbnail","hentry","category-fussball"],"_links":{"self":[{"href":"https:\/\/www.vfl-westercelle.de\/fb\/wp-json\/wp\/v2\/posts\/13679","targetHints":{"allow":["GET"]}}],"collection":[{"href":"https:\/\/www.vfl-westercelle.de\/fb\/wp-json\/wp\/v2\/posts"}],"about":[{"href":"https:\/\/www.vfl-westercelle.de\/fb\/wp-json\/wp\/v2\/types\/post"}],"author":[{"embeddable":true,"href":"https:\/\/www.vfl-westercelle.de\/fb\/wp-json\/wp\/v2\/users\/9"}],"replies":[{"embeddable":true,"href":"https:\/\/www.vfl-westercelle.de\/fb\/wp-json\/wp\/v2\/comments?post=13679"}],"version-history":[{"count":2,"href":"https:\/\/www.vfl-westercelle.de\/fb\/wp-json\/wp\/v2\/posts\/13679\/revisions"}],"predecessor-version":[{"id":13682,"href":"https:\/\/www.vfl-westercelle.de\/fb\/wp-json\/wp\/v2\/posts\/13679\/revisions\/13682"}],"wp:featuredmedia":[{"embeddable":true,"href":"https:\/\/www.vfl-westercelle.de\/fb\/wp-json\/wp\/v2\/media\/13680"}],"wp:attachment":[{"href":"https:\/\/www.vfl-westercelle.de\/fb\/wp-json\/wp\/v2\/media?parent=13679"}],"wp:term":[{"taxonomy":"category","embeddable":true,"href":"https:\/\/www.vfl-westercelle.de\/fb\/wp-json\/wp\/v2\/categories?post=13679"},{"taxonomy":"post_tag","embeddable":true,"href":"https:\/\/www.vfl-westercelle.de\/fb\/wp-json\/wp\/v2\/tags?post=13679"}],"curies":[{"name":"wp","href":"https:\/\/api.w.org\/{rel}","templated":true}]}}