{"id":13720,"date":"2020-12-07T17:28:52","date_gmt":"2020-12-07T16:28:52","guid":{"rendered":"http:\/\/www.vfl-westercelle.de\/fb\/?p=13720"},"modified":"2021-03-13T16:22:27","modified_gmt":"2021-03-13T15:22:27","slug":"u9-adventsspiel-sorgt-fuer-zusammenhalt","status":"publish","type":"post","link":"https:\/\/www.vfl-westercelle.de\/fb\/u9-adventsspiel-sorgt-fuer-zusammenhalt\/","title":{"rendered":"U9 Adventsspiel sorgt f\u00fcr Zusammenhalt"},"content":{"rendered":"\n<p>Wirklich gro\u00dfartig, was unsere Mannschaften derzeit auf die Beine stellen! Um die jungen Kicker in der fu\u00dfballlosen Zeit zu unterhalten, hat die U9 ein Adventsspiel durchgef\u00fchrt, bei dem neben Geschicklichkeit auch Kreativit\u00e4t und Wissen gefragt war. Die Kinder mussten zeigen, wie gut sie mit geschlossenen Augen auf einem Bein stehen k\u00f6nnen, wie sie sich ihr Lieblingstrikot vorstellen und ob sie wirklich alle Vornamen ihrer 20 Mitspieler kennen. <\/p>\n\n\n\n<p>Das Ergebnis k\u00f6nnt ihr in dem Video bewundern. Viel Spa\u00df dabei!<\/p>\n\n\n\n<figure class=\"wp-block-video\"><video height=\"480\" style=\"aspect-ratio: 848 \/ 480;\" width=\"848\" controls src=\"http:\/\/www.vfl-westercelle.de\/fb\/wp-content\/uploads\/sites\/3\/2020\/12\/VID-20201206-WA0005.mp4\"><\/video><\/figure>\n","protected":false},"excerpt":{"rendered":"<p>Wirklich gro\u00dfartig, was unsere Mannschaften derzeit auf die Beine stellen! Um die jungen Kicker in der fu\u00dfballlosen Zeit zu unterhalten, hat die U9 ein Adventsspiel durchgef\u00fchrt, bei dem neben Geschicklichkeit auch Kreativit\u00e4t und Wissen gefragt war. Die Kinder mussten zeigen, wie gut sie mit geschlossenen Augen auf einem Bein stehen k\u00f6nnen, wie sie sich ihr <a class=\"read-more-link\" href=\"https:\/\/www.vfl-westercelle.de\/fb\/u9-adventsspiel-sorgt-fuer-zusammenhalt\/\">[&#8230; weiterlesen]<\/a><\/p>\n","protected":false},"author":9,"featured_media":13718,"comment_status":"closed","ping_status":"closed","sticky":false,"template":"","format":"standard","meta":{"footnotes":""},"categories":[17],"tags":[],"class_list":["post-13720","post","type-post","status-publish","format-standard","has-post-thumbnail","hentry","category-fussball"],"_links":{"self":[{"href":"https:\/\/www.vfl-westercelle.de\/fb\/wp-json\/wp\/v2\/posts\/13720","targetHints":{"allow":["GET"]}}],"collection":[{"href":"https:\/\/www.vfl-westercelle.de\/fb\/wp-json\/wp\/v2\/posts"}],"about":[{"href":"https:\/\/www.vfl-westercelle.de\/fb\/wp-json\/wp\/v2\/types\/post"}],"author":[{"embeddable":true,"href":"https:\/\/www.vfl-westercelle.de\/fb\/wp-json\/wp\/v2\/users\/9"}],"replies":[{"embeddable":true,"href":"https:\/\/www.vfl-westercelle.de\/fb\/wp-json\/wp\/v2\/comments?post=13720"}],"version-history":[{"count":1,"href":"https:\/\/www.vfl-westercelle.de\/fb\/wp-json\/wp\/v2\/posts\/13720\/revisions"}],"predecessor-version":[{"id":13721,"href":"https:\/\/www.vfl-westercelle.de\/fb\/wp-json\/wp\/v2\/posts\/13720\/revisions\/13721"}],"wp:featuredmedia":[{"embeddable":true,"href":"https:\/\/www.vfl-westercelle.de\/fb\/wp-json\/wp\/v2\/media\/13718"}],"wp:attachment":[{"href":"https:\/\/www.vfl-westercelle.de\/fb\/wp-json\/wp\/v2\/media?parent=13720"}],"wp:term":[{"taxonomy":"category","embeddable":true,"href":"https:\/\/www.vfl-westercelle.de\/fb\/wp-json\/wp\/v2\/categories?post=13720"},{"taxonomy":"post_tag","embeddable":true,"href":"https:\/\/www.vfl-westercelle.de\/fb\/wp-json\/wp\/v2\/tags?post=13720"}],"curies":[{"name":"wp","href":"https:\/\/api.w.org\/{rel}","templated":true}]}}