{"id":13748,"date":"2021-01-08T10:59:23","date_gmt":"2021-01-08T09:59:23","guid":{"rendered":"http:\/\/www.vfl-westercelle.de\/fb\/?p=13748"},"modified":"2021-03-26T15:49:00","modified_gmt":"2021-03-26T14:49:00","slug":"neu-struktur-der-hannover-96-akademie","status":"publish","type":"post","link":"https:\/\/www.vfl-westercelle.de\/fb\/neu-struktur-der-hannover-96-akademie\/","title":{"rendered":"VfL-Partner: Neue Struktur der Hannover 96-Akademie"},"content":{"rendered":"\n\n\n<p>Hannover 96 wird zur kommenden Saison den j\u00fcngsten Nachwuchsbereich in der Akademie neu strukturieren. Als j\u00fcngste 96-Mannschaft wird k\u00fcnftig nicht mehr die U11, sondern erst die U12 fungieren.<\/p>\n\n\n\n<p><strong>So l\u00e4uft es bisher<\/strong><br>Es ist nur eine kleine, aber wichtige Ver\u00e4nderung: Bisher startete die Nachwuchsarbeit bei 96 mit dem Perspektivteam der U10, das nicht f\u00fcr den Punktspielbetrieb gemeldet wird, sondern nur einmal w\u00f6chentlich trainiert \u2013 Spiele bestreiten die jungen Talente f\u00fcr ihren Stammverein. Bis Ende der Saison 2020\/21, die derzeit durch die Corona-Pandemie ruht, wird die U11 j\u00fcngste 96-Mannschaft bleiben.<\/p>\n\n\n\n<p><strong>Und das \u00e4ndert sich<\/strong><br>Von kommenden Sommer an wird dann die U11 zum Perspektivteam \u2013 und richtig los bei den Roten geht es bei der U12. Von dem sp\u00e4teren Start verspricht sich Hannover 96 gleich mehrere Vorteile f\u00fcr alle Beteiligten. &#8222;Aus mehreren Gr\u00fcnden ist das eine gute Sache&#8220;, sagt Fabian Hellberg, in der 96-Akademie der Sportliche Leiter U10-U15. &#8222;Viele beklagen, dass die Jungs keine Zeit mehr f\u00fcr Freizeit und andere Hobbys haben. Dem k\u00f6nnen wir durch die Verschiebung Rechnung tragen&#8220;, sagt Hellberg. Dahinter steckt auch die Idee, dass die jungen Fu\u00dfballer sich l\u00e4nger ohne Leistungsdruck und ohne erh\u00f6hten zeitlichen Aufwand im gewohnten Umfeld entwickeln k\u00f6nnen. &#8222;Der Spieler steht bei uns im Mittelpunkt, deswegen haben wir im Sinne der Entwicklung jedes einzelnen Spielers entschieden. Entscheidend ist zudem, dass junge Spieler in ihren Heimatvereinen sehr gut ausgebildet werden&#8220;, erkl\u00e4rt Hellberg.<\/p>\n\n\n\n<p><strong>Gute Zusammenarbeit mit Partnerklubs<\/strong><br>&#8222;Die Vereine in der Region machen an der Basis mit den vielen ehrenamtlichen Trainern eine super Arbeit und arbeiten eng mit uns zusammen&#8220;, sagt Hellberg. &#8222;Die Verantwortlichen dort wissen sehr genau, dass ihre Toptalente irgendwann den n\u00e4chsten Schritt machen m\u00fcssen und vertrauen uns.&#8220; Dies sieht man beim TSV Havelse genauso. &#8222;Der TSV Havelse begr\u00fc\u00dft diese Entwicklung. Gerade in diesen jungen Jahren ist selbst bei talentierten Spielern die weitere Entwicklung noch nicht absehbar&#8220;, sagt Jens Kamm, Spartenleiter beim TSV Havelse. Beim TSV Havelse, der jedes Jahr Spieler an Hannover 96 abgibt, finden talentierte Spieler auch au\u00dferhalb der Akademie optimale Entwicklungsm\u00f6glichkeiten vor.<\/p>\n\n\n\n<p><strong>Talente auf dem Sprung<\/strong><br>&#8222;Dass sich Hannover 96 entschieden hat, die Spieler erst ein Jahr sp\u00e4ter in die Akademie zu holen, spricht f\u00fcr die gute Ausbildung in den Heimatvereinen&#8220;, sagt Christopher Menge, Spartenleiter des VfL Westercelle. &#8222;Wir werden weiterhin alles daran setzen, dass unsere talentierten Spieler bestm\u00f6glich f\u00fcr den Sprung von Westercelle nach Hannover vorbereitet sind. Daher legen wir beim VfL Westercelle ein besonderes Augenmerk auf gut ausgebildete Trainer.&#8220;<\/p>\n\n\n\n<p>Kurzum: Eine sogenannte Win-Win-Situation f\u00fcr alle \u2013 nicht zuletzt f\u00fcr die jungen Talente.<\/p>\n\n\n\n<p>Quelle: <a href=\"https:\/\/www.hannover96.de\/aktuelles\/news\/details\/28414-neue-struktur-bei-juengsten-akademieteams-junge-talente-bekommen-mehr-zeit-zum-reifen.html\" target=\"_blank\" rel=\"noreferrer noopener\">https:\/\/www.hannover96.de\/aktuelles\/news\/details\/28414-neue-struktur-bei-juengsten-akademieteams-junge-talente-bekommen-mehr-zeit-zum-reifen.html<\/a> (Homepage von Hannover 96; Autor: hr)<\/p>\n","protected":false},"excerpt":{"rendered":"<p>Hannover 96 wird zur kommenden Saison den j\u00fcngsten Nachwuchsbereich in der Akademie neu strukturieren. Als j\u00fcngste 96-Mannschaft wird k\u00fcnftig nicht mehr die U11, sondern erst die U12 fungieren. So l\u00e4uft es bisherEs ist nur eine kleine, aber wichtige Ver\u00e4nderung: Bisher startete die Nachwuchsarbeit bei 96 mit dem Perspektivteam der U10, das nicht f\u00fcr den Punktspielbetrieb <a class=\"read-more-link\" href=\"https:\/\/www.vfl-westercelle.de\/fb\/neu-struktur-der-hannover-96-akademie\/\">[&#8230; weiterlesen]<\/a><\/p>\n","protected":false},"author":9,"featured_media":13747,"comment_status":"closed","ping_status":"closed","sticky":false,"template":"","format":"standard","meta":{"footnotes":""},"categories":[17],"tags":[],"class_list":["post-13748","post","type-post","status-publish","format-standard","has-post-thumbnail","hentry","category-fussball"],"_links":{"self":[{"href":"https:\/\/www.vfl-westercelle.de\/fb\/wp-json\/wp\/v2\/posts\/13748","targetHints":{"allow":["GET"]}}],"collection":[{"href":"https:\/\/www.vfl-westercelle.de\/fb\/wp-json\/wp\/v2\/posts"}],"about":[{"href":"https:\/\/www.vfl-westercelle.de\/fb\/wp-json\/wp\/v2\/types\/post"}],"author":[{"embeddable":true,"href":"https:\/\/www.vfl-westercelle.de\/fb\/wp-json\/wp\/v2\/users\/9"}],"replies":[{"embeddable":true,"href":"https:\/\/www.vfl-westercelle.de\/fb\/wp-json\/wp\/v2\/comments?post=13748"}],"version-history":[{"count":5,"href":"https:\/\/www.vfl-westercelle.de\/fb\/wp-json\/wp\/v2\/posts\/13748\/revisions"}],"predecessor-version":[{"id":13758,"href":"https:\/\/www.vfl-westercelle.de\/fb\/wp-json\/wp\/v2\/posts\/13748\/revisions\/13758"}],"wp:featuredmedia":[{"embeddable":true,"href":"https:\/\/www.vfl-westercelle.de\/fb\/wp-json\/wp\/v2\/media\/13747"}],"wp:attachment":[{"href":"https:\/\/www.vfl-westercelle.de\/fb\/wp-json\/wp\/v2\/media?parent=13748"}],"wp:term":[{"taxonomy":"category","embeddable":true,"href":"https:\/\/www.vfl-westercelle.de\/fb\/wp-json\/wp\/v2\/categories?post=13748"},{"taxonomy":"post_tag","embeddable":true,"href":"https:\/\/www.vfl-westercelle.de\/fb\/wp-json\/wp\/v2\/tags?post=13748"}],"curies":[{"name":"wp","href":"https:\/\/api.w.org\/{rel}","templated":true}]}}