{"id":15319,"date":"2021-09-27T12:00:02","date_gmt":"2021-09-27T10:00:02","guid":{"rendered":"https:\/\/www.vfl-westercelle.de\/fb\/?p=15319"},"modified":"2021-11-26T18:44:55","modified_gmt":"2021-11-26T17:44:55","slug":"vfl-schiri-reinhard-weger-aus-kreis-schiedsrichter-ausschuss-verabschiedet","status":"publish","type":"post","link":"https:\/\/www.vfl-westercelle.de\/fb\/vfl-schiri-reinhard-weger-aus-kreis-schiedsrichter-ausschuss-verabschiedet\/","title":{"rendered":"VfL-Schiri Reinhard Weger aus Kreis-Schiedsrichter-Ausschuss verabschiedet"},"content":{"rendered":"<div  class='flex_column av-qhfvyv-925e97d3654d41551c5815650e15b7d5 av_one_full  avia-builder-el-0  avia-builder-el-no-sibling  first flex_column_div  '     ><p><section  class='av_textblock_section av-ktu85qsq-62278903ef3d52f0676ae1a4b3193431 '   itemscope=\"itemscope\" itemtype=\"https:\/\/schema.org\/BlogPosting\" itemprop=\"blogPost\" ><div class='avia_textblock'  itemprop=\"text\" ><p>Nach 13 Jahren Ansetzer-T\u00e4tigkeiten im Kreis-Schiedsrichter-Ausschuss wurde unser VfL-Schiri Reinhard Weger auf dem Lehrabend am 20. September von seinen Schiedsrichter-Kameraden verabschiedet. Zusammen mit KSO Michael Frede, der ebenfalls nicht wieder zur Wahl antrat und dem unter stehenden Ovationen f\u00fcr seine Arbeit gedankt wurde, war Weger seit 2008 im KSA als Ansetzer und Coach von Jung-SR aktiv.<\/p>\n<p>In einer kurzen Ansprache gab sein Sohn Hans einen kleinen R\u00fcckblick auf seine Karriere und T\u00e4tigkeiten im Celler Fu\u00dfball und verriet dabei das ein oder andere kleine Geheimnis. Die dem KSA erhalten bleibenden Mitglieder Carsten Kellner und Jannik Heitmann dankten Weger f\u00fcr die stets zuverl\u00e4ssige und vertraunsvolle Zusammenarbeit mit einem gro\u00dfen Pr\u00e4sentkorb voller Leckereien und betonten die entstandenen Freundschaften.<\/p>\n<p>F\u00fcr seine ehrenamtliche Arbeit wurde Weger bereits 2014 mit der silbernen Ehrennadel des NFV-Kreis Celle ausgezeichnet und im Jahr 2019 wurde er &#8211; zusammen mit VfL-Schiri Timo Schmidt &#8211; f\u00fcr seine Verdienste rund um die Celler Schiedsrichter mit dem Preis &#8222;Danke Schiri&#8220; des DFB geehrt. Nun kam noch eine weitere Auszeichnung hinzu: F\u00fcr die jahrelange Arbeit im KSA ehrte ihn der Vorsitzende des NFV-Kreises Celle Jens-Holger Linnewedel mit der goldenen Ehrennadel und dankte ihm f\u00fcr seinen Einsatz.<\/p>\n<\/div><\/section><br \/>\n\n<style type=\"text\/css\" data-created_by=\"avia_inline_auto\" id=\"style-css-av-ku2h7v1b-4cab90dc231eb4aae4059b265241226c\">\n#top .avia-gallery.av-ku2h7v1b-4cab90dc231eb4aae4059b265241226c .avia-gallery-thumb a{\nwidth:50%;\n}\n<\/style>\n<div  class='avia-gallery av-ku2h7v1b-4cab90dc231eb4aae4059b265241226c avia_animate_when_visible  avia-builder-el-2  el_after_av_textblock  el_before_av_textblock  avia_lazyload avia-gallery-animate avia-gallery-1'  itemprop=\"image\" itemscope=\"itemscope\" itemtype=\"https:\/\/schema.org\/ImageObject\" ><meta itemprop=\"contentURL\" content=\"https:\/\/www.vfl-westercelle.de\/fb\/vfl-schiri-reinhard-weger-aus-kreis-schiedsrichter-ausschuss-verabschiedet\/\"><div class='avia-gallery-thumb'><a href=\"https:\/\/www.vfl-westercelle.de\/fb\/wp-content\/uploads\/sites\/3\/2021\/09\/IMG_2231-1030x688.jpeg\" data-srcset=\"https:\/\/www.vfl-westercelle.de\/fb\/wp-content\/uploads\/sites\/3\/2021\/09\/IMG_2231-1030x688.jpeg 1030w, https:\/\/www.vfl-westercelle.de\/fb\/wp-content\/uploads\/sites\/3\/2021\/09\/IMG_2231-300x200.jpeg 300w, https:\/\/www.vfl-westercelle.de\/fb\/wp-content\/uploads\/sites\/3\/2021\/09\/IMG_2231-768x513.jpeg 768w, https:\/\/www.vfl-westercelle.de\/fb\/wp-content\/uploads\/sites\/3\/2021\/09\/IMG_2231-1536x1025.jpeg 1536w, https:\/\/www.vfl-westercelle.de\/fb\/wp-content\/uploads\/sites\/3\/2021\/09\/IMG_2231-2048x1367.jpeg 2048w, https:\/\/www.vfl-westercelle.de\/fb\/wp-content\/uploads\/sites\/3\/2021\/09\/IMG_2231-1500x1001.jpeg 1500w, https:\/\/www.vfl-westercelle.de\/fb\/wp-content\/uploads\/sites\/3\/2021\/09\/IMG_2231-705x471.jpeg 705w, https:\/\/www.vfl-westercelle.de\/fb\/wp-content\/uploads\/sites\/3\/2021\/09\/IMG_2231-128x85.jpeg 128w, https:\/\/www.vfl-westercelle.de\/fb\/wp-content\/uploads\/sites\/3\/2021\/09\/IMG_2231-32x21.jpeg 32w\" data-sizes=\"(max-width: 1030px) 100vw, 1030px\" data-rel='gallery-1' data-prev-img='https:\/\/www.vfl-westercelle.de\/fb\/wp-content\/uploads\/sites\/3\/2021\/09\/IMG_2231-495x400.jpeg' class='first_thumb lightbox ' data-onclick='1' title='VfL-Schiedsrichter Reinhard Weger wird nach 13 Jahren ehrenamtlichen Einsatz aus dem Kreisschiedsrichterausschuss verabschiedet.'  itemprop=\"thumbnailUrl\"  ><img decoding=\"async\" fetchpriority=\"high\" class=\"wp-image-15343 avia-img-lazy-loading-not-15343\"  data-avia-tooltip='VfL-Schiedsrichter Reinhard Weger wird nach 13 Jahren ehrenamtlichen Einsatz aus dem Kreisschiedsrichterausschuss verabschiedet.' src=\"https:\/\/www.vfl-westercelle.de\/fb\/wp-content\/uploads\/sites\/3\/2021\/09\/IMG_2231-495x400.jpeg\" width=\"495\" height=\"400\"  title='Abschied Reinhard Weger KSA (1)' alt='' srcset=\"https:\/\/www.vfl-westercelle.de\/fb\/wp-content\/uploads\/sites\/3\/2021\/09\/IMG_2231-495x400.jpeg 495w, https:\/\/www.vfl-westercelle.de\/fb\/wp-content\/uploads\/sites\/3\/2021\/09\/IMG_2231-845x684.jpeg 845w\" sizes=\"(max-width: 495px) 100vw, 495px\" \/><div class='big-prev-fake'><img decoding=\"async\" loading=\"lazy\" class=\"wp-image-15343 avia-img-lazy-loading-15343\"  width=\"495\" height=\"400\" src=\"https:\/\/www.vfl-westercelle.de\/fb\/wp-content\/uploads\/sites\/3\/2021\/09\/IMG_2231-495x400.jpeg\" title='Abschied Reinhard Weger KSA (1)' alt='' srcset=\"https:\/\/www.vfl-westercelle.de\/fb\/wp-content\/uploads\/sites\/3\/2021\/09\/IMG_2231-495x400.jpeg 495w, https:\/\/www.vfl-westercelle.de\/fb\/wp-content\/uploads\/sites\/3\/2021\/09\/IMG_2231-845x684.jpeg 845w\" sizes=\"auto, (max-width: 495px) 100vw, 495px\" \/><\/div><\/a><a href=\"https:\/\/www.vfl-westercelle.de\/fb\/wp-content\/uploads\/sites\/3\/2021\/09\/IMG_2267-1030x687.jpeg\" data-srcset=\"https:\/\/www.vfl-westercelle.de\/fb\/wp-content\/uploads\/sites\/3\/2021\/09\/IMG_2267-1030x687.jpeg 1030w, https:\/\/www.vfl-westercelle.de\/fb\/wp-content\/uploads\/sites\/3\/2021\/09\/IMG_2267-300x200.jpeg 300w, https:\/\/www.vfl-westercelle.de\/fb\/wp-content\/uploads\/sites\/3\/2021\/09\/IMG_2267-768x512.jpeg 768w, https:\/\/www.vfl-westercelle.de\/fb\/wp-content\/uploads\/sites\/3\/2021\/09\/IMG_2267-1536x1024.jpeg 1536w, https:\/\/www.vfl-westercelle.de\/fb\/wp-content\/uploads\/sites\/3\/2021\/09\/IMG_2267-2048x1365.jpeg 2048w, https:\/\/www.vfl-westercelle.de\/fb\/wp-content\/uploads\/sites\/3\/2021\/09\/IMG_2267-1500x1000.jpeg 1500w, https:\/\/www.vfl-westercelle.de\/fb\/wp-content\/uploads\/sites\/3\/2021\/09\/IMG_2267-705x470.jpeg 705w, https:\/\/www.vfl-westercelle.de\/fb\/wp-content\/uploads\/sites\/3\/2021\/09\/IMG_2267-128x85.jpeg 128w, https:\/\/www.vfl-westercelle.de\/fb\/wp-content\/uploads\/sites\/3\/2021\/09\/IMG_2267-32x21.jpeg 32w\" data-sizes=\"(max-width: 1030px) 100vw, 1030px\" data-rel='gallery-1' data-prev-img='https:\/\/www.vfl-westercelle.de\/fb\/wp-content\/uploads\/sites\/3\/2021\/09\/IMG_2267-495x400.jpeg' class='lightbox ' data-onclick='2' title='Neben Reinhard wurde auch Michael Frede (Mitte) aus dem KSA verabschiedet und vom Vorsitzenden des NFV-Kreises Celle, Jens-Holger Linnewedel, geehrt.'  itemprop=\"thumbnailUrl\"  ><img decoding=\"async\" fetchpriority=\"high\" class=\"wp-image-15344 avia-img-lazy-loading-not-15344\"  data-avia-tooltip='Neben Reinhard wurde auch Michael Frede (Mitte) aus dem KSA verabschiedet und vom Vorsitzenden des NFV-Kreises Celle, Jens-Holger Linnewedel, geehrt.' src=\"https:\/\/www.vfl-westercelle.de\/fb\/wp-content\/uploads\/sites\/3\/2021\/09\/IMG_2267-495x400.jpeg\" width=\"495\" height=\"400\"  title='Abschied Reinhard Weger KSA (2)' alt='' srcset=\"https:\/\/www.vfl-westercelle.de\/fb\/wp-content\/uploads\/sites\/3\/2021\/09\/IMG_2267-495x400.jpeg 495w, https:\/\/www.vfl-westercelle.de\/fb\/wp-content\/uploads\/sites\/3\/2021\/09\/IMG_2267-845x684.jpeg 845w\" sizes=\"(max-width: 495px) 100vw, 495px\" \/><div class='big-prev-fake'><img decoding=\"async\" loading=\"lazy\" class=\"wp-image-15344 avia-img-lazy-loading-15344\"  width=\"495\" height=\"400\" src=\"https:\/\/www.vfl-westercelle.de\/fb\/wp-content\/uploads\/sites\/3\/2021\/09\/IMG_2267-495x400.jpeg\" title='Abschied Reinhard Weger KSA (2)' alt='' srcset=\"https:\/\/www.vfl-westercelle.de\/fb\/wp-content\/uploads\/sites\/3\/2021\/09\/IMG_2267-495x400.jpeg 495w, https:\/\/www.vfl-westercelle.de\/fb\/wp-content\/uploads\/sites\/3\/2021\/09\/IMG_2267-845x684.jpeg 845w\" sizes=\"auto, (max-width: 495px) 100vw, 495px\" \/><\/div><\/a><\/div><\/div><br \/>\n<section  class='av_textblock_section av-ku2h6ohp-5176649fb408fc6bb44df310f64d089a '   itemscope=\"itemscope\" itemtype=\"https:\/\/schema.org\/BlogPosting\" itemprop=\"blogPost\" ><div class='avia_textblock'  itemprop=\"text\" ><p>Dabei hat seine Fu\u00dfball Karriere ganz anders begonnen. Zun\u00e4chst war Weger als Trainer der G-Jugend im VfL an der Seitenlinie im Einsatz. Fr\u00fch stellten sich Kreismeister-Titel ein. Weger wuchs mit den jungen Kickern in die h\u00f6heren Altersklassen auf, um zun\u00e4chst 2004 mit der A-Jugend und dann 2006 erneut mit der G-Jugend die Kreismeistertitel zu erringen. 1993 machte er zus\u00e4tzlich zur Trainer C-Lizenz auch noch den SR-Schein und leitete von da an Spiele im Verein und auf neutraler Ebene.<\/p>\n<p>Neben den Spielleitungen engagierte sich Weger schnell als Coach f\u00fcr junge Vereinsschiedsrichter und als SR-Obmann der Fu\u00dfballsparte. Von dort ging es dann in den KSA als Ansetzer f\u00fcr Jugendspiele. Sp\u00e4ter wechselte er in Bereich der Alten Herren- und Altliga-Ansetzungen sowie des Coachings von Jung-SR in ihren ersten Spielen.<\/p>\n<p>Weger bedankte sich bei den Celler Schiedsrichtern f\u00fcr ihren Einsatz und die Zusammenarbeit. Es sei der richtige Moment, um neuen, j\u00fcngeren Kr\u00e4ften Platz zu machen, aber er wird die Zeit nie vergessen. Er sei gespannt darauf, die Lehrabende wieder aus dem Publikum heraus zu beobachten. Und weiter an der Pfeife wird er sowieso bleiben. \u00dcbrigens auch im VfL, wo man ihn bei Jugendspielen im Einsatz erleben kann.<\/p>\n<p>Bild: Lars-Oliver Piontek<\/p>\n<\/div><\/section><\/p><\/div>\n","protected":false},"excerpt":{"rendered":"","protected":false},"author":9,"featured_media":15345,"comment_status":"closed","ping_status":"closed","sticky":false,"template":"","format":"standard","meta":{"footnotes":""},"categories":[17],"tags":[],"class_list":["post-15319","post","type-post","status-publish","format-standard","has-post-thumbnail","hentry","category-fussball"],"_links":{"self":[{"href":"https:\/\/www.vfl-westercelle.de\/fb\/wp-json\/wp\/v2\/posts\/15319","targetHints":{"allow":["GET"]}}],"collection":[{"href":"https:\/\/www.vfl-westercelle.de\/fb\/wp-json\/wp\/v2\/posts"}],"about":[{"href":"https:\/\/www.vfl-westercelle.de\/fb\/wp-json\/wp\/v2\/types\/post"}],"author":[{"embeddable":true,"href":"https:\/\/www.vfl-westercelle.de\/fb\/wp-json\/wp\/v2\/users\/9"}],"replies":[{"embeddable":true,"href":"https:\/\/www.vfl-westercelle.de\/fb\/wp-json\/wp\/v2\/comments?post=15319"}],"version-history":[{"count":5,"href":"https:\/\/www.vfl-westercelle.de\/fb\/wp-json\/wp\/v2\/posts\/15319\/revisions"}],"predecessor-version":[{"id":15349,"href":"https:\/\/www.vfl-westercelle.de\/fb\/wp-json\/wp\/v2\/posts\/15319\/revisions\/15349"}],"wp:featuredmedia":[{"embeddable":true,"href":"https:\/\/www.vfl-westercelle.de\/fb\/wp-json\/wp\/v2\/media\/15345"}],"wp:attachment":[{"href":"https:\/\/www.vfl-westercelle.de\/fb\/wp-json\/wp\/v2\/media?parent=15319"}],"wp:term":[{"taxonomy":"category","embeddable":true,"href":"https:\/\/www.vfl-westercelle.de\/fb\/wp-json\/wp\/v2\/categories?post=15319"},{"taxonomy":"post_tag","embeddable":true,"href":"https:\/\/www.vfl-westercelle.de\/fb\/wp-json\/wp\/v2\/tags?post=15319"}],"curies":[{"name":"wp","href":"https:\/\/api.w.org\/{rel}","templated":true}]}}