{"id":1532,"date":"2018-02-14T15:22:52","date_gmt":"2018-02-14T14:22:52","guid":{"rendered":"http:\/\/www.vfl-westercelle.de\/fb\/2018\/02\/14\/u17-steigt-bei-futsal-niedersachsenmeisterschaft-auf-das-treppchen\/"},"modified":"2018-02-14T15:22:52","modified_gmt":"2018-02-14T14:22:52","slug":"u17-steigt-bei-futsal-niedersachsenmeisterschaft-auf-das-treppchen","status":"publish","type":"post","link":"https:\/\/www.vfl-westercelle.de\/fb\/u17-steigt-bei-futsal-niedersachsenmeisterschaft-auf-das-treppchen\/","title":{"rendered":"U17 steigt bei Futsal-Niedersachsenmeisterschaft auf das Treppchen"},"content":{"rendered":"<p>Die B-Junioren des VfL Westercelle d\u00fcrfen sich zu den drei besten Futsal-Teams des Bundeslandes z\u00e4hlen. Am Sonntag sicherten sich die Schwarz-Gelben bei der Futsal-Niedersachsenmeisterschaft in Goldenstedt den dritten Platz, nachdem man sich zuvor \u00fcber den Bezirksvergleich f\u00fcr das Turnier qualifizieren konnte. Nach dem Kreismeistertitel erspielten sich die Westerceller dort den zweiten Platz, was das Ticket f\u00fcr die Landesmeisterschaft l\u00f6ste.<\/p>\n<p>Im f\u00fcr den Vergleich von DFB-St\u00fctzpunkten angelegten \u201eHammes-Modell\u201c wurde es dann ernst, in der ersten Partie sorgten die Schwarz-Gelben mit einem klaren 5:0-Sieg gegen den TuS Garbsen f\u00fcr einen guten Start in das achtk\u00f6pfige Turnier. Nachdem mit dem VFL Oythe der Gegner f\u00fcr die n\u00e4chste Runde ausgelost worden war, schw\u00e4chelte der VfL in der Anfangsphase etwas, fuhr mit einem 4:2 jedoch den zweiten Erfolg des Tages ein.<\/p>\n<p>In der dritten Runde traf man auf einen alten Bekannten aus der Niedersachsenliga, der sich sp\u00e4ter als Turniersieger herausstellen sollte: Gegen den JFV Calenberger Land zogen die Westerceller mit einem 1:4 den K\u00fcrzeren. \u201eDer JFV war der st\u00e4rkste Gegner, sie haben unsere Fehler brutal bestraft und im Endeffekt auch verdient gewonnen\u201c, erkl\u00e4rte VfL-Trainer Maximilian B\u00e4hr.<br \/>\nVor der letzten Partie war die Chance auf den Turniersieg f\u00fcr den VfL bereits verflogen, was sich im Spielverlauf gegen den GVO Oldenburg wiederspiegelte. \u201eWir hatten die bessere Spielanlage aber keine Ideen. Die Luft war raus und die Laufbereitschaft nicht mehr so gegeben\u201c, nannte B\u00e4hr Gr\u00fcnde f\u00fcr die 1:0-Niederlage.<br \/>\nAm Ende \u00e4rgerte er sich \u00fcber den Verlauf: \u201eWir h\u00e4tten das letzte Spiel positiv f\u00fcr uns gestalten m\u00fcssen, dann w\u00e4ren wir zu den norddeutschen Meisterschaften gefahren. Die Jungs haben alles gegeben, man kann ihnen keinen Vorwurf machen. Aber es ist \u00e4rgerlich, da man nicht so schnell wieder zu dieser Chance kommt.\u201c<\/p>\n<p>Trotz der verpassten Chance belegten die Schwarz-Gelben dank ihrer gezeigten Leistungen bei der Niedersachsenmeisterschaft den dritten Platz, f\u00fcr den sie mit Medaillen gew\u00fcrdigt wurden.<\/p>\n","protected":false},"excerpt":{"rendered":"<p>Die B-Junioren des VfL Westercelle d\u00fcrfen sich zu den drei besten Futsal-Teams des Bundeslandes z\u00e4hlen. Am Sonntag sicherten sich die Schwarz-Gelben bei der Futsal-Niedersachsenmeisterschaft in Goldenstedt den dritten Platz, nachdem man sich zuvor \u00fcber den Bezirksvergleich f\u00fcr das Turnier qualifizieren konnte. Nach dem Kreismeistertitel erspielten sich die Westerceller dort den zweiten Platz, was das Ticket <a class=\"read-more-link\" href=\"https:\/\/www.vfl-westercelle.de\/fb\/u17-steigt-bei-futsal-niedersachsenmeisterschaft-auf-das-treppchen\/\">[&#8230; weiterlesen]<\/a><\/p>\n","protected":false},"author":1,"featured_media":1533,"comment_status":"closed","ping_status":"closed","sticky":false,"template":"","format":"standard","meta":{"footnotes":""},"categories":[17],"tags":[],"class_list":["post-1532","post","type-post","status-publish","format-standard","has-post-thumbnail","hentry","category-fussball"],"_links":{"self":[{"href":"https:\/\/www.vfl-westercelle.de\/fb\/wp-json\/wp\/v2\/posts\/1532","targetHints":{"allow":["GET"]}}],"collection":[{"href":"https:\/\/www.vfl-westercelle.de\/fb\/wp-json\/wp\/v2\/posts"}],"about":[{"href":"https:\/\/www.vfl-westercelle.de\/fb\/wp-json\/wp\/v2\/types\/post"}],"author":[{"embeddable":true,"href":"https:\/\/www.vfl-westercelle.de\/fb\/wp-json\/wp\/v2\/users\/1"}],"replies":[{"embeddable":true,"href":"https:\/\/www.vfl-westercelle.de\/fb\/wp-json\/wp\/v2\/comments?post=1532"}],"version-history":[{"count":0,"href":"https:\/\/www.vfl-westercelle.de\/fb\/wp-json\/wp\/v2\/posts\/1532\/revisions"}],"wp:featuredmedia":[{"embeddable":true,"href":"https:\/\/www.vfl-westercelle.de\/fb\/wp-json\/wp\/v2\/media\/1533"}],"wp:attachment":[{"href":"https:\/\/www.vfl-westercelle.de\/fb\/wp-json\/wp\/v2\/media?parent=1532"}],"wp:term":[{"taxonomy":"category","embeddable":true,"href":"https:\/\/www.vfl-westercelle.de\/fb\/wp-json\/wp\/v2\/categories?post=1532"},{"taxonomy":"post_tag","embeddable":true,"href":"https:\/\/www.vfl-westercelle.de\/fb\/wp-json\/wp\/v2\/tags?post=1532"}],"curies":[{"name":"wp","href":"https:\/\/api.w.org\/{rel}","templated":true}]}}