{"id":1534,"date":"2018-02-21T19:44:25","date_gmt":"2018-02-21T18:44:25","guid":{"rendered":"http:\/\/www.vfl-westercelle.de\/fb\/2018\/02\/21\/altbekannte-schwaeche-versperrt-vfl-westercelle-u19-den-weg-aufs-podest\/"},"modified":"2018-02-21T19:45:14","modified_gmt":"2018-02-21T18:45:14","slug":"altbekannte-schwaeche-versperrt-vfl-westercelle-u19-den-weg-aufs-podest","status":"publish","type":"post","link":"https:\/\/www.vfl-westercelle.de\/fb\/altbekannte-schwaeche-versperrt-vfl-westercelle-u19-den-weg-aufs-podest\/","title":{"rendered":"Altbekannte Schw\u00e4che versperrt VfL Westercelle U19 den Weg aufs Podest"},"content":{"rendered":"<p>Nachdem sich die B-Junioren des VfL Westercelle bereits auf Landesebene pr\u00e4sentiert hatten, nahmen auch die schwarz-gelben A-Junioren an der Futsal-Niedersachsenmeisterschaft in Goldenstedt teil. Man hatte sich \u00fcber den Vizetitel bei der Bezirksmeisterschaft im Raum L\u00fcneburg qualifiziert. Nach einem ereignisreichen Tag voller H\u00f6hen und Tiefen stand f\u00fcr den Niedersachsenligisten der vierte Platz auf dem Papier. F\u00fcr das Treppchen hatte es aufgrund des Torverh\u00e4ltnisses nicht mehr gereicht. \u201eDer Turnierverlauf hat leider nicht die gew\u00fcnschte Platzierung gebracht\u201c, \u00e4rgerte sich Trainer Ulrich Busse.<!--more--><\/p>\n<p>Die Westerceller hatten sich unter den acht Mannschaften aus ganz Niedersachsen durchaus Chancen auf eine Qualifizierung f\u00fcr die Norddeutsche Meisterschaft errechnet, doch bereits nach dem zweiten Spiel r\u00fcckte diese in Form des zweiten Platzes in weite Ferne. Nach einer vertretbaren 0:0-Punkteteilung zum Turnierauftakt gegen den Liga-Konkurrenten VfV Borussia Hildesheim 1 mussten sich die Schwarz-Gelben mit 2:0 dem VfL Stenum geschlagen geben. \u201eIm zweiten Spiel war die Bereitschaft nicht da. Wir hatten zwei, drei hochkar\u00e4tige Chancen und h\u00e4tten schon fr\u00fch in F\u00fchrung gehen m\u00fcssen\u201c, erl\u00e4uterte Busse das Problem.<\/p>\n<p>Nach einer taktischen Umstellung im Vorfeld der dritten Partie legte der VfL, der neben Busse von Tarek Gibbah und Horst Putfarcken gecoacht wurde, den Schalter um und startete mit einem 4:0 gegen den SV Lengede die Aufholjagd, die mit einem 2:0-Erfolg \u00fcber die JSG Mitte 2013 erfolgreich zu enden schien. Doch die Chancenverwertung brach der U19 das Genick, ist sich Busse sicher: \u201eWir sind nicht zwingend genug mit unseren Torchancen gewesen und h\u00e4tten mit sechs Toren Unterschied gewinnen m\u00fcssen.\u201c<\/p>\n<p>Aufgrund der Ergebnisse der Konkurrenz war ein Weiterkommen zur Norddeutschen Meisterschaft nicht mehr m\u00f6glich, am Ende fehlte sogar nur ein Tor zum Sprung auf das Treppchen. \u201eDas ist \u00e4rgerlich, aber das Kapitel ist nun f\u00fcr uns beendet\u201c, konstatierte Busse zum Abschluss.<\/p>\n<p>Mit dem vierten Platz im Gep\u00e4ck traten die Celler die Heimreise an, die altbekannten Probleme im Torabschluss wieder mit an Bord. Daran gilt es nun zu arbeiten, ehe am ersten M\u00e4rz-Wochenende der Spielbetrieb in der Niedersachsenliga wieder aufgenommen wird.<\/p>\n","protected":false},"excerpt":{"rendered":"<p>Nachdem sich die B-Junioren des VfL Westercelle bereits auf Landesebene pr\u00e4sentiert hatten, nahmen auch die schwarz-gelben A-Junioren an der Futsal-Niedersachsenmeisterschaft in Goldenstedt teil. Man hatte sich \u00fcber den Vizetitel bei der Bezirksmeisterschaft im Raum L\u00fcneburg qualifiziert. Nach einem ereignisreichen Tag voller H\u00f6hen und Tiefen stand f\u00fcr den Niedersachsenligisten der vierte Platz auf dem Papier. F\u00fcr <a class=\"read-more-link\" href=\"https:\/\/www.vfl-westercelle.de\/fb\/altbekannte-schwaeche-versperrt-vfl-westercelle-u19-den-weg-aufs-podest\/\">[&#8230; weiterlesen]<\/a><\/p>\n","protected":false},"author":1,"featured_media":1537,"comment_status":"closed","ping_status":"closed","sticky":false,"template":"","format":"standard","meta":{"footnotes":""},"categories":[17],"tags":[],"class_list":["post-1534","post","type-post","status-publish","format-standard","has-post-thumbnail","hentry","category-fussball"],"_links":{"self":[{"href":"https:\/\/www.vfl-westercelle.de\/fb\/wp-json\/wp\/v2\/posts\/1534","targetHints":{"allow":["GET"]}}],"collection":[{"href":"https:\/\/www.vfl-westercelle.de\/fb\/wp-json\/wp\/v2\/posts"}],"about":[{"href":"https:\/\/www.vfl-westercelle.de\/fb\/wp-json\/wp\/v2\/types\/post"}],"author":[{"embeddable":true,"href":"https:\/\/www.vfl-westercelle.de\/fb\/wp-json\/wp\/v2\/users\/1"}],"replies":[{"embeddable":true,"href":"https:\/\/www.vfl-westercelle.de\/fb\/wp-json\/wp\/v2\/comments?post=1534"}],"version-history":[{"count":1,"href":"https:\/\/www.vfl-westercelle.de\/fb\/wp-json\/wp\/v2\/posts\/1534\/revisions"}],"predecessor-version":[{"id":1536,"href":"https:\/\/www.vfl-westercelle.de\/fb\/wp-json\/wp\/v2\/posts\/1534\/revisions\/1536"}],"wp:featuredmedia":[{"embeddable":true,"href":"https:\/\/www.vfl-westercelle.de\/fb\/wp-json\/wp\/v2\/media\/1537"}],"wp:attachment":[{"href":"https:\/\/www.vfl-westercelle.de\/fb\/wp-json\/wp\/v2\/media?parent=1534"}],"wp:term":[{"taxonomy":"category","embeddable":true,"href":"https:\/\/www.vfl-westercelle.de\/fb\/wp-json\/wp\/v2\/categories?post=1534"},{"taxonomy":"post_tag","embeddable":true,"href":"https:\/\/www.vfl-westercelle.de\/fb\/wp-json\/wp\/v2\/tags?post=1534"}],"curies":[{"name":"wp","href":"https:\/\/api.w.org\/{rel}","templated":true}]}}