{"id":1538,"date":"2018-02-21T19:49:38","date_gmt":"2018-02-21T18:49:38","guid":{"rendered":"http:\/\/www.vfl-westercelle.de\/fb\/2018\/02\/21\/nicht-selbstverstaendlich-in-dieser-liga-spielen-zu-duerfen\/"},"modified":"2018-05-23T17:53:59","modified_gmt":"2018-05-23T15:53:59","slug":"nicht-selbstverstaendlich-in-dieser-liga-spielen-zu-duerfen","status":"publish","type":"post","link":"https:\/\/www.vfl-westercelle.de\/fb\/nicht-selbstverstaendlich-in-dieser-liga-spielen-zu-duerfen\/","title":{"rendered":"Nicht selbstverst\u00e4ndlich in dieser Liga spielen zu d\u00fcrfen"},"content":{"rendered":"<p>Von einem perfekten Start konnte man bei der U17 reden. Die Spieler der von Klaus-Ulrich Fiedler und Maximilian B\u00e4hr trainierten Mannschaft, verf\u00fcgten \u00fcber kaum Erfahrung oberhalb des Bezirks.<\/p>\n<p>Umso \u00fcberraschender der Start in die Saison: die Bundesligagarde des VfL Wolfsburg, mit einigen Nationalspielern best\u00fcckt, wurde im Elfmeterschie\u00dfen aus dem NFV-Pokal geworfen. Auch in der Liga lief es anschlie\u00dfend, sodass der Tabellenf\u00fchrer zwischenzeitlich aus dem bescheidenen Westercelle kam. &#8222;Wir haben uns super vorbereitet und konnten aus dem Wolfsburg-Spiel eine Menge Euphorie mitnehmen. Die ersten f\u00fcnf Spiele in der Liga ungeschlagen zu bleiben, war unglaublich. Auch was f\u00fcr einen tollen Fu\u00dfball wir mit welch einer breiten Brust gespielt haben, war beeindruckend&#8220;, zeigt sich Co-Trainer Max B\u00e4hr vom Saisonstart begeistert.<!--more--><\/p>\n<p>Das folgende Spiel bei der Braunschweiger Eintracht war dann leider der Beginn einer Durststrecke von f\u00fcnf sieglosen Spielen. B\u00e4hr: &#8222;Hier haben wir nicht schlecht gespielt, nur leider zum falschen Zeitpunkt die falschen Entscheidungen getroffen und wurden daraufhin mit 1:4 nach Hause geschickt.&#8220;<\/p>\n<p>Wiedergutmachung f\u00fcr die f\u00fcnf Spiele, aus denen nur zwei Unentschieden resultierten, war dann der letzte Auftritt vor der Winterpause, als man zu Hause die Freien Turner aus Braunschweig empfing. Die Mannschaft wollte mit einem positiven Gef\u00fchl in die Winterpause und tat daf\u00fcr alles. &#8222;Das war eine der besten k\u00e4mpferischen Leistungen&#8220;, zeigt sich B\u00e4hr zufrieden mit dem letzten Heimspiel. Vor dem Spiel sa\u00df die Mannschaft zusammen, entwickelte einen Matchplan und konnte diesen beim 4:0-Sieg mehr als gut umsetzen.<\/p>\n<p>Begeistert war der k\u00fcrzlich vom DFB als Fu\u00dfballheld ausgezeichnete B\u00e4hr auch vom Ausw\u00e4rtsspiel beim JFV Norden. Der Verein erm\u00f6glichte es der Mannschaft einen Tag vorher anzureisen und im Hotel zu \u00fcbernachten. F\u00fcr B\u00e4hr &#8222;eine fantastische Erfahrung, auch wenn wir nicht gewonnen haben.&#8220;<\/p>\n<p>In der R\u00fcckrunde ist das Ziel trotz 18 Punkten und dem f\u00fcnften Rang der Klassenerhalt. &#8222;Wir haben leider nicht die M\u00f6glichkeit gehabt uns vern\u00fcnftig vorzubereiten, da wir gegen\u00fcber anderen Vereinen einfach keinen Kunstrasenplatz haben. Wir konnten lediglich unser Fitnesslevel hochhalten und hatten viele Kranke, die teilweise mehrere Wochen nicht trainieren konnten&#8220;, dr\u00fcckt B\u00e4hr auf die Euphoriebremse. F\u00fcr ihn sei man noch nicht so weit, dass man wieder im Spielfluss sei, er gibt sich aber k\u00e4mpferisch: &#8222;Das wird uns nicht leicht fallen, aber wir werden auch diese schwierige Aufgabe annehmen. Es ist nicht selbstverst\u00e4ndlich in dieser Liga spielen zu d\u00fcrfen, da m\u00fcssen wir immer 100% geben.&#8220;<\/p>\n<p>Vielleicht hilft ja der Erfolg aus der Halle mit gen\u00fcgend breiter Brust aufzutreten: der VfL konnte sich bei den Niedersachsenmeisterschaften im Futsal bis auf den dritten Platz spielen und scheiterte nur knapp an der Qualifikation zu den norddeutschen Ausscheidungen.<\/p>\n<p>Jetzt gilt es die Hinrunde, trotz der widrigen Vorbereitung, zu best\u00e4tigen. Die erste Chance bietet sich am 24.02. beim JFV Calenberger Land.<\/p>\n<p>Text: S\u00f6ren Thalau<br \/>\nFoto: David Borghoff<\/p>\n","protected":false},"excerpt":{"rendered":"<p>Von einem perfekten Start konnte man bei der U17 reden. Die Spieler der von Klaus-Ulrich Fiedler und Maximilian B\u00e4hr trainierten Mannschaft, verf\u00fcgten \u00fcber kaum Erfahrung oberhalb des Bezirks. Umso \u00fcberraschender der Start in die Saison: die Bundesligagarde des VfL Wolfsburg, mit einigen Nationalspielern best\u00fcckt, wurde im Elfmeterschie\u00dfen aus dem NFV-Pokal geworfen. Auch in der Liga <a class=\"read-more-link\" href=\"https:\/\/www.vfl-westercelle.de\/fb\/nicht-selbstverstaendlich-in-dieser-liga-spielen-zu-duerfen\/\">[&#8230; weiterlesen]<\/a><\/p>\n","protected":false},"author":1,"featured_media":1543,"comment_status":"closed","ping_status":"closed","sticky":false,"template":"","format":"standard","meta":{"footnotes":""},"categories":[17],"tags":[],"class_list":["post-1538","post","type-post","status-publish","format-standard","has-post-thumbnail","hentry","category-fussball"],"_links":{"self":[{"href":"https:\/\/www.vfl-westercelle.de\/fb\/wp-json\/wp\/v2\/posts\/1538","targetHints":{"allow":["GET"]}}],"collection":[{"href":"https:\/\/www.vfl-westercelle.de\/fb\/wp-json\/wp\/v2\/posts"}],"about":[{"href":"https:\/\/www.vfl-westercelle.de\/fb\/wp-json\/wp\/v2\/types\/post"}],"author":[{"embeddable":true,"href":"https:\/\/www.vfl-westercelle.de\/fb\/wp-json\/wp\/v2\/users\/1"}],"replies":[{"embeddable":true,"href":"https:\/\/www.vfl-westercelle.de\/fb\/wp-json\/wp\/v2\/comments?post=1538"}],"version-history":[{"count":3,"href":"https:\/\/www.vfl-westercelle.de\/fb\/wp-json\/wp\/v2\/posts\/1538\/revisions"}],"predecessor-version":[{"id":2228,"href":"https:\/\/www.vfl-westercelle.de\/fb\/wp-json\/wp\/v2\/posts\/1538\/revisions\/2228"}],"wp:featuredmedia":[{"embeddable":true,"href":"https:\/\/www.vfl-westercelle.de\/fb\/wp-json\/wp\/v2\/media\/1543"}],"wp:attachment":[{"href":"https:\/\/www.vfl-westercelle.de\/fb\/wp-json\/wp\/v2\/media?parent=1538"}],"wp:term":[{"taxonomy":"category","embeddable":true,"href":"https:\/\/www.vfl-westercelle.de\/fb\/wp-json\/wp\/v2\/categories?post=1538"},{"taxonomy":"post_tag","embeddable":true,"href":"https:\/\/www.vfl-westercelle.de\/fb\/wp-json\/wp\/v2\/tags?post=1538"}],"curies":[{"name":"wp","href":"https:\/\/api.w.org\/{rel}","templated":true}]}}