{"id":1549,"date":"2018-02-21T20:02:54","date_gmt":"2018-02-21T19:02:54","guid":{"rendered":"http:\/\/www.vfl-westercelle.de\/fb\/2018\/02\/21\/cewe-und-schneider-verstaerken-1-herren\/"},"modified":"2018-02-21T20:02:54","modified_gmt":"2018-02-21T19:02:54","slug":"cewe-und-schneider-verstaerken-1-herren","status":"publish","type":"post","link":"https:\/\/www.vfl-westercelle.de\/fb\/cewe-und-schneider-verstaerken-1-herren\/","title":{"rendered":"Cewe und Schneider verst\u00e4rken 1. Herren"},"content":{"rendered":"<p>Im Winter konnte sich der VfL Westercelle mit zwei Neuzug\u00e4ngen verst\u00e4rken. Der 32-j\u00e4hrige Hans-Martin Schneider kommt vom Heidekreisligisten SV Schwarmstedt zur\u00fcck nach Celle. Zuvor lief er zwei Jahre f\u00fcr den Stadtrivalen vom TuS Celle FC auf. Von jenem wechselt der 20-j\u00e4hrige Tim Cewe zur\u00fcck zum VfL, f\u00fcr den er w\u00e4hrend der A-Jugend auflief und auch das Trikot der zweiten Herren schon trug.<!--more--><\/p>\n<p>Das Trainerteam um Heiko Vollmer und Axel G\u00fcllert erhofft sich einiges von den beiden Neuzug\u00e4ngen: &#8222;Mit Hans-Martin haben wir an viel Erfahrung gewonnen und hoffen auf eine Belebung unseres Offensivspiels. Tim ist nahezu auf jeder Position einsetzbar und wird uns auch bei Standards mit seiner Gr\u00f6\u00dfe weiterhelfen.&#8220;<\/p>\n<p>F\u00fcr Cewe war besonders seine VfL-Vergangenheit entscheidend f\u00fcr den Wechsel zur\u00fcck: &#8222;In der Jugend habe ich hier immer gerne gespielt und auch w\u00e4hrend meiner TuS-Zeit immer mal wieder die Spiele besucht.&#8220; Au\u00dferdem sei die sportliche Entwicklung f\u00fcr ihn mehr als gut gegeben. Bei jener verspricht sich der selbstst\u00e4ndige Finanzberater helfen zu k\u00f6nnen: &#8222;Ich w\u00fcrde gerne meinen Teil dazu beitragen die Landesliga zu halten und langfristig zu sichern. Vielleicht kann ich durch meine Erfahrung der ersten Herrenjahre ja dabei helfen die jungen Spieler einzubinden.&#8220; Entt\u00e4uscht ist er im Nachgang jedoch vom Verhalten des TuS FC. &#8222;Zun\u00e4chst gab es f\u00fcr mich keine Freigabe und ich h\u00e4tte bis Mitte Mai nicht spielen d\u00fcrfen. Das hinterl\u00e4sst, bedenkt man meine erbrachten Leistungen, einen kleinen Beigeschmack&#8220;, betont er. Die erbrachten Leistungen beziehen sich dabei vor Allem auf die vergangene Hinserie, in der er sich in den Dienst der Mannschaft stellte, \u00fcberwiegend die Torwarthandschuhe anhatte und seinen Job mehr als ordentlich machte.<\/p>\n<p>Die, hoffentlich bald stattfindenden Spiele, werden dann zeigen wie gut beide dem VfL im Kampf um den Klassenerhalt helfen k\u00f6nnen.<\/p>\n","protected":false},"excerpt":{"rendered":"<p>Im Winter konnte sich der VfL Westercelle mit zwei Neuzug\u00e4ngen verst\u00e4rken. Der 32-j\u00e4hrige Hans-Martin Schneider kommt vom Heidekreisligisten SV Schwarmstedt zur\u00fcck nach Celle. Zuvor lief er zwei Jahre f\u00fcr den Stadtrivalen vom TuS Celle FC auf. Von jenem wechselt der 20-j\u00e4hrige Tim Cewe zur\u00fcck zum VfL, f\u00fcr den er w\u00e4hrend der A-Jugend auflief und auch <a class=\"read-more-link\" href=\"https:\/\/www.vfl-westercelle.de\/fb\/cewe-und-schneider-verstaerken-1-herren\/\">[&#8230; weiterlesen]<\/a><\/p>\n","protected":false},"author":1,"featured_media":1550,"comment_status":"closed","ping_status":"closed","sticky":false,"template":"","format":"standard","meta":{"footnotes":""},"categories":[17],"tags":[],"class_list":["post-1549","post","type-post","status-publish","format-standard","has-post-thumbnail","hentry","category-fussball"],"_links":{"self":[{"href":"https:\/\/www.vfl-westercelle.de\/fb\/wp-json\/wp\/v2\/posts\/1549","targetHints":{"allow":["GET"]}}],"collection":[{"href":"https:\/\/www.vfl-westercelle.de\/fb\/wp-json\/wp\/v2\/posts"}],"about":[{"href":"https:\/\/www.vfl-westercelle.de\/fb\/wp-json\/wp\/v2\/types\/post"}],"author":[{"embeddable":true,"href":"https:\/\/www.vfl-westercelle.de\/fb\/wp-json\/wp\/v2\/users\/1"}],"replies":[{"embeddable":true,"href":"https:\/\/www.vfl-westercelle.de\/fb\/wp-json\/wp\/v2\/comments?post=1549"}],"version-history":[{"count":0,"href":"https:\/\/www.vfl-westercelle.de\/fb\/wp-json\/wp\/v2\/posts\/1549\/revisions"}],"wp:featuredmedia":[{"embeddable":true,"href":"https:\/\/www.vfl-westercelle.de\/fb\/wp-json\/wp\/v2\/media\/1550"}],"wp:attachment":[{"href":"https:\/\/www.vfl-westercelle.de\/fb\/wp-json\/wp\/v2\/media?parent=1549"}],"wp:term":[{"taxonomy":"category","embeddable":true,"href":"https:\/\/www.vfl-westercelle.de\/fb\/wp-json\/wp\/v2\/categories?post=1549"},{"taxonomy":"post_tag","embeddable":true,"href":"https:\/\/www.vfl-westercelle.de\/fb\/wp-json\/wp\/v2\/tags?post=1549"}],"curies":[{"name":"wp","href":"https:\/\/api.w.org\/{rel}","templated":true}]}}