{"id":1551,"date":"2018-02-21T20:15:29","date_gmt":"2018-02-21T19:15:29","guid":{"rendered":"http:\/\/www.vfl-westercelle.de\/fb\/2018\/02\/21\/verdienste-ehrung-fuer-stine-heindorff\/"},"modified":"2018-02-21T20:15:44","modified_gmt":"2018-02-21T19:15:44","slug":"verdienste-ehrung-fuer-stine-heindorff","status":"publish","type":"post","link":"https:\/\/www.vfl-westercelle.de\/fb\/verdienste-ehrung-fuer-stine-heindorff\/","title":{"rendered":"Verdienste Ehrung f\u00fcr Stine Heindorff"},"content":{"rendered":"<p>Im Rahmen der Trainer-Fortbildung im Kreis Celle wurde die Trainerin unsere A-M\u00e4dchen Stine Heindorff mit einer Damen-DFB-Uhr und einem wertvollen Gutschein\u00a0 f\u00fcr ihre Verdienste um den M\u00e4dchenfu\u00dfball im NFV-Kreis Celle geehrt. Die Ehrung nahm Rene Fiebich, Staffelleiter im Spielausschuss, vor und bedankte sich noch einmal recht herzlich. Stine ist seit vielen Jahren als Trainerin bei den M\u00e4dchen im VfL Westercelle unterwegs und verf\u00fcgt nicht nur dort \u00fcber eine hohe Akzeptanz!<\/p>\n<p>Mach bitte weiter so!<\/p>\n<p>Text: Jens-Holger Linnewedel<\/p>\n","protected":false},"excerpt":{"rendered":"<p>Im Rahmen der Trainer-Fortbildung im Kreis Celle wurde die Trainerin unsere A-M\u00e4dchen Stine Heindorff mit einer Damen-DFB-Uhr und einem wertvollen Gutschein\u00a0 f\u00fcr ihre Verdienste um den M\u00e4dchenfu\u00dfball im NFV-Kreis Celle geehrt. Die Ehrung nahm Rene Fiebich, Staffelleiter im Spielausschuss, vor und bedankte sich noch einmal recht herzlich. Stine ist seit vielen Jahren als Trainerin bei <a class=\"read-more-link\" href=\"https:\/\/www.vfl-westercelle.de\/fb\/verdienste-ehrung-fuer-stine-heindorff\/\">[&#8230; weiterlesen]<\/a><\/p>\n","protected":false},"author":1,"featured_media":1554,"comment_status":"closed","ping_status":"closed","sticky":false,"template":"","format":"standard","meta":{"footnotes":""},"categories":[17],"tags":[],"class_list":["post-1551","post","type-post","status-publish","format-standard","has-post-thumbnail","hentry","category-fussball"],"_links":{"self":[{"href":"https:\/\/www.vfl-westercelle.de\/fb\/wp-json\/wp\/v2\/posts\/1551","targetHints":{"allow":["GET"]}}],"collection":[{"href":"https:\/\/www.vfl-westercelle.de\/fb\/wp-json\/wp\/v2\/posts"}],"about":[{"href":"https:\/\/www.vfl-westercelle.de\/fb\/wp-json\/wp\/v2\/types\/post"}],"author":[{"embeddable":true,"href":"https:\/\/www.vfl-westercelle.de\/fb\/wp-json\/wp\/v2\/users\/1"}],"replies":[{"embeddable":true,"href":"https:\/\/www.vfl-westercelle.de\/fb\/wp-json\/wp\/v2\/comments?post=1551"}],"version-history":[{"count":1,"href":"https:\/\/www.vfl-westercelle.de\/fb\/wp-json\/wp\/v2\/posts\/1551\/revisions"}],"predecessor-version":[{"id":1553,"href":"https:\/\/www.vfl-westercelle.de\/fb\/wp-json\/wp\/v2\/posts\/1551\/revisions\/1553"}],"wp:featuredmedia":[{"embeddable":true,"href":"https:\/\/www.vfl-westercelle.de\/fb\/wp-json\/wp\/v2\/media\/1554"}],"wp:attachment":[{"href":"https:\/\/www.vfl-westercelle.de\/fb\/wp-json\/wp\/v2\/media?parent=1551"}],"wp:term":[{"taxonomy":"category","embeddable":true,"href":"https:\/\/www.vfl-westercelle.de\/fb\/wp-json\/wp\/v2\/categories?post=1551"},{"taxonomy":"post_tag","embeddable":true,"href":"https:\/\/www.vfl-westercelle.de\/fb\/wp-json\/wp\/v2\/tags?post=1551"}],"curies":[{"name":"wp","href":"https:\/\/api.w.org\/{rel}","templated":true}]}}