{"id":15560,"date":"2021-10-29T18:43:51","date_gmt":"2021-10-29T16:43:51","guid":{"rendered":"https:\/\/www.vfl-westercelle.de\/fb\/?p=15560"},"modified":"2022-03-21T18:21:40","modified_gmt":"2022-03-21T17:21:40","slug":"jannic-weber-fuer-regionalauswahl-nominiert","status":"publish","type":"post","link":"https:\/\/www.vfl-westercelle.de\/fb\/jannic-weber-fuer-regionalauswahl-nominiert\/","title":{"rendered":"Jannic Weber f\u00fcr Regionalauswahl nominiert!"},"content":{"rendered":"<div  class='flex_column av-zj4020-1095094f522e29952997a0b6d9647e40 av_three_fourth  avia-builder-el-0  el_before_av_one_fourth  avia-builder-el-first  first flex_column_div  '     ><section  class='av_textblock_section av-kvc2twvj-ac97c4074ba89bb056e740b812cfd2e4 '   itemscope=\"itemscope\" itemtype=\"https:\/\/schema.org\/BlogPosting\" itemprop=\"blogPost\" ><div class='avia_textblock'  itemprop=\"text\" ><p>Jannic Weber aus unserer Westerceller U15 ist f\u00fcr die Regionalauswahl Nord\/Ost nominiert! Er \u00fcberzeugte die Trainer bei der Sichtung und geh\u00f6rt zum Kader f\u00fcr die Spiele gegen die U16 des JFV A\/O\/B\/H\/H sowie gegen die Regionalauswahl West.<\/p>\n<p>Der Nieders\u00e4chsische Fu\u00dfballverband stellt drei Regional-Auswahlteams auf, f\u00fcr die man sich \u00fcber die St\u00fctzpunkte und Sichtungsturniere empfehlen kann. <em>&#8222;Wir freuen uns sehr f\u00fcr Jannic.&#8220;<\/em>, sagt U15-Trainer Timon Sieme, <em>&#8222;Er hat sich die Nominierung durch seinen Einsatz in den letzten Wochen verdient.&#8220;<\/em><\/p>\n<p>Herzlichen Gl\u00fcckwunsch, lieber Jannic, zu deinen guten Leistungen und weiterhin viel Spa\u00df am Fu\u00dfball!<\/p>\n<\/div><\/section><\/div><div  class='flex_column av-me593c-c19f836b644d133082c5fc50c8d61bfd av_one_fourth  avia-builder-el-2  el_after_av_three_fourth  avia-builder-el-last  flex_column_div  '     ><style type=\"text\/css\" data-created_by=\"avia_inline_auto\" id=\"style-css-av-kvc2zd66-ebee43a2c2be8584062969d10ff39e4d\">\n.avia-image-container.av-kvc2zd66-ebee43a2c2be8584062969d10ff39e4d img.avia_image{\nbox-shadow:none;\n}\n.avia-image-container.av-kvc2zd66-ebee43a2c2be8584062969d10ff39e4d .av-image-caption-overlay-center{\ncolor:#ffffff;\n}\n<\/style>\n<div  class='avia-image-container av-kvc2zd66-ebee43a2c2be8584062969d10ff39e4d av-styling- avia-align-center  avia-builder-el-3  avia-builder-el-no-sibling '   itemprop=\"image\" itemscope=\"itemscope\" itemtype=\"https:\/\/schema.org\/ImageObject\" ><div class=\"avia-image-container-inner\"><div class=\"avia-image-overlay-wrap\"><img decoding=\"async\" fetchpriority=\"high\" class='wp-image-15561 avia-img-lazy-loading-not-15561 avia_image ' src=\"https:\/\/www.vfl-westercelle.de\/fb\/wp-content\/uploads\/sites\/3\/2021\/10\/mediaday-vfl-225-1-scaled-e1635494088350-300x300.jpg\" alt='' title='Jannic Weber 21-22'  height=\"300\" width=\"300\"  itemprop=\"thumbnailUrl\" srcset=\"https:\/\/www.vfl-westercelle.de\/fb\/wp-content\/uploads\/sites\/3\/2021\/10\/mediaday-vfl-225-1-scaled-e1635494088350-300x300.jpg 300w, https:\/\/www.vfl-westercelle.de\/fb\/wp-content\/uploads\/sites\/3\/2021\/10\/mediaday-vfl-225-1-scaled-e1635494088350-1030x1030.jpg 1030w, https:\/\/www.vfl-westercelle.de\/fb\/wp-content\/uploads\/sites\/3\/2021\/10\/mediaday-vfl-225-1-scaled-e1635494088350-80x80.jpg 80w, https:\/\/www.vfl-westercelle.de\/fb\/wp-content\/uploads\/sites\/3\/2021\/10\/mediaday-vfl-225-1-scaled-e1635494088350-768x768.jpg 768w, https:\/\/www.vfl-westercelle.de\/fb\/wp-content\/uploads\/sites\/3\/2021\/10\/mediaday-vfl-225-1-scaled-e1635494088350-1536x1536.jpg 1536w, https:\/\/www.vfl-westercelle.de\/fb\/wp-content\/uploads\/sites\/3\/2021\/10\/mediaday-vfl-225-1-scaled-e1635494088350-36x36.jpg 36w, https:\/\/www.vfl-westercelle.de\/fb\/wp-content\/uploads\/sites\/3\/2021\/10\/mediaday-vfl-225-1-scaled-e1635494088350-180x180.jpg 180w, https:\/\/www.vfl-westercelle.de\/fb\/wp-content\/uploads\/sites\/3\/2021\/10\/mediaday-vfl-225-1-scaled-e1635494088350-1500x1500.jpg 1500w, https:\/\/www.vfl-westercelle.de\/fb\/wp-content\/uploads\/sites\/3\/2021\/10\/mediaday-vfl-225-1-scaled-e1635494088350-705x705.jpg 705w, https:\/\/www.vfl-westercelle.de\/fb\/wp-content\/uploads\/sites\/3\/2021\/10\/mediaday-vfl-225-1-scaled-e1635494088350-128x128.jpg 128w, https:\/\/www.vfl-westercelle.de\/fb\/wp-content\/uploads\/sites\/3\/2021\/10\/mediaday-vfl-225-1-scaled-e1635494088350-32x32.jpg 32w, https:\/\/www.vfl-westercelle.de\/fb\/wp-content\/uploads\/sites\/3\/2021\/10\/mediaday-vfl-225-1-scaled-e1635494088350.jpg 1625w\" sizes=\"(max-width: 300px) 100vw, 300px\" \/><\/div><\/div><\/div><\/div><\/p>\n","protected":false},"excerpt":{"rendered":"","protected":false},"author":9,"featured_media":15559,"comment_status":"closed","ping_status":"closed","sticky":false,"template":"","format":"standard","meta":{"footnotes":""},"categories":[17],"tags":[],"class_list":["post-15560","post","type-post","status-publish","format-standard","has-post-thumbnail","hentry","category-fussball"],"_links":{"self":[{"href":"https:\/\/www.vfl-westercelle.de\/fb\/wp-json\/wp\/v2\/posts\/15560","targetHints":{"allow":["GET"]}}],"collection":[{"href":"https:\/\/www.vfl-westercelle.de\/fb\/wp-json\/wp\/v2\/posts"}],"about":[{"href":"https:\/\/www.vfl-westercelle.de\/fb\/wp-json\/wp\/v2\/types\/post"}],"author":[{"embeddable":true,"href":"https:\/\/www.vfl-westercelle.de\/fb\/wp-json\/wp\/v2\/users\/9"}],"replies":[{"embeddable":true,"href":"https:\/\/www.vfl-westercelle.de\/fb\/wp-json\/wp\/v2\/comments?post=15560"}],"version-history":[{"count":2,"href":"https:\/\/www.vfl-westercelle.de\/fb\/wp-json\/wp\/v2\/posts\/15560\/revisions"}],"predecessor-version":[{"id":15563,"href":"https:\/\/www.vfl-westercelle.de\/fb\/wp-json\/wp\/v2\/posts\/15560\/revisions\/15563"}],"wp:featuredmedia":[{"embeddable":true,"href":"https:\/\/www.vfl-westercelle.de\/fb\/wp-json\/wp\/v2\/media\/15559"}],"wp:attachment":[{"href":"https:\/\/www.vfl-westercelle.de\/fb\/wp-json\/wp\/v2\/media?parent=15560"}],"wp:term":[{"taxonomy":"category","embeddable":true,"href":"https:\/\/www.vfl-westercelle.de\/fb\/wp-json\/wp\/v2\/categories?post=15560"},{"taxonomy":"post_tag","embeddable":true,"href":"https:\/\/www.vfl-westercelle.de\/fb\/wp-json\/wp\/v2\/tags?post=15560"}],"curies":[{"name":"wp","href":"https:\/\/api.w.org\/{rel}","templated":true}]}}