{"id":1600,"date":"2018-02-28T20:11:37","date_gmt":"2018-02-28T19:11:37","guid":{"rendered":"http:\/\/www.vfl-westercelle.de\/fb\/2018\/02\/28\/neue-trainer-mit-der-entwicklung-der-u16-zufrieden\/"},"modified":"2018-02-28T20:11:37","modified_gmt":"2018-02-28T19:11:37","slug":"neue-trainer-mit-der-entwicklung-der-u16-zufrieden","status":"publish","type":"post","link":"https:\/\/www.vfl-westercelle.de\/fb\/neue-trainer-mit-der-entwicklung-der-u16-zufrieden\/","title":{"rendered":"Neue Trainer mit der Entwicklung der U16 zufrieden"},"content":{"rendered":"<p>F\u00fcr die U16 des VfL Westercelle begann im vergangenen Sommer ein neues Kapitel. Die langj\u00e4hrigen Trainer Marc Siegesmund und Malte Stellmach \u00fcbergaben ihre Jungs nach neun Jahren an Dennis Hadler und S\u00f6ren Thalau.<\/p>\n<p>F\u00fcr Hadler, zuvor Trainer im Nachwuchsbereich bei Hannover 96, begann die Saison schwierig: &#8222;Aufgrund der vielen Urlauber ist die Vorbereitung nicht so gut gelaufen wie wir uns das vorgestellt hatten. Im Pokal sind wir dann zwar gut gestartet (21:0 beim TSV Bienenb\u00fcttel, Anm. d. Red.), hatten in der Liga aber Probleme aufgrund der nicht optimalen Vorbereitung&#8220;, gibt er sich kritisch. Aus den ersten f\u00fcnf Ligaspielen holten die Jungs magere vier Punkte und mussten sich erstmal nach unten orientieren.<!--more--><\/p>\n<p>F\u00fcr den Trainer war das jedoch kein Problem. &#8222;Ich wusste, dass ich meine Zeit brauche bis die Jungs verstehen, was meine Idee ist. Bis zu den Herbstferien hatten wir die Mannschaft weit genug. Die Mannschaft entwickelt sich sehr gut&#8220;, zeigt sich der 29-j\u00e4hrige zufrieden. Anschlie\u00dfend lief es in schwarz und gelb: alle Spiele wurden gewonnen und speziell zu Hause pr\u00e4sentierte man sich als Festung mit perfekter Punktausbeute. Die gute Serie zum Ende der Hinrunde sorgte daf\u00fcr, dass das Team auf dem dritten Tabellenplatz steht, auch wenn die Teams dahinter weniger Spiele bestritten haben.<\/p>\n<p>Besonders war f\u00fcr Hadler der Sieg im R\u00fcckspiel gegen den TSV Lamstedt: &#8222;Eine k\u00e4mpferisch gute Leistung und Wiedergutmachung f\u00fcr die Ausw\u00e4rtsniederlage zu Saisonbeginn.&#8220; Dar\u00fcber hinaus freuen ihn die Leistungen in der Halle, wo man kreisintern in der Endrunde steht und auch beim Turnier des TSV Havelse den oberen Platz des Treppchens erklimmen konnte. Durch seine guten Kontakte sorgt der B-Lizenzler auch f\u00fcr Leistungsvergleiche in der spielfreien Zeit, die schon nach Magdeburg, Hamburg oder Hannover f\u00fchrten. F\u00fcr ihn eine &#8222;gute Weiterentwicklungsm\u00f6glichkeit, auch wenn die Ergebnisse oft negativ ausfallen.&#8220;<\/p>\n<p>Der Startschuss f\u00fcr die R\u00fcckrunde soll am 03.03 erfolgen: im Halbfinale des Bezirkspokals geht es ans andere Ende der Stadt zu den Konkurrenten der SG Eintracht\/TuS Celle. F\u00fcr Liga und Pokal w\u00fcnschen wir dem Team alles Gute.<\/p>\n","protected":false},"excerpt":{"rendered":"<p>F\u00fcr die U16 des VfL Westercelle begann im vergangenen Sommer ein neues Kapitel. Die langj\u00e4hrigen Trainer Marc Siegesmund und Malte Stellmach \u00fcbergaben ihre Jungs nach neun Jahren an Dennis Hadler und S\u00f6ren Thalau. F\u00fcr Hadler, zuvor Trainer im Nachwuchsbereich bei Hannover 96, begann die Saison schwierig: &#8222;Aufgrund der vielen Urlauber ist die Vorbereitung nicht so <a class=\"read-more-link\" href=\"https:\/\/www.vfl-westercelle.de\/fb\/neue-trainer-mit-der-entwicklung-der-u16-zufrieden\/\">[&#8230; weiterlesen]<\/a><\/p>\n","protected":false},"author":1,"featured_media":1601,"comment_status":"closed","ping_status":"closed","sticky":false,"template":"","format":"standard","meta":{"footnotes":""},"categories":[17],"tags":[],"class_list":["post-1600","post","type-post","status-publish","format-standard","has-post-thumbnail","hentry","category-fussball"],"_links":{"self":[{"href":"https:\/\/www.vfl-westercelle.de\/fb\/wp-json\/wp\/v2\/posts\/1600","targetHints":{"allow":["GET"]}}],"collection":[{"href":"https:\/\/www.vfl-westercelle.de\/fb\/wp-json\/wp\/v2\/posts"}],"about":[{"href":"https:\/\/www.vfl-westercelle.de\/fb\/wp-json\/wp\/v2\/types\/post"}],"author":[{"embeddable":true,"href":"https:\/\/www.vfl-westercelle.de\/fb\/wp-json\/wp\/v2\/users\/1"}],"replies":[{"embeddable":true,"href":"https:\/\/www.vfl-westercelle.de\/fb\/wp-json\/wp\/v2\/comments?post=1600"}],"version-history":[{"count":0,"href":"https:\/\/www.vfl-westercelle.de\/fb\/wp-json\/wp\/v2\/posts\/1600\/revisions"}],"wp:featuredmedia":[{"embeddable":true,"href":"https:\/\/www.vfl-westercelle.de\/fb\/wp-json\/wp\/v2\/media\/1601"}],"wp:attachment":[{"href":"https:\/\/www.vfl-westercelle.de\/fb\/wp-json\/wp\/v2\/media?parent=1600"}],"wp:term":[{"taxonomy":"category","embeddable":true,"href":"https:\/\/www.vfl-westercelle.de\/fb\/wp-json\/wp\/v2\/categories?post=1600"},{"taxonomy":"post_tag","embeddable":true,"href":"https:\/\/www.vfl-westercelle.de\/fb\/wp-json\/wp\/v2\/tags?post=1600"}],"curies":[{"name":"wp","href":"https:\/\/api.w.org\/{rel}","templated":true}]}}