{"id":1615,"date":"2018-03-12T18:04:02","date_gmt":"2018-03-12T17:04:02","guid":{"rendered":"http:\/\/www.vfl-westercelle.de\/fb\/2018\/03\/12\/14-neue-schiedsrichter-fuer-den-vfl\/"},"modified":"2018-03-12T18:04:02","modified_gmt":"2018-03-12T17:04:02","slug":"14-neue-schiedsrichter-fuer-den-vfl","status":"publish","type":"post","link":"https:\/\/www.vfl-westercelle.de\/fb\/14-neue-schiedsrichter-fuer-den-vfl\/","title":{"rendered":"14 neue Schiedsrichter f\u00fcr den VfL"},"content":{"rendered":"<p>F\u00fcnf Wochen Arbeit, neun Lehrabende und 136 Seiten Regelwissen. Das haben 43 Fu\u00dfballer aus dem NFV-Kreis Celle seit Freitag hinter sich, dort bestanden 39 von ihnen die Pr\u00fcfung zum Schiedsrichter. 14 unter ihnen geh\u00f6ren dem VfL Westercelle an, jeder hat bestanden. Besonders erfreulich ist aus VfL-Sicht, dass es mit Laura Birkel auch wieder eine Fu\u00dfballerin geschafft hat &#8211; sogar mit null Punkten.<!--more--><\/p>\n<p>Ausgebildet wurden sie in diesem Jahr erstmalig von den beiden neuen Lehrwarten Jannik Heitmann (TS Wienhausen) und dem VfL-Schiedsrichterbeauftragten S\u00f6ren Thalau. Letzterer ist mit dem Ergebnis mehr als zufrieden: &#8222;Das ist eine richtig gute Quote. Alle haben super mitgemacht und dass 14 VfLer bestehen, freut mich aus Vereinssicht umso mehr.&#8220;<\/p>\n<p>Bezirkslehrwart Martin Zornow, der die Pr\u00fcfung abnahm, bescheinigte allen Beteiligten eine &#8222;gute Arbeit&#8220; und gratulierte den neuen Schiedsrichtern.<\/p>\n<p>F\u00fcr den VfL von nun an an der Pfeife: Dennis Hadler, Maximilian B\u00e4hr, Sebastian Brammer, Jakob Kramer, Justin Haaf, Maximilian Hammerschmidt, Eric Schlumbohm, Moritz Jurzica, Daniel Echner, Jonas Rhode, Marek Schumann, Dominik G\u00e4rtner, Lucas Dobroschke, Laura Birkel.<\/p>\n","protected":false},"excerpt":{"rendered":"<p>F\u00fcnf Wochen Arbeit, neun Lehrabende und 136 Seiten Regelwissen. Das haben 43 Fu\u00dfballer aus dem NFV-Kreis Celle seit Freitag hinter sich, dort bestanden 39 von ihnen die Pr\u00fcfung zum Schiedsrichter. 14 unter ihnen geh\u00f6ren dem VfL Westercelle an, jeder hat bestanden. Besonders erfreulich ist aus VfL-Sicht, dass es mit Laura Birkel auch wieder eine Fu\u00dfballerin <a class=\"read-more-link\" href=\"https:\/\/www.vfl-westercelle.de\/fb\/14-neue-schiedsrichter-fuer-den-vfl\/\">[&#8230; weiterlesen]<\/a><\/p>\n","protected":false},"author":1,"featured_media":1616,"comment_status":"closed","ping_status":"closed","sticky":false,"template":"","format":"standard","meta":{"footnotes":""},"categories":[17],"tags":[],"class_list":["post-1615","post","type-post","status-publish","format-standard","has-post-thumbnail","hentry","category-fussball"],"_links":{"self":[{"href":"https:\/\/www.vfl-westercelle.de\/fb\/wp-json\/wp\/v2\/posts\/1615","targetHints":{"allow":["GET"]}}],"collection":[{"href":"https:\/\/www.vfl-westercelle.de\/fb\/wp-json\/wp\/v2\/posts"}],"about":[{"href":"https:\/\/www.vfl-westercelle.de\/fb\/wp-json\/wp\/v2\/types\/post"}],"author":[{"embeddable":true,"href":"https:\/\/www.vfl-westercelle.de\/fb\/wp-json\/wp\/v2\/users\/1"}],"replies":[{"embeddable":true,"href":"https:\/\/www.vfl-westercelle.de\/fb\/wp-json\/wp\/v2\/comments?post=1615"}],"version-history":[{"count":0,"href":"https:\/\/www.vfl-westercelle.de\/fb\/wp-json\/wp\/v2\/posts\/1615\/revisions"}],"wp:featuredmedia":[{"embeddable":true,"href":"https:\/\/www.vfl-westercelle.de\/fb\/wp-json\/wp\/v2\/media\/1616"}],"wp:attachment":[{"href":"https:\/\/www.vfl-westercelle.de\/fb\/wp-json\/wp\/v2\/media?parent=1615"}],"wp:term":[{"taxonomy":"category","embeddable":true,"href":"https:\/\/www.vfl-westercelle.de\/fb\/wp-json\/wp\/v2\/categories?post=1615"},{"taxonomy":"post_tag","embeddable":true,"href":"https:\/\/www.vfl-westercelle.de\/fb\/wp-json\/wp\/v2\/tags?post=1615"}],"curies":[{"name":"wp","href":"https:\/\/api.w.org\/{rel}","templated":true}]}}