{"id":1617,"date":"2018-03-25T21:44:02","date_gmt":"2018-03-25T19:44:02","guid":{"rendered":"http:\/\/www.vfl-westercelle.de\/fb\/2018\/03\/25\/hallensaison-bringt-medaillenregen-fuer-westerceller-jugendteams\/"},"modified":"2019-01-08T15:04:08","modified_gmt":"2019-01-08T14:04:08","slug":"hallensaison-bringt-medaillenregen-fuer-westerceller-jugendteams","status":"publish","type":"post","link":"https:\/\/www.vfl-westercelle.de\/fb\/hallensaison-bringt-medaillenregen-fuer-westerceller-jugendteams\/","title":{"rendered":"Hallensaison bringt Medaillenregen f\u00fcr Westerceller Jugendteams"},"content":{"rendered":"<p>Auch in diesem Jahr ging es in den Sporthallen im Celler Landkreis wieder hoch her. Hunderte Spiele, tausende Tore, Tr\u00e4nen und Jubelschreie. Bei den Siegerehrungen fiel immer wieder eine Farbkombination direkt ins Auge: schwarz-gelb. Je f\u00fcnf Mal Gold und Bronze stehen sechs Silbermedaillen gegen\u00fcber. Die Jugendmannschaften des VfL Westercelle pr\u00e4sentierten sich erneut eindrucksvoll und feierten einige Erfolge \u2013 dies nicht nur auf Kreisebene.<!--more--><\/p>\n<p>Die U19 unter der Leitung von Ulrich Busse, Tarek Gibbah und Horst Putfarcken sicherte sich den Kreismeistertitel, gefolgt von der U19 II von Marc Siegesmund und Malte Stellmach auf dem zweiten Platz, ehe man sich mit der Silbermedaille bei den Bezirksmeisterschaften f\u00fcr die Landesmeisterschaft qualifizierte. Dort reichte es jedoch nicht f\u00fcr das Treppchen, der Niedersachsenligist beendete seine letzte Hallensaison als viertbeste Mannschaft Niedersachsens. In derselben Altersklasse erspielten sich die A-Juniorinnen von Trainerin Stine Heindorff, die f\u00fcr ihr Engagement f\u00fcr den Celler M\u00e4dchen-Fu\u00dfball ausgezeichnet wurde, den dritten Platz im Kreisvergleich.<\/p>\n<p>Noch ein St\u00fcck erfolgreicher als die m\u00e4nnliche A-Jugend schnitt die U17 ab. Die ebenfalls in der Niedersachsenliga spielende Mannschaft von Klaus-Ulrich Fiedler und Maximilian B\u00e4hr wurde genauso Kreismeister und stellte gleich noch den Vize-Kreismeister mit dazu, ehe bei der Bezirksmeisterschaft der zweite Platz heraussprang. Bei der Landesmeisterschaft scheiterte man knapp an der Qualifikation f\u00fcr die Norddeutsche Meisterschaft, stieg mit dem dritten Platz jedoch auf das Treppchen. Dennis Hadler und S\u00f6ren Thalau freuten sich mit ihrer U16 \u00fcber den Kreismeistertitel, den ebenso die U15 erringen konnte. Unter der Leitung von Jonas Sieme und Fahed Dermech sprang neben dem Titel Bronze heraus, beim Bezirksvergleich reichte es jedoch nicht zum gro\u00dfen Wurf.<\/p>\n<p>Die C-M\u00e4dchen taten es ihrem Pendant in der A-Jugend nach, indem sich die Mannschaft der Trainer Bernd Schr\u00f6der, Niklas Stremmel und Frank Heumann den dritten Platz auf Kreisebene sicherte.<\/p>\n<p>Bei der U14-Kreismeisterschaft spielten sich dramatische Szenen ab, da die Entscheidungen stets im Sechsmeter-Schie\u00dfen fielen. Nachdem die beiden Westerceller-Mannschaften bereits gegeneinander angetreten waren, zogen beide Teams im zweiten Durchgang den K\u00fcrzeren. Die Sch\u00fctzlinge von Steffen Petrick und Jan Lindner freuten sich dennoch \u00fcber den zweiten sowie vierten Platz.<\/p>\n<p>Erfolgreicher lief die Kreismeisterschaft der U13 von Jens Tjaden, J\u00f6rg Hoppenstedt und Stephan Wagner ab: Alle Spiele wurden bis auf eine Punkteteilung gewonnen, was mit dem Kreismeistertitel belohnt wurde. Bei der Bezirksmeisterschaft kamen dann auch Niederlagen hinzu, was ein erfolgreicheres Abschneiden verhinderte.<\/p>\n<p>Lars Trautmann und Siggi Schulze erreichten mit ihrer U12 die Endrunde, waren jedoch nach der Gruppenphase schon zum Zuschauen verdammt. Anders bei der U11 von Timon Sieme und Sascha Godau, die sich hinter dem ASV Fa\u00dfberg die Silbermedaille holte. Das Sechsmeter-Schie\u00dfen hatte eine Entscheidung herbeif\u00fchren m\u00fcssen.<\/p>\n<p>Auch die U10 musste sich dem sp\u00e4teren Hallenkreismeister JSG S\u00fcdheide geschlagen geben, am Ende freute man sich dennoch mit der Bronzemedaille um den Hals \u00fcber die gezeigte Leistung.<\/p>\n<p>F\u00fcr die J\u00fcngsten des VfL wurden die ersten Erfahrungen gemacht: W\u00e4hrend die U9 den Einzug in die Endrunde knapp verpasste, meisterte die U8 diesen Schritt. Bei der Kreismeisterschaft gingen die Jungspunde jedoch leer aus. Ohne Wertung liefen die Spiele der U7 ab, eine Belohnung gab es dennoch: Aufgrund der gezeigten Leistungen qualifizierte sich das Team f\u00fcr das AKH-Benefizturnier.<\/p>\n","protected":false},"excerpt":{"rendered":"<p>Auch in diesem Jahr ging es in den Sporthallen im Celler Landkreis wieder hoch her. Hunderte Spiele, tausende Tore, Tr\u00e4nen und Jubelschreie. Bei den Siegerehrungen fiel immer wieder eine Farbkombination direkt ins Auge: schwarz-gelb. Je f\u00fcnf Mal Gold und Bronze stehen sechs Silbermedaillen gegen\u00fcber. Die Jugendmannschaften des VfL Westercelle pr\u00e4sentierten sich erneut eindrucksvoll und feierten <a class=\"read-more-link\" href=\"https:\/\/www.vfl-westercelle.de\/fb\/hallensaison-bringt-medaillenregen-fuer-westerceller-jugendteams\/\">[&#8230; weiterlesen]<\/a><\/p>\n","protected":false},"author":1,"featured_media":1618,"comment_status":"closed","ping_status":"closed","sticky":false,"template":"","format":"standard","meta":{"footnotes":""},"categories":[17],"tags":[],"class_list":["post-1617","post","type-post","status-publish","format-standard","has-post-thumbnail","hentry","category-fussball"],"_links":{"self":[{"href":"https:\/\/www.vfl-westercelle.de\/fb\/wp-json\/wp\/v2\/posts\/1617","targetHints":{"allow":["GET"]}}],"collection":[{"href":"https:\/\/www.vfl-westercelle.de\/fb\/wp-json\/wp\/v2\/posts"}],"about":[{"href":"https:\/\/www.vfl-westercelle.de\/fb\/wp-json\/wp\/v2\/types\/post"}],"author":[{"embeddable":true,"href":"https:\/\/www.vfl-westercelle.de\/fb\/wp-json\/wp\/v2\/users\/1"}],"replies":[{"embeddable":true,"href":"https:\/\/www.vfl-westercelle.de\/fb\/wp-json\/wp\/v2\/comments?post=1617"}],"version-history":[{"count":1,"href":"https:\/\/www.vfl-westercelle.de\/fb\/wp-json\/wp\/v2\/posts\/1617\/revisions"}],"predecessor-version":[{"id":2235,"href":"https:\/\/www.vfl-westercelle.de\/fb\/wp-json\/wp\/v2\/posts\/1617\/revisions\/2235"}],"wp:featuredmedia":[{"embeddable":true,"href":"https:\/\/www.vfl-westercelle.de\/fb\/wp-json\/wp\/v2\/media\/1618"}],"wp:attachment":[{"href":"https:\/\/www.vfl-westercelle.de\/fb\/wp-json\/wp\/v2\/media?parent=1617"}],"wp:term":[{"taxonomy":"category","embeddable":true,"href":"https:\/\/www.vfl-westercelle.de\/fb\/wp-json\/wp\/v2\/categories?post=1617"},{"taxonomy":"post_tag","embeddable":true,"href":"https:\/\/www.vfl-westercelle.de\/fb\/wp-json\/wp\/v2\/tags?post=1617"}],"curies":[{"name":"wp","href":"https:\/\/api.w.org\/{rel}","templated":true}]}}