{"id":1619,"date":"2018-03-25T21:47:40","date_gmt":"2018-03-25T19:47:40","guid":{"rendered":"http:\/\/www.vfl-westercelle.de\/fb\/?p=1619"},"modified":"2018-03-25T21:47:40","modified_gmt":"2018-03-25T19:47:40","slug":"andi-wilke-wird-ehrenspielfuehrer","status":"publish","type":"post","link":"https:\/\/www.vfl-westercelle.de\/fb\/andi-wilke-wird-ehrenspielfuehrer\/","title":{"rendered":"Andi Wilke wird Ehrenspielf\u00fchrer"},"content":{"rendered":"<p>Um seine besonderen Verdienste rund um die 1.Herren und die gesamte VfL-Fu\u00dfballsparte zu w\u00fcrdigen, hat der Spartenvorstand beschlossen, Andreas Wilke zum Ehrenspielf\u00fchrer der 1.Herren zu ernennen. Andi ist seit 1974 f\u00fcr die Schwarz-Gelben spielberechtigt und hat nie ein anderes Trikot getragen. Als Spieler erlebte er H\u00f6hen und Tiefen, als Funktion\u00e4r hatte er gro\u00dfen Anteil am Wiederaufstieg der 1.Herren von der 3. Kreisklasse bis zur Landesliga!<\/p>\n<p>Ohne Andi w\u00e4re der VfL nicht da, wo er heute steht! Danke!<\/p>\n","protected":false},"excerpt":{"rendered":"<p>Um seine besonderen Verdienste rund um die 1.Herren und die gesamte VfL-Fu\u00dfballsparte zu w\u00fcrdigen, hat der Spartenvorstand beschlossen, Andreas Wilke zum Ehrenspielf\u00fchrer der 1.Herren zu ernennen. Andi ist seit 1974 f\u00fcr die Schwarz-Gelben spielberechtigt und hat nie ein anderes Trikot getragen. Als Spieler erlebte er H\u00f6hen und Tiefen, als Funktion\u00e4r hatte er gro\u00dfen Anteil am <a class=\"read-more-link\" href=\"https:\/\/www.vfl-westercelle.de\/fb\/andi-wilke-wird-ehrenspielfuehrer\/\">[&#8230; weiterlesen]<\/a><\/p>\n","protected":false},"author":1,"featured_media":1233,"comment_status":"closed","ping_status":"closed","sticky":false,"template":"","format":"standard","meta":{"footnotes":""},"categories":[17],"tags":[],"class_list":["post-1619","post","type-post","status-publish","format-standard","has-post-thumbnail","hentry","category-fussball"],"_links":{"self":[{"href":"https:\/\/www.vfl-westercelle.de\/fb\/wp-json\/wp\/v2\/posts\/1619","targetHints":{"allow":["GET"]}}],"collection":[{"href":"https:\/\/www.vfl-westercelle.de\/fb\/wp-json\/wp\/v2\/posts"}],"about":[{"href":"https:\/\/www.vfl-westercelle.de\/fb\/wp-json\/wp\/v2\/types\/post"}],"author":[{"embeddable":true,"href":"https:\/\/www.vfl-westercelle.de\/fb\/wp-json\/wp\/v2\/users\/1"}],"replies":[{"embeddable":true,"href":"https:\/\/www.vfl-westercelle.de\/fb\/wp-json\/wp\/v2\/comments?post=1619"}],"version-history":[{"count":1,"href":"https:\/\/www.vfl-westercelle.de\/fb\/wp-json\/wp\/v2\/posts\/1619\/revisions"}],"predecessor-version":[{"id":1620,"href":"https:\/\/www.vfl-westercelle.de\/fb\/wp-json\/wp\/v2\/posts\/1619\/revisions\/1620"}],"wp:featuredmedia":[{"embeddable":true,"href":"https:\/\/www.vfl-westercelle.de\/fb\/wp-json\/wp\/v2\/media\/1233"}],"wp:attachment":[{"href":"https:\/\/www.vfl-westercelle.de\/fb\/wp-json\/wp\/v2\/media?parent=1619"}],"wp:term":[{"taxonomy":"category","embeddable":true,"href":"https:\/\/www.vfl-westercelle.de\/fb\/wp-json\/wp\/v2\/categories?post=1619"},{"taxonomy":"post_tag","embeddable":true,"href":"https:\/\/www.vfl-westercelle.de\/fb\/wp-json\/wp\/v2\/tags?post=1619"}],"curies":[{"name":"wp","href":"https:\/\/api.w.org\/{rel}","templated":true}]}}