{"id":16911,"date":"2022-03-21T18:20:25","date_gmt":"2022-03-21T17:20:25","guid":{"rendered":"https:\/\/www.vfl-westercelle.de\/fb\/?p=16911"},"modified":"2022-08-24T12:11:23","modified_gmt":"2022-08-24T10:11:23","slug":"bernd-schroeder-als-vereinsheld-geehrt","status":"publish","type":"post","link":"https:\/\/www.vfl-westercelle.de\/fb\/bernd-schroeder-als-vereinsheld-geehrt\/","title":{"rendered":"Bernd Schr\u00f6der als Vereinsheld geehrt"},"content":{"rendered":"\n<p>Eine Ewigkeit, genau 41 Jahre, hat sich Bernd Schr\u00f6der als Jugendbetreuer und Jugendleiter in der Fu\u00dfballsparte des VfL Westercelle engagiert. Seit dem Sommer 2021 will Bernie etwas k\u00fcrzer treten und \u201enur\u201c noch als Schiedsrichter beim VfL aktiv sein. Zudem wird Bernd Schr\u00f6der die jungen Fu\u00dfballer und ihre Fans im neuen VfL-Kiosk mit Getr\u00e4nken und Snacks versorgen. Ganz ohne Fu\u00dfball kann Bernd nat\u00fcrlich nicht! Am Sonntag, 20. M\u00e4rz, wurde Bernd Schr\u00f6der im Rahmen der Aktion \u201eEhrenamt \u00fcberrascht\u201c beim Spiel der 1. Herrenmannschaft des VfL von der Gesch\u00e4ftsf\u00fchrerin des<br>Kreissportbundes Celle als Vereinsheld geehrt.<\/p>\n\n\n\n<p><br>1980 wurde Schr\u00f6der von der damaligen VfL-Jugendwartin, Ingrid Weyeneth, gefragt, ob er nicht Lust h\u00e4tte, sich zu engagieren. Schr\u00f6der, der damals noch als Torwart in der 2. Herren aktiv war, nahm an und wurde Trainer der 3. E-Jugend. <em>\u201eDie standen mit 0 Punkten und 0:80-Toren schlecht da\u201c<\/em>, erinnerte sich Schr\u00f6der 2012 in einem Bericht der Celleschen Zeitung, <em>\u201eDoch im Laufe der Saison sind wir in der Tabelle nach oben geklettert.\u201c<\/em> Neben Trainerjobs im F- bis D-Jugendbereich \u00fcbernahm der heute 60-J\u00e4hrige bald auch Verantwortung in der Jugendleitung.<\/p>\n\n\n\n<figure class=\"wp-block-image size-full\"><img loading=\"lazy\" decoding=\"async\" width=\"1024\" height=\"768\" src=\"http:\/\/www.vfl-westercelle.de\/fb\/wp-content\/uploads\/sites\/3\/2022\/03\/ehrung1.jpg\" alt=\"\" class=\"wp-image-16913\" srcset=\"https:\/\/www.vfl-westercelle.de\/fb\/wp-content\/uploads\/sites\/3\/2022\/03\/ehrung1.jpg 1024w, https:\/\/www.vfl-westercelle.de\/fb\/wp-content\/uploads\/sites\/3\/2022\/03\/ehrung1-300x225.jpg 300w, https:\/\/www.vfl-westercelle.de\/fb\/wp-content\/uploads\/sites\/3\/2022\/03\/ehrung1-768x576.jpg 768w, https:\/\/www.vfl-westercelle.de\/fb\/wp-content\/uploads\/sites\/3\/2022\/03\/ehrung1-705x529.jpg 705w, https:\/\/www.vfl-westercelle.de\/fb\/wp-content\/uploads\/sites\/3\/2022\/03\/ehrung1-128x96.jpg 128w, https:\/\/www.vfl-westercelle.de\/fb\/wp-content\/uploads\/sites\/3\/2022\/03\/ehrung1-32x24.jpg 32w\" sizes=\"auto, (max-width: 1024px) 100vw, 1024px\" \/><figcaption>Katja Koch, Gesch\u00e4ftsf\u00fchrerin des Kreissportbundes Celle, ehrt Bernd Schr\u00f6der als Vereinshelden. Westercelles Fu\u00dfball-Spartenleiter Christopher Menge (rechts) applaudiert.<\/figcaption><\/figure>\n\n\n\n<p><br>Gemeinsam mit dem damaligen Jugendleiter, Dieter Pommrenke, f\u00fchrte Schr\u00f6der viele Turniere, Fahrten, Wochenendfreizeiten und weitere Aktionen durch, ehe er 1992 diesen beerbte und selbst Jugendleiter wurde. In Schr\u00f6ders Zeit als Jugendleiter wurde der VfL 1997 mit dem Sepp-Herberger-Preis, der h\u00f6chsten Auszeichnung des Deutschen Fu\u00dfball-Bundes f\u00fcr bemerkenswerte Jugendarbeit, ausgezeichnet. Doch es gab auch Tiefen zu \u00fcberstehen. So stand der VfL 1999 nicht nur ohne Herrenmannschaft, sondern auch ohne A- und B-Jugend da. <em>\u201eWir hatten nur eine 7er C-Jugend, die Verantwortlichen haben zu sp\u00e4t erkannt, wie wichtig, die Jugend ist\u201c<\/em>, so Schr\u00f6der sp\u00e4ter im CZ-Interview. Gemeinsam mit der neuen Jugendleitung begann er, gute Trainer f\u00fcr den Kinder-Bereich zu motivieren.<\/p>\n\n\n\n<p><br><em>\u201e2003 ist es mir gelungen, die Jugendleitung in j\u00fcngere H\u00e4nde zu geben\u201c<\/em>, freute sich Schr\u00f6der, <em>\u201edamit hatten wir die j\u00fcngste Jugendleitung im Kreis, die die Arbeit in meinem Sinne fortgef\u00fchrt hat.\u201c<\/em>  Matthias Paschke und Christopher Menge \u00fcbernahmen das Ruder. Auf Bernd Schr\u00f6der konnten sie sich weiterhin verlassen. Nach mehreren Jahren als Betreuer bei den M\u00e4dchen-Mannschaften engagierte sich der 60-J\u00e4hrige zuletzt im 2009er Jahrgang. Eltern und Spieler verabschiedeten ihn beim letzten Spiel mit stehenden Ovationen. Bei der Spartenversammlung ernannte ihn<br>Spartenleiter Christopher Menge zum VfL-Ehrenmenschen.<\/p>\n\n\n\n<p>Verdienterma\u00dfen ist nun noch eine Ehrung dazugekommen \u2013 n\u00e4mlich die des Landessportbundes Niedersachsen. Bernd Schr\u00f6der ist einer der Menschen, die f\u00fcr das Ehrenamt im Land stehen \u2013 und nun auch offiziell ein Vereinsheld.<\/p>\n\n\n\n<p>Text: Christopher Menge<br>Foto: S\u00f6ren Thalau<\/p>\n","protected":false},"excerpt":{"rendered":"<p>Eine Ewigkeit, genau 41 Jahre, hat sich Bernd Schr\u00f6der als Jugendbetreuer und Jugendleiter in der Fu\u00dfballsparte des VfL Westercelle engagiert. Seit dem Sommer 2021 will Bernie etwas k\u00fcrzer treten und \u201enur\u201c noch als Schiedsrichter beim VfL aktiv sein. Zudem wird Bernd Schr\u00f6der die jungen Fu\u00dfballer und ihre Fans im neuen VfL-Kiosk mit Getr\u00e4nken und Snacks <a class=\"read-more-link\" href=\"https:\/\/www.vfl-westercelle.de\/fb\/bernd-schroeder-als-vereinsheld-geehrt\/\">[&#8230; weiterlesen]<\/a><\/p>\n","protected":false},"author":9,"featured_media":16914,"comment_status":"closed","ping_status":"closed","sticky":false,"template":"","format":"standard","meta":{"footnotes":""},"categories":[17],"tags":[],"class_list":["post-16911","post","type-post","status-publish","format-standard","has-post-thumbnail","hentry","category-fussball"],"_links":{"self":[{"href":"https:\/\/www.vfl-westercelle.de\/fb\/wp-json\/wp\/v2\/posts\/16911","targetHints":{"allow":["GET"]}}],"collection":[{"href":"https:\/\/www.vfl-westercelle.de\/fb\/wp-json\/wp\/v2\/posts"}],"about":[{"href":"https:\/\/www.vfl-westercelle.de\/fb\/wp-json\/wp\/v2\/types\/post"}],"author":[{"embeddable":true,"href":"https:\/\/www.vfl-westercelle.de\/fb\/wp-json\/wp\/v2\/users\/9"}],"replies":[{"embeddable":true,"href":"https:\/\/www.vfl-westercelle.de\/fb\/wp-json\/wp\/v2\/comments?post=16911"}],"version-history":[{"count":2,"href":"https:\/\/www.vfl-westercelle.de\/fb\/wp-json\/wp\/v2\/posts\/16911\/revisions"}],"predecessor-version":[{"id":16915,"href":"https:\/\/www.vfl-westercelle.de\/fb\/wp-json\/wp\/v2\/posts\/16911\/revisions\/16915"}],"wp:featuredmedia":[{"embeddable":true,"href":"https:\/\/www.vfl-westercelle.de\/fb\/wp-json\/wp\/v2\/media\/16914"}],"wp:attachment":[{"href":"https:\/\/www.vfl-westercelle.de\/fb\/wp-json\/wp\/v2\/media?parent=16911"}],"wp:term":[{"taxonomy":"category","embeddable":true,"href":"https:\/\/www.vfl-westercelle.de\/fb\/wp-json\/wp\/v2\/categories?post=16911"},{"taxonomy":"post_tag","embeddable":true,"href":"https:\/\/www.vfl-westercelle.de\/fb\/wp-json\/wp\/v2\/tags?post=16911"}],"curies":[{"name":"wp","href":"https:\/\/api.w.org\/{rel}","templated":true}]}}