{"id":16967,"date":"2022-03-29T18:18:27","date_gmt":"2022-03-29T16:18:27","guid":{"rendered":"https:\/\/www.vfl-westercelle.de\/fb\/?p=16967"},"modified":"2024-01-28T08:44:16","modified_gmt":"2024-01-28T07:44:16","slug":"andi-wilke-tribuene-erweitert","status":"publish","type":"post","link":"https:\/\/www.vfl-westercelle.de\/fb\/andi-wilke-tribuene-erweitert\/","title":{"rendered":"Andi-Wilke-Trib\u00fcne erweitert"},"content":{"rendered":"\n<p>P\u00fcnktlich zum Auftakt der R\u00fcckrunde der 1. Herren konnte die Erweiterung der Andi-Wilke-Trib\u00fcne er\u00f6ffnet werden. Dank der gro\u00dfen Spendenbereitschaft unter anderem mit der Aktion #trib\u00fcnenbauer konnten in der Winterpause weitere Meter der Trib\u00fcne fertiggestellt werden. Die urspr\u00fcnglich dort aufgestellten B\u00e4nke wanderten auf die gegen\u00fcberliegende Seite des Platzes und bieten den G\u00e4stefans eine Sitzgelegenheit.<\/p>\n\n\n\n<p>Sobald wieder genug Spenden gesammelt sind, soll der Bau mit dem dritten Teil bis zur Mittellinie weitergef\u00fchrt werden. Mehr \u00fcber die Andi-Wilke-Trib\u00fcne mit vielen Fotos erfahrt ihr auf der <a rel=\"noreferrer noopener\" href=\"https:\/\/www.vfl-westercelle.de\/fb\/11692-2\/\" target=\"_blank\">Projektseite<\/a>.<\/p>\n","protected":false},"excerpt":{"rendered":"<p>P\u00fcnktlich zum Auftakt der R\u00fcckrunde der 1. Herren konnte die Erweiterung der Andi-Wilke-Trib\u00fcne er\u00f6ffnet werden. Dank der gro\u00dfen Spendenbereitschaft unter anderem mit der Aktion #trib\u00fcnenbauer konnten in der Winterpause weitere Meter der Trib\u00fcne fertiggestellt werden. Die urspr\u00fcnglich dort aufgestellten B\u00e4nke wanderten auf die gegen\u00fcberliegende Seite des Platzes und bieten den G\u00e4stefans eine Sitzgelegenheit. Sobald wieder <a class=\"read-more-link\" href=\"https:\/\/www.vfl-westercelle.de\/fb\/andi-wilke-tribuene-erweitert\/\">[&#8230; weiterlesen]<\/a><\/p>\n","protected":false},"author":9,"featured_media":16966,"comment_status":"closed","ping_status":"closed","sticky":false,"template":"","format":"standard","meta":{"footnotes":""},"categories":[17],"tags":[460,391,461],"class_list":["post-16967","post","type-post","status-publish","format-standard","has-post-thumbnail","hentry","category-fussball","tag-baumassnahme","tag-foerderverein","tag-tribuene"],"_links":{"self":[{"href":"https:\/\/www.vfl-westercelle.de\/fb\/wp-json\/wp\/v2\/posts\/16967","targetHints":{"allow":["GET"]}}],"collection":[{"href":"https:\/\/www.vfl-westercelle.de\/fb\/wp-json\/wp\/v2\/posts"}],"about":[{"href":"https:\/\/www.vfl-westercelle.de\/fb\/wp-json\/wp\/v2\/types\/post"}],"author":[{"embeddable":true,"href":"https:\/\/www.vfl-westercelle.de\/fb\/wp-json\/wp\/v2\/users\/9"}],"replies":[{"embeddable":true,"href":"https:\/\/www.vfl-westercelle.de\/fb\/wp-json\/wp\/v2\/comments?post=16967"}],"version-history":[{"count":1,"href":"https:\/\/www.vfl-westercelle.de\/fb\/wp-json\/wp\/v2\/posts\/16967\/revisions"}],"predecessor-version":[{"id":16968,"href":"https:\/\/www.vfl-westercelle.de\/fb\/wp-json\/wp\/v2\/posts\/16967\/revisions\/16968"}],"wp:featuredmedia":[{"embeddable":true,"href":"https:\/\/www.vfl-westercelle.de\/fb\/wp-json\/wp\/v2\/media\/16966"}],"wp:attachment":[{"href":"https:\/\/www.vfl-westercelle.de\/fb\/wp-json\/wp\/v2\/media?parent=16967"}],"wp:term":[{"taxonomy":"category","embeddable":true,"href":"https:\/\/www.vfl-westercelle.de\/fb\/wp-json\/wp\/v2\/categories?post=16967"},{"taxonomy":"post_tag","embeddable":true,"href":"https:\/\/www.vfl-westercelle.de\/fb\/wp-json\/wp\/v2\/tags?post=16967"}],"curies":[{"name":"wp","href":"https:\/\/api.w.org\/{rel}","templated":true}]}}