{"id":18651,"date":"2022-08-29T17:13:23","date_gmt":"2022-08-29T15:13:23","guid":{"rendered":"https:\/\/www.vfl-westercelle.de\/fb\/?p=18651"},"modified":"2022-09-13T10:38:24","modified_gmt":"2022-09-13T08:38:24","slug":"galerie-die-bilder-vom-vfl-wochenende","status":"publish","type":"post","link":"https:\/\/www.vfl-westercelle.de\/fb\/galerie-die-bilder-vom-vfl-wochenende\/","title":{"rendered":"Galerie: Die Bilder vom VfL-Wochenende"},"content":{"rendered":"\n<p>Unsere 1. &amp; 2. Herren konnten jeweils Kantersiege feiern. Die Erste bezwang MTV Treubund L\u00fcneburg mit 5:1 und feierte den ersten Landesligasieg der Saison. Mit 5 Punkten aus vier Spielen legte das Team einen soliden Saisonstart hin und steht auf Rang 10 der Tabelle.<\/p>\n\n\n\n<p>Noch besser gelangen der 2. Herren die ersten Partien. Nach dem deutlichen 7:0 \u00fcber den FC Firat Bergen rangiert die Mannschaft mit 6 Punkten aus drei Spielen auf Platz 6 der Kreisliga-Tabelle. Fast schon gewohnt souver\u00e4n zeigte sich die 3. Herren beim 6:1 Erfolg in Gro\u00dfmoor. Der Aufsteiger schnuppert schon wieder an den Aufstiegspl\u00e4tzen der 2. Kreisklasse. Unsere U18 zog durch ein 2:0 beim VfL L\u00fcneburg in die 2. Runde des Bezirkspokals ein und trifft dort am 15. Oktober auf den Rotenburger SV aus der Bezirksliga.<\/p>\n\n\n\n<p>Eine Woche vor dem Ligastart zeigten sich unsere Damen in guter Form und verloren gegen den SV Altencelle knapp mit 1:2. Nach einem weiteren Testspiel am Dienstag reist das Team am kommenden Samstag zum MTV Soltau II. In weiteren Testspielen verlor die U13 I gegen den MTV Treubund L\u00fcneburg mit 1:2 und die U11 I siegte gegen den HSC Hannover. Die U10 I war siegreich beim <\/p>\n\n\n\n<figure class=\"wp-block-gallery has-nested-images columns-6 is-cropped wp-block-gallery-1 is-layout-flex wp-block-gallery-is-layout-flex\">\n<figure class=\"wp-block-image size-large\"><a href=\"https:\/\/www.vfl-westercelle.de\/fb\/wp-content\/uploads\/sites\/3\/2022\/08\/DSC_0042.jpg\"><img loading=\"lazy\" decoding=\"async\" width=\"1882\" height=\"2283\" data-id=\"18652\" src=\"http:\/\/www.vfl-westercelle.de\/fb\/wp-content\/uploads\/sites\/3\/2022\/08\/DSC_0042.jpg\" alt=\"\" class=\"wp-image-18652\" srcset=\"https:\/\/www.vfl-westercelle.de\/fb\/wp-content\/uploads\/sites\/3\/2022\/08\/DSC_0042.jpg 1882w, https:\/\/www.vfl-westercelle.de\/fb\/wp-content\/uploads\/sites\/3\/2022\/08\/DSC_0042-247x300.jpg 247w, https:\/\/www.vfl-westercelle.de\/fb\/wp-content\/uploads\/sites\/3\/2022\/08\/DSC_0042-849x1030.jpg 849w, https:\/\/www.vfl-westercelle.de\/fb\/wp-content\/uploads\/sites\/3\/2022\/08\/DSC_0042-768x932.jpg 768w, https:\/\/www.vfl-westercelle.de\/fb\/wp-content\/uploads\/sites\/3\/2022\/08\/DSC_0042-1266x1536.jpg 1266w, https:\/\/www.vfl-westercelle.de\/fb\/wp-content\/uploads\/sites\/3\/2022\/08\/DSC_0042-1688x2048.jpg 1688w, https:\/\/www.vfl-westercelle.de\/fb\/wp-content\/uploads\/sites\/3\/2022\/08\/DSC_0042-1237x1500.jpg 1237w, https:\/\/www.vfl-westercelle.de\/fb\/wp-content\/uploads\/sites\/3\/2022\/08\/DSC_0042-581x705.jpg 581w, https:\/\/www.vfl-westercelle.de\/fb\/wp-content\/uploads\/sites\/3\/2022\/08\/DSC_0042-106x128.jpg 106w, https:\/\/www.vfl-westercelle.de\/fb\/wp-content\/uploads\/sites\/3\/2022\/08\/DSC_0042-26x32.jpg 26w\" sizes=\"auto, (max-width: 1882px) 100vw, 1882px\" \/><\/a><\/figure>\n\n\n\n<figure class=\"wp-block-image size-large\"><a href=\"https:\/\/www.vfl-westercelle.de\/fb\/wp-content\/uploads\/sites\/3\/2022\/08\/DSC_0079-scaled.jpg\"><img loading=\"lazy\" decoding=\"async\" width=\"2090\" height=\"2560\" data-id=\"18653\" src=\"http:\/\/www.vfl-westercelle.de\/fb\/wp-content\/uploads\/sites\/3\/2022\/08\/DSC_0079-scaled.jpg\" alt=\"\" class=\"wp-image-18653\" srcset=\"https:\/\/www.vfl-westercelle.de\/fb\/wp-content\/uploads\/sites\/3\/2022\/08\/DSC_0079-scaled.jpg 2090w, https:\/\/www.vfl-westercelle.de\/fb\/wp-content\/uploads\/sites\/3\/2022\/08\/DSC_0079-245x300.jpg 245w, https:\/\/www.vfl-westercelle.de\/fb\/wp-content\/uploads\/sites\/3\/2022\/08\/DSC_0079-841x1030.jpg 841w, https:\/\/www.vfl-westercelle.de\/fb\/wp-content\/uploads\/sites\/3\/2022\/08\/DSC_0079-768x941.jpg 768w, https:\/\/www.vfl-westercelle.de\/fb\/wp-content\/uploads\/sites\/3\/2022\/08\/DSC_0079-1254x1536.jpg 1254w, https:\/\/www.vfl-westercelle.de\/fb\/wp-content\/uploads\/sites\/3\/2022\/08\/DSC_0079-1672x2048.jpg 1672w, https:\/\/www.vfl-westercelle.de\/fb\/wp-content\/uploads\/sites\/3\/2022\/08\/DSC_0079-1225x1500.jpg 1225w, https:\/\/www.vfl-westercelle.de\/fb\/wp-content\/uploads\/sites\/3\/2022\/08\/DSC_0079-576x705.jpg 576w, https:\/\/www.vfl-westercelle.de\/fb\/wp-content\/uploads\/sites\/3\/2022\/08\/DSC_0079-105x128.jpg 105w, https:\/\/www.vfl-westercelle.de\/fb\/wp-content\/uploads\/sites\/3\/2022\/08\/DSC_0079-26x32.jpg 26w\" sizes=\"auto, (max-width: 2090px) 100vw, 2090px\" \/><\/a><\/figure>\n\n\n\n<figure class=\"wp-block-image size-large\"><a href=\"https:\/\/www.vfl-westercelle.de\/fb\/wp-content\/uploads\/sites\/3\/2022\/08\/DSC_0137.jpg\"><img loading=\"lazy\" decoding=\"async\" width=\"1759\" height=\"1480\" data-id=\"18654\" src=\"http:\/\/www.vfl-westercelle.de\/fb\/wp-content\/uploads\/sites\/3\/2022\/08\/DSC_0137.jpg\" alt=\"\" class=\"wp-image-18654\" srcset=\"https:\/\/www.vfl-westercelle.de\/fb\/wp-content\/uploads\/sites\/3\/2022\/08\/DSC_0137.jpg 1759w, https:\/\/www.vfl-westercelle.de\/fb\/wp-content\/uploads\/sites\/3\/2022\/08\/DSC_0137-300x252.jpg 300w, https:\/\/www.vfl-westercelle.de\/fb\/wp-content\/uploads\/sites\/3\/2022\/08\/DSC_0137-1030x867.jpg 1030w, https:\/\/www.vfl-westercelle.de\/fb\/wp-content\/uploads\/sites\/3\/2022\/08\/DSC_0137-768x646.jpg 768w, https:\/\/www.vfl-westercelle.de\/fb\/wp-content\/uploads\/sites\/3\/2022\/08\/DSC_0137-1536x1292.jpg 1536w, https:\/\/www.vfl-westercelle.de\/fb\/wp-content\/uploads\/sites\/3\/2022\/08\/DSC_0137-1500x1262.jpg 1500w, https:\/\/www.vfl-westercelle.de\/fb\/wp-content\/uploads\/sites\/3\/2022\/08\/DSC_0137-705x593.jpg 705w, https:\/\/www.vfl-westercelle.de\/fb\/wp-content\/uploads\/sites\/3\/2022\/08\/DSC_0137-128x108.jpg 128w, https:\/\/www.vfl-westercelle.de\/fb\/wp-content\/uploads\/sites\/3\/2022\/08\/DSC_0137-32x27.jpg 32w\" sizes=\"auto, (max-width: 1759px) 100vw, 1759px\" \/><\/a><\/figure>\n\n\n\n<figure class=\"wp-block-image size-large\"><a href=\"https:\/\/www.vfl-westercelle.de\/fb\/wp-content\/uploads\/sites\/3\/2022\/08\/DSC_0005-scaled.jpg\"><img loading=\"lazy\" decoding=\"async\" width=\"2386\" height=\"2560\" data-id=\"18655\" src=\"http:\/\/www.vfl-westercelle.de\/fb\/wp-content\/uploads\/sites\/3\/2022\/08\/DSC_0005-scaled.jpg\" alt=\"\" class=\"wp-image-18655\" srcset=\"https:\/\/www.vfl-westercelle.de\/fb\/wp-content\/uploads\/sites\/3\/2022\/08\/DSC_0005-scaled.jpg 2386w, https:\/\/www.vfl-westercelle.de\/fb\/wp-content\/uploads\/sites\/3\/2022\/08\/DSC_0005-280x300.jpg 280w, https:\/\/www.vfl-westercelle.de\/fb\/wp-content\/uploads\/sites\/3\/2022\/08\/DSC_0005-960x1030.jpg 960w, https:\/\/www.vfl-westercelle.de\/fb\/wp-content\/uploads\/sites\/3\/2022\/08\/DSC_0005-768x824.jpg 768w, https:\/\/www.vfl-westercelle.de\/fb\/wp-content\/uploads\/sites\/3\/2022\/08\/DSC_0005-1432x1536.jpg 1432w, https:\/\/www.vfl-westercelle.de\/fb\/wp-content\/uploads\/sites\/3\/2022\/08\/DSC_0005-1909x2048.jpg 1909w, https:\/\/www.vfl-westercelle.de\/fb\/wp-content\/uploads\/sites\/3\/2022\/08\/DSC_0005-1398x1500.jpg 1398w, https:\/\/www.vfl-westercelle.de\/fb\/wp-content\/uploads\/sites\/3\/2022\/08\/DSC_0005-657x705.jpg 657w, https:\/\/www.vfl-westercelle.de\/fb\/wp-content\/uploads\/sites\/3\/2022\/08\/DSC_0005-119x128.jpg 119w, https:\/\/www.vfl-westercelle.de\/fb\/wp-content\/uploads\/sites\/3\/2022\/08\/DSC_0005-30x32.jpg 30w\" sizes=\"auto, (max-width: 2386px) 100vw, 2386px\" \/><\/a><\/figure>\n\n\n\n<figure class=\"wp-block-image size-large\"><a href=\"https:\/\/www.vfl-westercelle.de\/fb\/wp-content\/uploads\/sites\/3\/2022\/08\/DSC_0232-scaled.jpg\"><img loading=\"lazy\" decoding=\"async\" width=\"2560\" height=\"1812\" data-id=\"18656\" src=\"http:\/\/www.vfl-westercelle.de\/fb\/wp-content\/uploads\/sites\/3\/2022\/08\/DSC_0232-scaled.jpg\" alt=\"\" class=\"wp-image-18656\" srcset=\"https:\/\/www.vfl-westercelle.de\/fb\/wp-content\/uploads\/sites\/3\/2022\/08\/DSC_0232-scaled.jpg 2560w, https:\/\/www.vfl-westercelle.de\/fb\/wp-content\/uploads\/sites\/3\/2022\/08\/DSC_0232-300x212.jpg 300w, https:\/\/www.vfl-westercelle.de\/fb\/wp-content\/uploads\/sites\/3\/2022\/08\/DSC_0232-1030x729.jpg 1030w, https:\/\/www.vfl-westercelle.de\/fb\/wp-content\/uploads\/sites\/3\/2022\/08\/DSC_0232-768x543.jpg 768w, https:\/\/www.vfl-westercelle.de\/fb\/wp-content\/uploads\/sites\/3\/2022\/08\/DSC_0232-1536x1087.jpg 1536w, https:\/\/www.vfl-westercelle.de\/fb\/wp-content\/uploads\/sites\/3\/2022\/08\/DSC_0232-2048x1449.jpg 2048w, https:\/\/www.vfl-westercelle.de\/fb\/wp-content\/uploads\/sites\/3\/2022\/08\/DSC_0232-1500x1062.jpg 1500w, https:\/\/www.vfl-westercelle.de\/fb\/wp-content\/uploads\/sites\/3\/2022\/08\/DSC_0232-260x185.jpg 260w, https:\/\/www.vfl-westercelle.de\/fb\/wp-content\/uploads\/sites\/3\/2022\/08\/DSC_0232-705x499.jpg 705w, https:\/\/www.vfl-westercelle.de\/fb\/wp-content\/uploads\/sites\/3\/2022\/08\/DSC_0232-128x91.jpg 128w, https:\/\/www.vfl-westercelle.de\/fb\/wp-content\/uploads\/sites\/3\/2022\/08\/DSC_0232-32x23.jpg 32w\" sizes=\"auto, (max-width: 2560px) 100vw, 2560px\" \/><\/a><\/figure>\n\n\n\n<figure class=\"wp-block-image size-large\"><a href=\"https:\/\/www.vfl-westercelle.de\/fb\/wp-content\/uploads\/sites\/3\/2022\/08\/DSC_0248.jpg\"><img loading=\"lazy\" decoding=\"async\" width=\"1528\" height=\"1759\" data-id=\"18657\" src=\"http:\/\/www.vfl-westercelle.de\/fb\/wp-content\/uploads\/sites\/3\/2022\/08\/DSC_0248.jpg\" alt=\"\" class=\"wp-image-18657\" srcset=\"https:\/\/www.vfl-westercelle.de\/fb\/wp-content\/uploads\/sites\/3\/2022\/08\/DSC_0248.jpg 1528w, https:\/\/www.vfl-westercelle.de\/fb\/wp-content\/uploads\/sites\/3\/2022\/08\/DSC_0248-261x300.jpg 261w, https:\/\/www.vfl-westercelle.de\/fb\/wp-content\/uploads\/sites\/3\/2022\/08\/DSC_0248-895x1030.jpg 895w, https:\/\/www.vfl-westercelle.de\/fb\/wp-content\/uploads\/sites\/3\/2022\/08\/DSC_0248-768x884.jpg 768w, https:\/\/www.vfl-westercelle.de\/fb\/wp-content\/uploads\/sites\/3\/2022\/08\/DSC_0248-1334x1536.jpg 1334w, https:\/\/www.vfl-westercelle.de\/fb\/wp-content\/uploads\/sites\/3\/2022\/08\/DSC_0248-1303x1500.jpg 1303w, https:\/\/www.vfl-westercelle.de\/fb\/wp-content\/uploads\/sites\/3\/2022\/08\/DSC_0248-612x705.jpg 612w, https:\/\/www.vfl-westercelle.de\/fb\/wp-content\/uploads\/sites\/3\/2022\/08\/DSC_0248-111x128.jpg 111w, https:\/\/www.vfl-westercelle.de\/fb\/wp-content\/uploads\/sites\/3\/2022\/08\/DSC_0248-28x32.jpg 28w\" sizes=\"auto, (max-width: 1528px) 100vw, 1528px\" \/><\/a><\/figure>\n\n\n\n<figure class=\"wp-block-image size-large\"><a href=\"https:\/\/www.vfl-westercelle.de\/fb\/wp-content\/uploads\/sites\/3\/2022\/08\/DSC_0171-scaled.jpg\"><img loading=\"lazy\" decoding=\"async\" width=\"2560\" height=\"1749\" data-id=\"18658\" src=\"http:\/\/www.vfl-westercelle.de\/fb\/wp-content\/uploads\/sites\/3\/2022\/08\/DSC_0171-scaled.jpg\" alt=\"\" class=\"wp-image-18658\" srcset=\"https:\/\/www.vfl-westercelle.de\/fb\/wp-content\/uploads\/sites\/3\/2022\/08\/DSC_0171-scaled.jpg 2560w, https:\/\/www.vfl-westercelle.de\/fb\/wp-content\/uploads\/sites\/3\/2022\/08\/DSC_0171-300x205.jpg 300w, https:\/\/www.vfl-westercelle.de\/fb\/wp-content\/uploads\/sites\/3\/2022\/08\/DSC_0171-1030x704.jpg 1030w, https:\/\/www.vfl-westercelle.de\/fb\/wp-content\/uploads\/sites\/3\/2022\/08\/DSC_0171-768x525.jpg 768w, https:\/\/www.vfl-westercelle.de\/fb\/wp-content\/uploads\/sites\/3\/2022\/08\/DSC_0171-1536x1050.jpg 1536w, https:\/\/www.vfl-westercelle.de\/fb\/wp-content\/uploads\/sites\/3\/2022\/08\/DSC_0171-2048x1399.jpg 2048w, https:\/\/www.vfl-westercelle.de\/fb\/wp-content\/uploads\/sites\/3\/2022\/08\/DSC_0171-1500x1025.jpg 1500w, https:\/\/www.vfl-westercelle.de\/fb\/wp-content\/uploads\/sites\/3\/2022\/08\/DSC_0171-705x482.jpg 705w, https:\/\/www.vfl-westercelle.de\/fb\/wp-content\/uploads\/sites\/3\/2022\/08\/DSC_0171-128x87.jpg 128w, https:\/\/www.vfl-westercelle.de\/fb\/wp-content\/uploads\/sites\/3\/2022\/08\/DSC_0171-32x22.jpg 32w\" sizes=\"auto, (max-width: 2560px) 100vw, 2560px\" \/><\/a><\/figure>\n\n\n\n<figure class=\"wp-block-image size-large\"><a href=\"https:\/\/www.vfl-westercelle.de\/fb\/wp-content\/uploads\/sites\/3\/2022\/08\/DSC_0201-scaled.jpg\"><img loading=\"lazy\" decoding=\"async\" width=\"2560\" height=\"2377\" data-id=\"18659\" src=\"http:\/\/www.vfl-westercelle.de\/fb\/wp-content\/uploads\/sites\/3\/2022\/08\/DSC_0201-scaled.jpg\" alt=\"\" class=\"wp-image-18659\" srcset=\"https:\/\/www.vfl-westercelle.de\/fb\/wp-content\/uploads\/sites\/3\/2022\/08\/DSC_0201-scaled.jpg 2560w, https:\/\/www.vfl-westercelle.de\/fb\/wp-content\/uploads\/sites\/3\/2022\/08\/DSC_0201-300x279.jpg 300w, https:\/\/www.vfl-westercelle.de\/fb\/wp-content\/uploads\/sites\/3\/2022\/08\/DSC_0201-1030x956.jpg 1030w, https:\/\/www.vfl-westercelle.de\/fb\/wp-content\/uploads\/sites\/3\/2022\/08\/DSC_0201-768x713.jpg 768w, https:\/\/www.vfl-westercelle.de\/fb\/wp-content\/uploads\/sites\/3\/2022\/08\/DSC_0201-1536x1426.jpg 1536w, https:\/\/www.vfl-westercelle.de\/fb\/wp-content\/uploads\/sites\/3\/2022\/08\/DSC_0201-2048x1901.jpg 2048w, https:\/\/www.vfl-westercelle.de\/fb\/wp-content\/uploads\/sites\/3\/2022\/08\/DSC_0201-1500x1393.jpg 1500w, https:\/\/www.vfl-westercelle.de\/fb\/wp-content\/uploads\/sites\/3\/2022\/08\/DSC_0201-705x655.jpg 705w, https:\/\/www.vfl-westercelle.de\/fb\/wp-content\/uploads\/sites\/3\/2022\/08\/DSC_0201-128x119.jpg 128w, https:\/\/www.vfl-westercelle.de\/fb\/wp-content\/uploads\/sites\/3\/2022\/08\/DSC_0201-32x30.jpg 32w\" sizes=\"auto, (max-width: 2560px) 100vw, 2560px\" \/><\/a><\/figure>\n\n\n\n<figure class=\"wp-block-image size-large\"><a href=\"https:\/\/www.vfl-westercelle.de\/fb\/wp-content\/uploads\/sites\/3\/2022\/08\/fussball_2022_08_27_bor-005-scaled.jpg\"><img loading=\"lazy\" decoding=\"async\" width=\"2560\" height=\"1708\" data-id=\"18660\" src=\"http:\/\/www.vfl-westercelle.de\/fb\/wp-content\/uploads\/sites\/3\/2022\/08\/fussball_2022_08_27_bor-005-scaled.jpg\" alt=\"\" class=\"wp-image-18660\" srcset=\"https:\/\/www.vfl-westercelle.de\/fb\/wp-content\/uploads\/sites\/3\/2022\/08\/fussball_2022_08_27_bor-005-scaled.jpg 2560w, https:\/\/www.vfl-westercelle.de\/fb\/wp-content\/uploads\/sites\/3\/2022\/08\/fussball_2022_08_27_bor-005-300x200.jpg 300w, https:\/\/www.vfl-westercelle.de\/fb\/wp-content\/uploads\/sites\/3\/2022\/08\/fussball_2022_08_27_bor-005-1030x687.jpg 1030w, https:\/\/www.vfl-westercelle.de\/fb\/wp-content\/uploads\/sites\/3\/2022\/08\/fussball_2022_08_27_bor-005-768x512.jpg 768w, https:\/\/www.vfl-westercelle.de\/fb\/wp-content\/uploads\/sites\/3\/2022\/08\/fussball_2022_08_27_bor-005-1536x1025.jpg 1536w, https:\/\/www.vfl-westercelle.de\/fb\/wp-content\/uploads\/sites\/3\/2022\/08\/fussball_2022_08_27_bor-005-2048x1366.jpg 2048w, https:\/\/www.vfl-westercelle.de\/fb\/wp-content\/uploads\/sites\/3\/2022\/08\/fussball_2022_08_27_bor-005-1500x1001.jpg 1500w, https:\/\/www.vfl-westercelle.de\/fb\/wp-content\/uploads\/sites\/3\/2022\/08\/fussball_2022_08_27_bor-005-705x470.jpg 705w, https:\/\/www.vfl-westercelle.de\/fb\/wp-content\/uploads\/sites\/3\/2022\/08\/fussball_2022_08_27_bor-005-128x85.jpg 128w, https:\/\/www.vfl-westercelle.de\/fb\/wp-content\/uploads\/sites\/3\/2022\/08\/fussball_2022_08_27_bor-005-32x21.jpg 32w\" sizes=\"auto, (max-width: 2560px) 100vw, 2560px\" \/><\/a><\/figure>\n\n\n\n<figure class=\"wp-block-image size-large\"><a href=\"https:\/\/www.vfl-westercelle.de\/fb\/wp-content\/uploads\/sites\/3\/2022\/08\/fussball_2022_08_27_bor-001-scaled.jpg\"><img loading=\"lazy\" decoding=\"async\" width=\"2560\" height=\"1708\" data-id=\"18661\" src=\"http:\/\/www.vfl-westercelle.de\/fb\/wp-content\/uploads\/sites\/3\/2022\/08\/fussball_2022_08_27_bor-001-scaled.jpg\" alt=\"\" class=\"wp-image-18661\" srcset=\"https:\/\/www.vfl-westercelle.de\/fb\/wp-content\/uploads\/sites\/3\/2022\/08\/fussball_2022_08_27_bor-001-scaled.jpg 2560w, https:\/\/www.vfl-westercelle.de\/fb\/wp-content\/uploads\/sites\/3\/2022\/08\/fussball_2022_08_27_bor-001-300x200.jpg 300w, https:\/\/www.vfl-westercelle.de\/fb\/wp-content\/uploads\/sites\/3\/2022\/08\/fussball_2022_08_27_bor-001-1030x687.jpg 1030w, https:\/\/www.vfl-westercelle.de\/fb\/wp-content\/uploads\/sites\/3\/2022\/08\/fussball_2022_08_27_bor-001-768x512.jpg 768w, https:\/\/www.vfl-westercelle.de\/fb\/wp-content\/uploads\/sites\/3\/2022\/08\/fussball_2022_08_27_bor-001-1536x1025.jpg 1536w, https:\/\/www.vfl-westercelle.de\/fb\/wp-content\/uploads\/sites\/3\/2022\/08\/fussball_2022_08_27_bor-001-2048x1366.jpg 2048w, https:\/\/www.vfl-westercelle.de\/fb\/wp-content\/uploads\/sites\/3\/2022\/08\/fussball_2022_08_27_bor-001-1500x1001.jpg 1500w, https:\/\/www.vfl-westercelle.de\/fb\/wp-content\/uploads\/sites\/3\/2022\/08\/fussball_2022_08_27_bor-001-705x470.jpg 705w, https:\/\/www.vfl-westercelle.de\/fb\/wp-content\/uploads\/sites\/3\/2022\/08\/fussball_2022_08_27_bor-001-128x85.jpg 128w, https:\/\/www.vfl-westercelle.de\/fb\/wp-content\/uploads\/sites\/3\/2022\/08\/fussball_2022_08_27_bor-001-32x21.jpg 32w\" sizes=\"auto, (max-width: 2560px) 100vw, 2560px\" \/><\/a><\/figure>\n\n\n\n<figure class=\"wp-block-image size-large\"><a href=\"https:\/\/www.vfl-westercelle.de\/fb\/wp-content\/uploads\/sites\/3\/2022\/08\/fussball_2022_08_27_bor-003-scaled.jpg\"><img loading=\"lazy\" decoding=\"async\" width=\"2560\" height=\"1708\" data-id=\"18662\" src=\"http:\/\/www.vfl-westercelle.de\/fb\/wp-content\/uploads\/sites\/3\/2022\/08\/fussball_2022_08_27_bor-003-scaled.jpg\" alt=\"\" class=\"wp-image-18662\" srcset=\"https:\/\/www.vfl-westercelle.de\/fb\/wp-content\/uploads\/sites\/3\/2022\/08\/fussball_2022_08_27_bor-003-scaled.jpg 2560w, https:\/\/www.vfl-westercelle.de\/fb\/wp-content\/uploads\/sites\/3\/2022\/08\/fussball_2022_08_27_bor-003-300x200.jpg 300w, https:\/\/www.vfl-westercelle.de\/fb\/wp-content\/uploads\/sites\/3\/2022\/08\/fussball_2022_08_27_bor-003-1030x687.jpg 1030w, https:\/\/www.vfl-westercelle.de\/fb\/wp-content\/uploads\/sites\/3\/2022\/08\/fussball_2022_08_27_bor-003-768x512.jpg 768w, https:\/\/www.vfl-westercelle.de\/fb\/wp-content\/uploads\/sites\/3\/2022\/08\/fussball_2022_08_27_bor-003-1536x1025.jpg 1536w, https:\/\/www.vfl-westercelle.de\/fb\/wp-content\/uploads\/sites\/3\/2022\/08\/fussball_2022_08_27_bor-003-2048x1366.jpg 2048w, https:\/\/www.vfl-westercelle.de\/fb\/wp-content\/uploads\/sites\/3\/2022\/08\/fussball_2022_08_27_bor-003-1500x1001.jpg 1500w, https:\/\/www.vfl-westercelle.de\/fb\/wp-content\/uploads\/sites\/3\/2022\/08\/fussball_2022_08_27_bor-003-705x470.jpg 705w, https:\/\/www.vfl-westercelle.de\/fb\/wp-content\/uploads\/sites\/3\/2022\/08\/fussball_2022_08_27_bor-003-128x85.jpg 128w, https:\/\/www.vfl-westercelle.de\/fb\/wp-content\/uploads\/sites\/3\/2022\/08\/fussball_2022_08_27_bor-003-32x21.jpg 32w\" sizes=\"auto, (max-width: 2560px) 100vw, 2560px\" \/><\/a><\/figure>\n\n\n\n<figure class=\"wp-block-image size-large\"><a href=\"https:\/\/www.vfl-westercelle.de\/fb\/wp-content\/uploads\/sites\/3\/2022\/08\/fussball_2022_08_27_bor-004-scaled.jpg\"><img loading=\"lazy\" decoding=\"async\" width=\"2560\" height=\"1708\" data-id=\"18663\" src=\"http:\/\/www.vfl-westercelle.de\/fb\/wp-content\/uploads\/sites\/3\/2022\/08\/fussball_2022_08_27_bor-004-scaled.jpg\" alt=\"\" class=\"wp-image-18663\" srcset=\"https:\/\/www.vfl-westercelle.de\/fb\/wp-content\/uploads\/sites\/3\/2022\/08\/fussball_2022_08_27_bor-004-scaled.jpg 2560w, https:\/\/www.vfl-westercelle.de\/fb\/wp-content\/uploads\/sites\/3\/2022\/08\/fussball_2022_08_27_bor-004-300x200.jpg 300w, https:\/\/www.vfl-westercelle.de\/fb\/wp-content\/uploads\/sites\/3\/2022\/08\/fussball_2022_08_27_bor-004-1030x687.jpg 1030w, https:\/\/www.vfl-westercelle.de\/fb\/wp-content\/uploads\/sites\/3\/2022\/08\/fussball_2022_08_27_bor-004-768x512.jpg 768w, https:\/\/www.vfl-westercelle.de\/fb\/wp-content\/uploads\/sites\/3\/2022\/08\/fussball_2022_08_27_bor-004-1536x1025.jpg 1536w, https:\/\/www.vfl-westercelle.de\/fb\/wp-content\/uploads\/sites\/3\/2022\/08\/fussball_2022_08_27_bor-004-2048x1366.jpg 2048w, https:\/\/www.vfl-westercelle.de\/fb\/wp-content\/uploads\/sites\/3\/2022\/08\/fussball_2022_08_27_bor-004-1500x1001.jpg 1500w, https:\/\/www.vfl-westercelle.de\/fb\/wp-content\/uploads\/sites\/3\/2022\/08\/fussball_2022_08_27_bor-004-705x470.jpg 705w, https:\/\/www.vfl-westercelle.de\/fb\/wp-content\/uploads\/sites\/3\/2022\/08\/fussball_2022_08_27_bor-004-128x85.jpg 128w, https:\/\/www.vfl-westercelle.de\/fb\/wp-content\/uploads\/sites\/3\/2022\/08\/fussball_2022_08_27_bor-004-32x21.jpg 32w\" sizes=\"auto, (max-width: 2560px) 100vw, 2560px\" \/><\/a><\/figure>\n\n\n\n<figure class=\"wp-block-image size-large\"><a href=\"https:\/\/www.vfl-westercelle.de\/fb\/wp-content\/uploads\/sites\/3\/2022\/08\/IMG-20220828-WA0000.jpg\"><img loading=\"lazy\" decoding=\"async\" width=\"2048\" height=\"1536\" data-id=\"18664\" src=\"http:\/\/www.vfl-westercelle.de\/fb\/wp-content\/uploads\/sites\/3\/2022\/08\/IMG-20220828-WA0000.jpg\" alt=\"\" class=\"wp-image-18664\" srcset=\"https:\/\/www.vfl-westercelle.de\/fb\/wp-content\/uploads\/sites\/3\/2022\/08\/IMG-20220828-WA0000.jpg 2048w, https:\/\/www.vfl-westercelle.de\/fb\/wp-content\/uploads\/sites\/3\/2022\/08\/IMG-20220828-WA0000-300x225.jpg 300w, https:\/\/www.vfl-westercelle.de\/fb\/wp-content\/uploads\/sites\/3\/2022\/08\/IMG-20220828-WA0000-1030x773.jpg 1030w, https:\/\/www.vfl-westercelle.de\/fb\/wp-content\/uploads\/sites\/3\/2022\/08\/IMG-20220828-WA0000-768x576.jpg 768w, https:\/\/www.vfl-westercelle.de\/fb\/wp-content\/uploads\/sites\/3\/2022\/08\/IMG-20220828-WA0000-1536x1152.jpg 1536w, https:\/\/www.vfl-westercelle.de\/fb\/wp-content\/uploads\/sites\/3\/2022\/08\/IMG-20220828-WA0000-1500x1125.jpg 1500w, https:\/\/www.vfl-westercelle.de\/fb\/wp-content\/uploads\/sites\/3\/2022\/08\/IMG-20220828-WA0000-705x529.jpg 705w, https:\/\/www.vfl-westercelle.de\/fb\/wp-content\/uploads\/sites\/3\/2022\/08\/IMG-20220828-WA0000-128x96.jpg 128w, https:\/\/www.vfl-westercelle.de\/fb\/wp-content\/uploads\/sites\/3\/2022\/08\/IMG-20220828-WA0000-32x24.jpg 32w\" sizes=\"auto, (max-width: 2048px) 100vw, 2048px\" \/><\/a><\/figure>\n<\/figure>\n\n\n\n<p><\/p>\n","protected":false},"excerpt":{"rendered":"<p>Unsere 1. &amp; 2. Herren konnten jeweils Kantersiege feiern. Die Erste bezwang MTV Treubund L\u00fcneburg mit 5:1 und feierte den ersten Landesligasieg der Saison. Mit 5 Punkten aus vier Spielen legte das Team einen soliden Saisonstart hin und steht auf Rang 10 der Tabelle. Noch besser gelangen der 2. Herren die ersten Partien. Nach dem <a class=\"read-more-link\" href=\"https:\/\/www.vfl-westercelle.de\/fb\/galerie-die-bilder-vom-vfl-wochenende\/\">[&#8230; weiterlesen]<\/a><\/p>\n","protected":false},"author":9,"featured_media":18665,"comment_status":"closed","ping_status":"closed","sticky":false,"template":"","format":"standard","meta":{"footnotes":""},"categories":[17],"tags":[],"class_list":["post-18651","post","type-post","status-publish","format-standard","has-post-thumbnail","hentry","category-fussball"],"_links":{"self":[{"href":"https:\/\/www.vfl-westercelle.de\/fb\/wp-json\/wp\/v2\/posts\/18651","targetHints":{"allow":["GET"]}}],"collection":[{"href":"https:\/\/www.vfl-westercelle.de\/fb\/wp-json\/wp\/v2\/posts"}],"about":[{"href":"https:\/\/www.vfl-westercelle.de\/fb\/wp-json\/wp\/v2\/types\/post"}],"author":[{"embeddable":true,"href":"https:\/\/www.vfl-westercelle.de\/fb\/wp-json\/wp\/v2\/users\/9"}],"replies":[{"embeddable":true,"href":"https:\/\/www.vfl-westercelle.de\/fb\/wp-json\/wp\/v2\/comments?post=18651"}],"version-history":[{"count":3,"href":"https:\/\/www.vfl-westercelle.de\/fb\/wp-json\/wp\/v2\/posts\/18651\/revisions"}],"predecessor-version":[{"id":18680,"href":"https:\/\/www.vfl-westercelle.de\/fb\/wp-json\/wp\/v2\/posts\/18651\/revisions\/18680"}],"wp:featuredmedia":[{"embeddable":true,"href":"https:\/\/www.vfl-westercelle.de\/fb\/wp-json\/wp\/v2\/media\/18665"}],"wp:attachment":[{"href":"https:\/\/www.vfl-westercelle.de\/fb\/wp-json\/wp\/v2\/media?parent=18651"}],"wp:term":[{"taxonomy":"category","embeddable":true,"href":"https:\/\/www.vfl-westercelle.de\/fb\/wp-json\/wp\/v2\/categories?post=18651"},{"taxonomy":"post_tag","embeddable":true,"href":"https:\/\/www.vfl-westercelle.de\/fb\/wp-json\/wp\/v2\/tags?post=18651"}],"curies":[{"name":"wp","href":"https:\/\/api.w.org\/{rel}","templated":true}]}}