{"id":18683,"date":"2023-06-19T11:06:10","date_gmt":"2023-06-19T09:06:10","guid":{"rendered":"https:\/\/www.vfl-westercelle.de\/fb\/?p=18683"},"modified":"2023-07-02T10:23:57","modified_gmt":"2023-07-02T08:23:57","slug":"ausblick-die-vfl-spiele-am-wochenende","status":"publish","type":"post","link":"https:\/\/www.vfl-westercelle.de\/fb\/ausblick-die-vfl-spiele-am-wochenende\/","title":{"rendered":"Ausblick: Pokalfinals der Jugend!"},"content":{"rendered":"\n<p><strong>Mittwoch:<\/strong> Drei VfL-Teams stehen bereits im Pokalfinale &#8211; die U12 kann heute folgen. Die H\u00fcrde im Halbfinale ist allerdings hoch: Um 18:30 Uhr geht es zum frisch gek\u00fchrten Kreismeister SV Nienhagen. Aus ihrem Saisonabschluss ben\u00f6tigt die Alte Herren einen Punkt, um die G\u00e4ste aus Eicklingen hinter sich zu lassen und sich Rang 2 zu sichern.<\/p>\n\n\n\n<p><strong>Samstag:<\/strong> Heute geht der Blick an die Kampstra\u00dfe! Bei unseren Nachbarn vom ESV Fortuna Celle steigen die Endspiele um den Kreispokal der Jugend. Los geht&#8217;s um 11:30 Uhr mit der U13 und ihrer Partie gegen die SG Wohlde\/Eversen. Um 12:45 Uhr folgt das Spiel der U10 gegen den SV Nienhagen und die U11 greift um 14:30 Uhr in einer Neuauflage des letztj\u00e4hrigen Finals gegen den SC Vorwerk nach dem Pokal.<\/p>\n\n\n\n<p>Jeweils um 14:00 Uhr ist Anpfiff der letzten Partien der U16 bei der JSG Am Dobrock und der U18 daheim gegen die JSG Nordring. Die U8 I spielt beim Kinderfestival in R\u00fcningen bei Braunschweig.<\/p>\n\n\n\n<p><strong>Sonntag:<\/strong> Es wird ruhig im Westerceller Sportpark. Die U7 Mannschaften bestreiten ab 10:00 Uhr ihren letzten Spieltag auf dem Helmut-Meine-Sportplatz in Gar\u00dfen.<\/p>\n\n\n\n<p><\/p>\n\n\n\n<p><\/p>\n","protected":false},"excerpt":{"rendered":"<p>Mittwoch: Drei VfL-Teams stehen bereits im Pokalfinale &#8211; die U12 kann heute folgen. Die H\u00fcrde im Halbfinale ist allerdings hoch: Um 18:30 Uhr geht es zum frisch gek\u00fchrten Kreismeister SV Nienhagen. Aus ihrem Saisonabschluss ben\u00f6tigt die Alte Herren einen Punkt, um die G\u00e4ste aus Eicklingen hinter sich zu lassen und sich Rang 2 zu sichern. <a class=\"read-more-link\" href=\"https:\/\/www.vfl-westercelle.de\/fb\/ausblick-die-vfl-spiele-am-wochenende\/\">[&#8230; weiterlesen]<\/a><\/p>\n","protected":false},"author":9,"featured_media":18685,"comment_status":"closed","ping_status":"closed","sticky":false,"template":"","format":"standard","meta":{"footnotes":""},"categories":[17],"tags":[],"class_list":["post-18683","post","type-post","status-publish","format-standard","has-post-thumbnail","hentry","category-fussball"],"_links":{"self":[{"href":"https:\/\/www.vfl-westercelle.de\/fb\/wp-json\/wp\/v2\/posts\/18683","targetHints":{"allow":["GET"]}}],"collection":[{"href":"https:\/\/www.vfl-westercelle.de\/fb\/wp-json\/wp\/v2\/posts"}],"about":[{"href":"https:\/\/www.vfl-westercelle.de\/fb\/wp-json\/wp\/v2\/types\/post"}],"author":[{"embeddable":true,"href":"https:\/\/www.vfl-westercelle.de\/fb\/wp-json\/wp\/v2\/users\/9"}],"replies":[{"embeddable":true,"href":"https:\/\/www.vfl-westercelle.de\/fb\/wp-json\/wp\/v2\/comments?post=18683"}],"version-history":[{"count":3,"href":"https:\/\/www.vfl-westercelle.de\/fb\/wp-json\/wp\/v2\/posts\/18683\/revisions"}],"predecessor-version":[{"id":20857,"href":"https:\/\/www.vfl-westercelle.de\/fb\/wp-json\/wp\/v2\/posts\/18683\/revisions\/20857"}],"wp:featuredmedia":[{"embeddable":true,"href":"https:\/\/www.vfl-westercelle.de\/fb\/wp-json\/wp\/v2\/media\/18685"}],"wp:attachment":[{"href":"https:\/\/www.vfl-westercelle.de\/fb\/wp-json\/wp\/v2\/media?parent=18683"}],"wp:term":[{"taxonomy":"category","embeddable":true,"href":"https:\/\/www.vfl-westercelle.de\/fb\/wp-json\/wp\/v2\/categories?post=18683"},{"taxonomy":"post_tag","embeddable":true,"href":"https:\/\/www.vfl-westercelle.de\/fb\/wp-json\/wp\/v2\/tags?post=18683"}],"curies":[{"name":"wp","href":"https:\/\/api.w.org\/{rel}","templated":true}]}}