{"id":18738,"date":"2022-09-13T09:58:17","date_gmt":"2022-09-13T07:58:17","guid":{"rendered":"https:\/\/www.vfl-westercelle.de\/fb\/?p=18738"},"modified":"2022-09-20T17:17:22","modified_gmt":"2022-09-20T15:17:22","slug":"mit-galerie-die-vfl-spiele-der-woche","status":"publish","type":"post","link":"https:\/\/www.vfl-westercelle.de\/fb\/mit-galerie-die-vfl-spiele-der-woche\/","title":{"rendered":"Mit Galerie: die VfL-Spiele der Woche"},"content":{"rendered":"\n<p>Bereits am Mittwoch konnten zwei Siege gefeiert werden. In der Landesliga besiegte die U18 Eintracht Leinetal mit 5:1, damit gr\u00fc\u00dft der VfL von der Tabellenspitze. Gleiches gilt f\u00fcr die Alte Herren, die sich beim 18:3 Auftakterfolg \u00fcber die SG Scheuen\/Vorwerk in Torlaune zeigte. Die U14 II musste sich der SG Nordkreis geschlagen geben.<\/p>\n\n\n\n<p>Der Samstag brachte gleich drei Spiele (U10 II, U11 II und U12) gegen die JSG Celle mit sich, die allesamt gewonnen werden konnten. Auch die U11 I und die U13 I gingen aus ihren Duellen als Sieger hervor und stehen in den Spitzengruppen ihrer Kreisliga. F\u00fcr die U13 II reichte es bei der JSG Lachtetal nicht zu punkten.<\/p>\n\n\n\n<figure class=\"wp-block-gallery has-nested-images columns-default is-cropped wp-block-gallery-1 is-layout-flex wp-block-gallery-is-layout-flex\">\n<figure class=\"wp-block-image size-large\"><img loading=\"lazy\" decoding=\"async\" width=\"2560\" height=\"1707\" data-id=\"18739\" src=\"http:\/\/www.vfl-westercelle.de\/fb\/wp-content\/uploads\/sites\/3\/2022\/09\/DSC07425-scaled.jpg\" alt=\"\" class=\"wp-image-18739\" srcset=\"https:\/\/www.vfl-westercelle.de\/fb\/wp-content\/uploads\/sites\/3\/2022\/09\/DSC07425-scaled.jpg 2560w, https:\/\/www.vfl-westercelle.de\/fb\/wp-content\/uploads\/sites\/3\/2022\/09\/DSC07425-300x200.jpg 300w, https:\/\/www.vfl-westercelle.de\/fb\/wp-content\/uploads\/sites\/3\/2022\/09\/DSC07425-1030x687.jpg 1030w, https:\/\/www.vfl-westercelle.de\/fb\/wp-content\/uploads\/sites\/3\/2022\/09\/DSC07425-768x512.jpg 768w, https:\/\/www.vfl-westercelle.de\/fb\/wp-content\/uploads\/sites\/3\/2022\/09\/DSC07425-1536x1024.jpg 1536w, https:\/\/www.vfl-westercelle.de\/fb\/wp-content\/uploads\/sites\/3\/2022\/09\/DSC07425-2048x1365.jpg 2048w, https:\/\/www.vfl-westercelle.de\/fb\/wp-content\/uploads\/sites\/3\/2022\/09\/DSC07425-1500x1000.jpg 1500w, https:\/\/www.vfl-westercelle.de\/fb\/wp-content\/uploads\/sites\/3\/2022\/09\/DSC07425-705x470.jpg 705w, https:\/\/www.vfl-westercelle.de\/fb\/wp-content\/uploads\/sites\/3\/2022\/09\/DSC07425-128x85.jpg 128w, https:\/\/www.vfl-westercelle.de\/fb\/wp-content\/uploads\/sites\/3\/2022\/09\/DSC07425-32x21.jpg 32w\" sizes=\"auto, (max-width: 2560px) 100vw, 2560px\" \/><\/figure>\n\n\n\n<figure class=\"wp-block-image size-large\"><img loading=\"lazy\" decoding=\"async\" width=\"2560\" height=\"1707\" data-id=\"18740\" src=\"http:\/\/www.vfl-westercelle.de\/fb\/wp-content\/uploads\/sites\/3\/2022\/09\/DSC07426-scaled.jpg\" alt=\"\" class=\"wp-image-18740\" srcset=\"https:\/\/www.vfl-westercelle.de\/fb\/wp-content\/uploads\/sites\/3\/2022\/09\/DSC07426-scaled.jpg 2560w, https:\/\/www.vfl-westercelle.de\/fb\/wp-content\/uploads\/sites\/3\/2022\/09\/DSC07426-300x200.jpg 300w, https:\/\/www.vfl-westercelle.de\/fb\/wp-content\/uploads\/sites\/3\/2022\/09\/DSC07426-1030x687.jpg 1030w, https:\/\/www.vfl-westercelle.de\/fb\/wp-content\/uploads\/sites\/3\/2022\/09\/DSC07426-768x512.jpg 768w, https:\/\/www.vfl-westercelle.de\/fb\/wp-content\/uploads\/sites\/3\/2022\/09\/DSC07426-1536x1024.jpg 1536w, https:\/\/www.vfl-westercelle.de\/fb\/wp-content\/uploads\/sites\/3\/2022\/09\/DSC07426-2048x1365.jpg 2048w, https:\/\/www.vfl-westercelle.de\/fb\/wp-content\/uploads\/sites\/3\/2022\/09\/DSC07426-1500x1000.jpg 1500w, https:\/\/www.vfl-westercelle.de\/fb\/wp-content\/uploads\/sites\/3\/2022\/09\/DSC07426-705x470.jpg 705w, https:\/\/www.vfl-westercelle.de\/fb\/wp-content\/uploads\/sites\/3\/2022\/09\/DSC07426-128x85.jpg 128w, https:\/\/www.vfl-westercelle.de\/fb\/wp-content\/uploads\/sites\/3\/2022\/09\/DSC07426-32x21.jpg 32w\" sizes=\"auto, (max-width: 2560px) 100vw, 2560px\" \/><\/figure>\n\n\n\n<figure class=\"wp-block-image size-large\"><img loading=\"lazy\" decoding=\"async\" width=\"2560\" height=\"1707\" data-id=\"18741\" src=\"http:\/\/www.vfl-westercelle.de\/fb\/wp-content\/uploads\/sites\/3\/2022\/09\/DSC07434-scaled.jpg\" alt=\"\" class=\"wp-image-18741\" srcset=\"https:\/\/www.vfl-westercelle.de\/fb\/wp-content\/uploads\/sites\/3\/2022\/09\/DSC07434-scaled.jpg 2560w, https:\/\/www.vfl-westercelle.de\/fb\/wp-content\/uploads\/sites\/3\/2022\/09\/DSC07434-300x200.jpg 300w, https:\/\/www.vfl-westercelle.de\/fb\/wp-content\/uploads\/sites\/3\/2022\/09\/DSC07434-1030x687.jpg 1030w, https:\/\/www.vfl-westercelle.de\/fb\/wp-content\/uploads\/sites\/3\/2022\/09\/DSC07434-768x512.jpg 768w, https:\/\/www.vfl-westercelle.de\/fb\/wp-content\/uploads\/sites\/3\/2022\/09\/DSC07434-1536x1024.jpg 1536w, https:\/\/www.vfl-westercelle.de\/fb\/wp-content\/uploads\/sites\/3\/2022\/09\/DSC07434-2048x1365.jpg 2048w, https:\/\/www.vfl-westercelle.de\/fb\/wp-content\/uploads\/sites\/3\/2022\/09\/DSC07434-1500x1000.jpg 1500w, https:\/\/www.vfl-westercelle.de\/fb\/wp-content\/uploads\/sites\/3\/2022\/09\/DSC07434-705x470.jpg 705w, https:\/\/www.vfl-westercelle.de\/fb\/wp-content\/uploads\/sites\/3\/2022\/09\/DSC07434-128x85.jpg 128w, https:\/\/www.vfl-westercelle.de\/fb\/wp-content\/uploads\/sites\/3\/2022\/09\/DSC07434-32x21.jpg 32w\" sizes=\"auto, (max-width: 2560px) 100vw, 2560px\" \/><\/figure>\n\n\n\n<figure class=\"wp-block-image size-large\"><img loading=\"lazy\" decoding=\"async\" width=\"2560\" height=\"1708\" data-id=\"18742\" src=\"http:\/\/www.vfl-westercelle.de\/fb\/wp-content\/uploads\/sites\/3\/2022\/09\/fussball_2022_09_10_bor-002-scaled.jpg\" alt=\"\" class=\"wp-image-18742\" srcset=\"https:\/\/www.vfl-westercelle.de\/fb\/wp-content\/uploads\/sites\/3\/2022\/09\/fussball_2022_09_10_bor-002-scaled.jpg 2560w, https:\/\/www.vfl-westercelle.de\/fb\/wp-content\/uploads\/sites\/3\/2022\/09\/fussball_2022_09_10_bor-002-300x200.jpg 300w, https:\/\/www.vfl-westercelle.de\/fb\/wp-content\/uploads\/sites\/3\/2022\/09\/fussball_2022_09_10_bor-002-1030x687.jpg 1030w, https:\/\/www.vfl-westercelle.de\/fb\/wp-content\/uploads\/sites\/3\/2022\/09\/fussball_2022_09_10_bor-002-768x512.jpg 768w, https:\/\/www.vfl-westercelle.de\/fb\/wp-content\/uploads\/sites\/3\/2022\/09\/fussball_2022_09_10_bor-002-1536x1025.jpg 1536w, https:\/\/www.vfl-westercelle.de\/fb\/wp-content\/uploads\/sites\/3\/2022\/09\/fussball_2022_09_10_bor-002-2048x1366.jpg 2048w, https:\/\/www.vfl-westercelle.de\/fb\/wp-content\/uploads\/sites\/3\/2022\/09\/fussball_2022_09_10_bor-002-1500x1001.jpg 1500w, https:\/\/www.vfl-westercelle.de\/fb\/wp-content\/uploads\/sites\/3\/2022\/09\/fussball_2022_09_10_bor-002-705x470.jpg 705w, https:\/\/www.vfl-westercelle.de\/fb\/wp-content\/uploads\/sites\/3\/2022\/09\/fussball_2022_09_10_bor-002-128x85.jpg 128w, https:\/\/www.vfl-westercelle.de\/fb\/wp-content\/uploads\/sites\/3\/2022\/09\/fussball_2022_09_10_bor-002-32x21.jpg 32w\" sizes=\"auto, (max-width: 2560px) 100vw, 2560px\" \/><\/figure>\n\n\n\n<figure class=\"wp-block-image size-large\"><img loading=\"lazy\" decoding=\"async\" width=\"2560\" height=\"1708\" data-id=\"18743\" src=\"http:\/\/www.vfl-westercelle.de\/fb\/wp-content\/uploads\/sites\/3\/2022\/09\/fussball_2022_09_10_bor-006-scaled.jpg\" alt=\"\" class=\"wp-image-18743\" srcset=\"https:\/\/www.vfl-westercelle.de\/fb\/wp-content\/uploads\/sites\/3\/2022\/09\/fussball_2022_09_10_bor-006-scaled.jpg 2560w, https:\/\/www.vfl-westercelle.de\/fb\/wp-content\/uploads\/sites\/3\/2022\/09\/fussball_2022_09_10_bor-006-300x200.jpg 300w, https:\/\/www.vfl-westercelle.de\/fb\/wp-content\/uploads\/sites\/3\/2022\/09\/fussball_2022_09_10_bor-006-1030x687.jpg 1030w, https:\/\/www.vfl-westercelle.de\/fb\/wp-content\/uploads\/sites\/3\/2022\/09\/fussball_2022_09_10_bor-006-768x512.jpg 768w, https:\/\/www.vfl-westercelle.de\/fb\/wp-content\/uploads\/sites\/3\/2022\/09\/fussball_2022_09_10_bor-006-1536x1025.jpg 1536w, https:\/\/www.vfl-westercelle.de\/fb\/wp-content\/uploads\/sites\/3\/2022\/09\/fussball_2022_09_10_bor-006-2048x1366.jpg 2048w, https:\/\/www.vfl-westercelle.de\/fb\/wp-content\/uploads\/sites\/3\/2022\/09\/fussball_2022_09_10_bor-006-1500x1001.jpg 1500w, https:\/\/www.vfl-westercelle.de\/fb\/wp-content\/uploads\/sites\/3\/2022\/09\/fussball_2022_09_10_bor-006-705x470.jpg 705w, https:\/\/www.vfl-westercelle.de\/fb\/wp-content\/uploads\/sites\/3\/2022\/09\/fussball_2022_09_10_bor-006-128x85.jpg 128w, https:\/\/www.vfl-westercelle.de\/fb\/wp-content\/uploads\/sites\/3\/2022\/09\/fussball_2022_09_10_bor-006-32x21.jpg 32w\" sizes=\"auto, (max-width: 2560px) 100vw, 2560px\" \/><\/figure>\n\n\n\n<figure class=\"wp-block-image size-large\"><img loading=\"lazy\" decoding=\"async\" width=\"2560\" height=\"1708\" data-id=\"18744\" src=\"http:\/\/www.vfl-westercelle.de\/fb\/wp-content\/uploads\/sites\/3\/2022\/09\/fussball_2022_09_10_bor-001-scaled.jpg\" alt=\"\" class=\"wp-image-18744\" srcset=\"https:\/\/www.vfl-westercelle.de\/fb\/wp-content\/uploads\/sites\/3\/2022\/09\/fussball_2022_09_10_bor-001-scaled.jpg 2560w, https:\/\/www.vfl-westercelle.de\/fb\/wp-content\/uploads\/sites\/3\/2022\/09\/fussball_2022_09_10_bor-001-300x200.jpg 300w, https:\/\/www.vfl-westercelle.de\/fb\/wp-content\/uploads\/sites\/3\/2022\/09\/fussball_2022_09_10_bor-001-1030x687.jpg 1030w, https:\/\/www.vfl-westercelle.de\/fb\/wp-content\/uploads\/sites\/3\/2022\/09\/fussball_2022_09_10_bor-001-768x512.jpg 768w, https:\/\/www.vfl-westercelle.de\/fb\/wp-content\/uploads\/sites\/3\/2022\/09\/fussball_2022_09_10_bor-001-1536x1025.jpg 1536w, https:\/\/www.vfl-westercelle.de\/fb\/wp-content\/uploads\/sites\/3\/2022\/09\/fussball_2022_09_10_bor-001-2048x1366.jpg 2048w, https:\/\/www.vfl-westercelle.de\/fb\/wp-content\/uploads\/sites\/3\/2022\/09\/fussball_2022_09_10_bor-001-1500x1001.jpg 1500w, https:\/\/www.vfl-westercelle.de\/fb\/wp-content\/uploads\/sites\/3\/2022\/09\/fussball_2022_09_10_bor-001-705x470.jpg 705w, https:\/\/www.vfl-westercelle.de\/fb\/wp-content\/uploads\/sites\/3\/2022\/09\/fussball_2022_09_10_bor-001-128x85.jpg 128w, https:\/\/www.vfl-westercelle.de\/fb\/wp-content\/uploads\/sites\/3\/2022\/09\/fussball_2022_09_10_bor-001-32x21.jpg 32w\" sizes=\"auto, (max-width: 2560px) 100vw, 2560px\" \/><\/figure>\n\n\n\n<figure class=\"wp-block-image size-large\"><img loading=\"lazy\" decoding=\"async\" width=\"2560\" height=\"1708\" data-id=\"18745\" src=\"http:\/\/www.vfl-westercelle.de\/fb\/wp-content\/uploads\/sites\/3\/2022\/09\/fussball_2022_09_11_bor-002-scaled.jpg\" alt=\"\" class=\"wp-image-18745\" srcset=\"https:\/\/www.vfl-westercelle.de\/fb\/wp-content\/uploads\/sites\/3\/2022\/09\/fussball_2022_09_11_bor-002-scaled.jpg 2560w, https:\/\/www.vfl-westercelle.de\/fb\/wp-content\/uploads\/sites\/3\/2022\/09\/fussball_2022_09_11_bor-002-300x200.jpg 300w, https:\/\/www.vfl-westercelle.de\/fb\/wp-content\/uploads\/sites\/3\/2022\/09\/fussball_2022_09_11_bor-002-1030x687.jpg 1030w, https:\/\/www.vfl-westercelle.de\/fb\/wp-content\/uploads\/sites\/3\/2022\/09\/fussball_2022_09_11_bor-002-768x512.jpg 768w, https:\/\/www.vfl-westercelle.de\/fb\/wp-content\/uploads\/sites\/3\/2022\/09\/fussball_2022_09_11_bor-002-1536x1025.jpg 1536w, https:\/\/www.vfl-westercelle.de\/fb\/wp-content\/uploads\/sites\/3\/2022\/09\/fussball_2022_09_11_bor-002-2048x1366.jpg 2048w, https:\/\/www.vfl-westercelle.de\/fb\/wp-content\/uploads\/sites\/3\/2022\/09\/fussball_2022_09_11_bor-002-1500x1001.jpg 1500w, https:\/\/www.vfl-westercelle.de\/fb\/wp-content\/uploads\/sites\/3\/2022\/09\/fussball_2022_09_11_bor-002-705x470.jpg 705w, https:\/\/www.vfl-westercelle.de\/fb\/wp-content\/uploads\/sites\/3\/2022\/09\/fussball_2022_09_11_bor-002-128x85.jpg 128w, https:\/\/www.vfl-westercelle.de\/fb\/wp-content\/uploads\/sites\/3\/2022\/09\/fussball_2022_09_11_bor-002-32x21.jpg 32w\" sizes=\"auto, (max-width: 2560px) 100vw, 2560px\" \/><\/figure>\n\n\n\n<figure class=\"wp-block-image size-large\"><img loading=\"lazy\" decoding=\"async\" width=\"2560\" height=\"1708\" data-id=\"18746\" src=\"http:\/\/www.vfl-westercelle.de\/fb\/wp-content\/uploads\/sites\/3\/2022\/09\/fussball_2022_09_11_bor-006-scaled.jpg\" alt=\"\" class=\"wp-image-18746\" srcset=\"https:\/\/www.vfl-westercelle.de\/fb\/wp-content\/uploads\/sites\/3\/2022\/09\/fussball_2022_09_11_bor-006-scaled.jpg 2560w, https:\/\/www.vfl-westercelle.de\/fb\/wp-content\/uploads\/sites\/3\/2022\/09\/fussball_2022_09_11_bor-006-300x200.jpg 300w, https:\/\/www.vfl-westercelle.de\/fb\/wp-content\/uploads\/sites\/3\/2022\/09\/fussball_2022_09_11_bor-006-1030x687.jpg 1030w, https:\/\/www.vfl-westercelle.de\/fb\/wp-content\/uploads\/sites\/3\/2022\/09\/fussball_2022_09_11_bor-006-768x512.jpg 768w, https:\/\/www.vfl-westercelle.de\/fb\/wp-content\/uploads\/sites\/3\/2022\/09\/fussball_2022_09_11_bor-006-1536x1025.jpg 1536w, https:\/\/www.vfl-westercelle.de\/fb\/wp-content\/uploads\/sites\/3\/2022\/09\/fussball_2022_09_11_bor-006-2048x1366.jpg 2048w, https:\/\/www.vfl-westercelle.de\/fb\/wp-content\/uploads\/sites\/3\/2022\/09\/fussball_2022_09_11_bor-006-1500x1001.jpg 1500w, https:\/\/www.vfl-westercelle.de\/fb\/wp-content\/uploads\/sites\/3\/2022\/09\/fussball_2022_09_11_bor-006-705x470.jpg 705w, https:\/\/www.vfl-westercelle.de\/fb\/wp-content\/uploads\/sites\/3\/2022\/09\/fussball_2022_09_11_bor-006-128x85.jpg 128w, https:\/\/www.vfl-westercelle.de\/fb\/wp-content\/uploads\/sites\/3\/2022\/09\/fussball_2022_09_11_bor-006-32x21.jpg 32w\" sizes=\"auto, (max-width: 2560px) 100vw, 2560px\" \/><\/figure>\n\n\n\n<figure class=\"wp-block-image size-large\"><img loading=\"lazy\" decoding=\"async\" width=\"2560\" height=\"1708\" data-id=\"18747\" src=\"http:\/\/www.vfl-westercelle.de\/fb\/wp-content\/uploads\/sites\/3\/2022\/09\/fussball_2022_09_11_bor-001-scaled.jpg\" alt=\"\" class=\"wp-image-18747\" srcset=\"https:\/\/www.vfl-westercelle.de\/fb\/wp-content\/uploads\/sites\/3\/2022\/09\/fussball_2022_09_11_bor-001-scaled.jpg 2560w, https:\/\/www.vfl-westercelle.de\/fb\/wp-content\/uploads\/sites\/3\/2022\/09\/fussball_2022_09_11_bor-001-300x200.jpg 300w, https:\/\/www.vfl-westercelle.de\/fb\/wp-content\/uploads\/sites\/3\/2022\/09\/fussball_2022_09_11_bor-001-1030x687.jpg 1030w, https:\/\/www.vfl-westercelle.de\/fb\/wp-content\/uploads\/sites\/3\/2022\/09\/fussball_2022_09_11_bor-001-768x512.jpg 768w, https:\/\/www.vfl-westercelle.de\/fb\/wp-content\/uploads\/sites\/3\/2022\/09\/fussball_2022_09_11_bor-001-1536x1025.jpg 1536w, https:\/\/www.vfl-westercelle.de\/fb\/wp-content\/uploads\/sites\/3\/2022\/09\/fussball_2022_09_11_bor-001-2048x1366.jpg 2048w, https:\/\/www.vfl-westercelle.de\/fb\/wp-content\/uploads\/sites\/3\/2022\/09\/fussball_2022_09_11_bor-001-1500x1001.jpg 1500w, https:\/\/www.vfl-westercelle.de\/fb\/wp-content\/uploads\/sites\/3\/2022\/09\/fussball_2022_09_11_bor-001-705x470.jpg 705w, https:\/\/www.vfl-westercelle.de\/fb\/wp-content\/uploads\/sites\/3\/2022\/09\/fussball_2022_09_11_bor-001-128x85.jpg 128w, https:\/\/www.vfl-westercelle.de\/fb\/wp-content\/uploads\/sites\/3\/2022\/09\/fussball_2022_09_11_bor-001-32x21.jpg 32w\" sizes=\"auto, (max-width: 2560px) 100vw, 2560px\" \/><\/figure>\n<\/figure>\n\n\n\n<p>Ein sp\u00e4tes Tor brachte der U14 den 3:2 Derbysieg in der Bezirksliga beim ESV Fortuna Celle. Damit gelang der Mannschaft die Revanche f\u00fcr die Pokalniederlage von Ende August. In guter Verfassung zeigt sich weiterhin die U15, die dem FC Rosengarten beim 10:1 keine Chance lie\u00df. In der Landesliga verlor die U16 daheim gegen den MTV Ramelsloh mit 1:3 und die U19 ging trotz anf\u00e4nglicher 2:0 F\u00fchrung beim SV Drochtersen\/Assel mit 3:8 als Verlierer vom Platz.<\/p>\n\n\n\n<p>F\u00fcr unsere Damen setzte es die erste Niederlage der Saison. Bei den Sportfreunden Bispingen unterlag das Team mit 1:3. Keine Probleme mit der SG Oldau\/S\u00fcdwinsen hatte die \u00dc40, die nach dem souver\u00e4nen 7:1 Erfolg von der Tabellenspitze gr\u00fc\u00dft. F\u00fcr die U7-Mannschaften brachte der Sonntag den ersten Spieltag ihrer jungen Karriere. Bei bestem Fu\u00dfballwetter und begleitet von vielen Eltern auf der Andi-Wilke-Trib\u00fcne freuten sich die kleinen Fu\u00dfballerinnen und Fu\u00dfballer beim Funino \u00fcber jedes Tor. <\/p>\n\n\n\n<p>Unsere 1. Herren hatte den Aufsteigsfavoriten FC Verden 04 zu Gast. Nachdem es in der ersten H\u00e4lfte Lattentreffer auf beiden Seiten, aber keine Tore zu sehen gab, nutzten die Verdener eine Unachtsamkeit in der Westerceller Hintermannschaft zum entscheidenden Tor. F\u00fcr die VfL-er geht es in der n\u00e4chsten Woche beim Aufsteiger FC Hambergen weiter. Ein Kuriosum am Rande des Spielfeldes: Weil sich einer der Schiedsrichter-Assistenten verletzt hatte, musste VfL-Schiri und erfahrener Landesliga-Assistent Carsten Fiebig einspringen.<\/p>\n","protected":false},"excerpt":{"rendered":"<p>Bereits am Mittwoch konnten zwei Siege gefeiert werden. In der Landesliga besiegte die U18 Eintracht Leinetal mit 5:1, damit gr\u00fc\u00dft der VfL von der Tabellenspitze. Gleiches gilt f\u00fcr die Alte Herren, die sich beim 18:3 Auftakterfolg \u00fcber die SG Scheuen\/Vorwerk in Torlaune zeigte. Die U14 II musste sich der SG Nordkreis geschlagen geben. Der Samstag <a class=\"read-more-link\" href=\"https:\/\/www.vfl-westercelle.de\/fb\/mit-galerie-die-vfl-spiele-der-woche\/\">[&#8230; weiterlesen]<\/a><\/p>\n","protected":false},"author":9,"featured_media":18748,"comment_status":"closed","ping_status":"closed","sticky":false,"template":"","format":"standard","meta":{"footnotes":""},"categories":[17],"tags":[],"class_list":["post-18738","post","type-post","status-publish","format-standard","has-post-thumbnail","hentry","category-fussball"],"_links":{"self":[{"href":"https:\/\/www.vfl-westercelle.de\/fb\/wp-json\/wp\/v2\/posts\/18738","targetHints":{"allow":["GET"]}}],"collection":[{"href":"https:\/\/www.vfl-westercelle.de\/fb\/wp-json\/wp\/v2\/posts"}],"about":[{"href":"https:\/\/www.vfl-westercelle.de\/fb\/wp-json\/wp\/v2\/types\/post"}],"author":[{"embeddable":true,"href":"https:\/\/www.vfl-westercelle.de\/fb\/wp-json\/wp\/v2\/users\/9"}],"replies":[{"embeddable":true,"href":"https:\/\/www.vfl-westercelle.de\/fb\/wp-json\/wp\/v2\/comments?post=18738"}],"version-history":[{"count":1,"href":"https:\/\/www.vfl-westercelle.de\/fb\/wp-json\/wp\/v2\/posts\/18738\/revisions"}],"predecessor-version":[{"id":18749,"href":"https:\/\/www.vfl-westercelle.de\/fb\/wp-json\/wp\/v2\/posts\/18738\/revisions\/18749"}],"wp:featuredmedia":[{"embeddable":true,"href":"https:\/\/www.vfl-westercelle.de\/fb\/wp-json\/wp\/v2\/media\/18748"}],"wp:attachment":[{"href":"https:\/\/www.vfl-westercelle.de\/fb\/wp-json\/wp\/v2\/media?parent=18738"}],"wp:term":[{"taxonomy":"category","embeddable":true,"href":"https:\/\/www.vfl-westercelle.de\/fb\/wp-json\/wp\/v2\/categories?post=18738"},{"taxonomy":"post_tag","embeddable":true,"href":"https:\/\/www.vfl-westercelle.de\/fb\/wp-json\/wp\/v2\/tags?post=18738"}],"curies":[{"name":"wp","href":"https:\/\/api.w.org\/{rel}","templated":true}]}}