{"id":18766,"date":"2022-09-19T16:24:48","date_gmt":"2022-09-19T14:24:48","guid":{"rendered":"https:\/\/www.vfl-westercelle.de\/fb\/?p=18766"},"modified":"2022-10-11T10:57:03","modified_gmt":"2022-10-11T08:57:03","slug":"tag-der-amateure-zu-gast-in-westercelle","status":"publish","type":"post","link":"https:\/\/www.vfl-westercelle.de\/fb\/tag-der-amateure-zu-gast-in-westercelle\/","title":{"rendered":"Tag der Amateure zu Gast in Westercelle"},"content":{"rendered":"<div  class='flex_column av-17zepta-eca6774ef0058b2286dda2140b26ab07 av_three_fourth  avia-builder-el-0  el_before_av_one_fourth  avia-builder-el-first  first flex_column_div  '     ><section  class='av_textblock_section av-l88uidhd-b7988f5d5f6b86fe2481c9ab72cc42dd '   itemscope=\"itemscope\" itemtype=\"https:\/\/schema.org\/BlogPosting\" itemprop=\"blogPost\" ><div class='avia_textblock'  itemprop=\"text\" ><p>Er hat schon eine kleine Tradition: Am 25. September veranstaltet das Fu\u00dfballmagazin 11Freunde den sechsten <a href=\"https:\/\/tagderamateure.de\/der-tag\/\" target=\"_blank\" rel=\"noopener\">Tag der Amateure<\/a> &#8211; und der VfL Westercelle ist wieder dabei!<\/p>\n<p>F\u00fcr einen Tag soll der Amateurfu\u00dfball im Mittelpunkt stehen. Die Profiligen haben Pause und so steht dem Fokus auf den vermeintlich kleinen Fu\u00dfball nichts im Wege. F\u00fcr euch haben wir am Sonntag ein volles Programm im Westerceller Sportpark zusammengestellt:<\/p>\n<p>10:00 Uhr\u00a0\u00a0\u00a0 <a href=\"https:\/\/www.vfl-westercelle.de\/fb\/event\/u7-i-ii-spieltag\/\" target=\"_blank\" rel=\"noopener\">2. Spieltag der U7 I + II<\/a><br \/>\n10:30 Uhr\u00a0\u00a0\u00a0 <a href=\"https:\/\/www.vfl-westercelle.de\/fb\/event\/ue40-sv-hambuehren\/\" target=\"_blank\" rel=\"noopener\">\u00dc40 &#8211; SV Hamb\u00fchren<\/a><br \/>\n13:00 Uhr\u00a0\u00a0\u00a0 <a href=\"https:\/\/www.vfl-westercelle.de\/fb\/event\/3-herren-bsv-belsen\/\" target=\"_blank\" rel=\"noopener\">3. Herren &#8211; BSV Belsen<\/a><br \/>\n15:00 Uhr\u00a0\u00a0\u00a0 <a href=\"https:\/\/www.vfl-westercelle.de\/fb\/event\/1-herren-tb-uphusen\/\" target=\"_blank\" rel=\"noopener\">1. Herren &#8211; TB Uphusen<\/a><\/p>\n<p>Wie uns 11Freunde mitgeteilt hat, werden wir sogar von einer Redakteurin nebst Kameramann besucht. Am Ende wird also ein kleiner Film \u00fcber einen fast normalen Sonntag im Westerceller Sportpark entstehen!<\/p>\n<\/div><\/section><\/div><div  class='flex_column av-jqttm6-a64b097b0e51fa4466eefbc1e4b0c7b0 av_one_fourth  avia-builder-el-2  el_after_av_three_fourth  avia-builder-el-last  flex_column_div  '     ><style type=\"text\/css\" data-created_by=\"avia_inline_auto\" id=\"style-css-av-l88ujsej-11e524cf25a5b89b0717ffe80025c9f9\">\n.avia-image-container.av-l88ujsej-11e524cf25a5b89b0717ffe80025c9f9 img.avia_image{\nbox-shadow:none;\n}\n.avia-image-container.av-l88ujsej-11e524cf25a5b89b0717ffe80025c9f9 .av-image-caption-overlay-center{\ncolor:#ffffff;\n}\n<\/style>\n<div  class='avia-image-container av-l88ujsej-11e524cf25a5b89b0717ffe80025c9f9 av-styling- av-img-linked avia-align-center  avia-builder-el-3  avia-builder-el-no-sibling '   itemprop=\"image\" itemscope=\"itemscope\" itemtype=\"https:\/\/schema.org\/ImageObject\" ><div class=\"avia-image-container-inner\"><div class=\"avia-image-overlay-wrap\"><a href=\"http:\/\/www.vfl-westercelle.de\/fb\/wp-content\/uploads\/sites\/3\/2022\/09\/TdA_2022_Wsd_story.jpg\" class='avia_image '  target=\"_blank\"  rel=\"noopener noreferrer\" aria-label='TdA_2022_Wsd_story'><img decoding=\"async\" fetchpriority=\"high\" class='wp-image-18768 avia-img-lazy-loading-not-18768 avia_image ' src=\"https:\/\/www.vfl-westercelle.de\/fb\/wp-content\/uploads\/sites\/3\/2022\/09\/TdA_2022_Wsd_story-579x1030.jpg\" alt='' title='TdA_2022_Wsd_story'  height=\"1030\" width=\"579\"  itemprop=\"thumbnailUrl\" srcset=\"https:\/\/www.vfl-westercelle.de\/fb\/wp-content\/uploads\/sites\/3\/2022\/09\/TdA_2022_Wsd_story-579x1030.jpg 579w, https:\/\/www.vfl-westercelle.de\/fb\/wp-content\/uploads\/sites\/3\/2022\/09\/TdA_2022_Wsd_story-169x300.jpg 169w, https:\/\/www.vfl-westercelle.de\/fb\/wp-content\/uploads\/sites\/3\/2022\/09\/TdA_2022_Wsd_story-768x1365.jpg 768w, https:\/\/www.vfl-westercelle.de\/fb\/wp-content\/uploads\/sites\/3\/2022\/09\/TdA_2022_Wsd_story-864x1536.jpg 864w, https:\/\/www.vfl-westercelle.de\/fb\/wp-content\/uploads\/sites\/3\/2022\/09\/TdA_2022_Wsd_story-844x1500.jpg 844w, https:\/\/www.vfl-westercelle.de\/fb\/wp-content\/uploads\/sites\/3\/2022\/09\/TdA_2022_Wsd_story-397x705.jpg 397w, https:\/\/www.vfl-westercelle.de\/fb\/wp-content\/uploads\/sites\/3\/2022\/09\/TdA_2022_Wsd_story-72x128.jpg 72w, https:\/\/www.vfl-westercelle.de\/fb\/wp-content\/uploads\/sites\/3\/2022\/09\/TdA_2022_Wsd_story-18x32.jpg 18w, https:\/\/www.vfl-westercelle.de\/fb\/wp-content\/uploads\/sites\/3\/2022\/09\/TdA_2022_Wsd_story.jpg 1080w\" sizes=\"(max-width: 579px) 100vw, 579px\" \/><\/a><\/div><\/div><\/div><\/div><\/p>\n","protected":false},"excerpt":{"rendered":"","protected":false},"author":9,"featured_media":18767,"comment_status":"closed","ping_status":"closed","sticky":false,"template":"","format":"standard","meta":{"footnotes":""},"categories":[17],"tags":[],"class_list":["post-18766","post","type-post","status-publish","format-standard","has-post-thumbnail","hentry","category-fussball"],"_links":{"self":[{"href":"https:\/\/www.vfl-westercelle.de\/fb\/wp-json\/wp\/v2\/posts\/18766","targetHints":{"allow":["GET"]}}],"collection":[{"href":"https:\/\/www.vfl-westercelle.de\/fb\/wp-json\/wp\/v2\/posts"}],"about":[{"href":"https:\/\/www.vfl-westercelle.de\/fb\/wp-json\/wp\/v2\/types\/post"}],"author":[{"embeddable":true,"href":"https:\/\/www.vfl-westercelle.de\/fb\/wp-json\/wp\/v2\/users\/9"}],"replies":[{"embeddable":true,"href":"https:\/\/www.vfl-westercelle.de\/fb\/wp-json\/wp\/v2\/comments?post=18766"}],"version-history":[{"count":4,"href":"https:\/\/www.vfl-westercelle.de\/fb\/wp-json\/wp\/v2\/posts\/18766\/revisions"}],"predecessor-version":[{"id":18789,"href":"https:\/\/www.vfl-westercelle.de\/fb\/wp-json\/wp\/v2\/posts\/18766\/revisions\/18789"}],"wp:featuredmedia":[{"embeddable":true,"href":"https:\/\/www.vfl-westercelle.de\/fb\/wp-json\/wp\/v2\/media\/18767"}],"wp:attachment":[{"href":"https:\/\/www.vfl-westercelle.de\/fb\/wp-json\/wp\/v2\/media?parent=18766"}],"wp:term":[{"taxonomy":"category","embeddable":true,"href":"https:\/\/www.vfl-westercelle.de\/fb\/wp-json\/wp\/v2\/categories?post=18766"},{"taxonomy":"post_tag","embeddable":true,"href":"https:\/\/www.vfl-westercelle.de\/fb\/wp-json\/wp\/v2\/tags?post=18766"}],"curies":[{"name":"wp","href":"https:\/\/api.w.org\/{rel}","templated":true}]}}