{"id":19225,"date":"2022-11-22T18:16:36","date_gmt":"2022-11-22T17:16:36","guid":{"rendered":"https:\/\/www.vfl-westercelle.de\/fb\/?p=19225"},"modified":"2022-12-12T17:18:06","modified_gmt":"2022-12-12T16:18:06","slug":"mit-galerie-die-frostspiele-vom-wochenende","status":"publish","type":"post","link":"https:\/\/www.vfl-westercelle.de\/fb\/mit-galerie-die-frostspiele-vom-wochenende\/","title":{"rendered":"Mit Galerie: Die Frostspiele vom Wochenende"},"content":{"rendered":"\n<p>So langsam kommt der Winter n\u00e4her und das erste frostige Wochenende sorgte f\u00fcr reichlich Spielausf\u00e4lle. Dank des Kunstrasens konnten aber die meisten VfL-Heimspiele wie geplant stattfinden.<\/p>\n\n\n\n<p>Noch ohne Frost trennte sich die U18 am Mittwoch 1:1 von Eintracht Leinetal, um am Samstag den TSV Etelsen in einem spannenden Spiel mit 3:2 zu besiegen. Freitag abend machte die U15 mit einem 7:0 Erfolg bei der JSG Bierden\/Uphusen den Aufstieg in die Landesliga perfekt. Das Topspiel am Sonntag gegen die JSG Celle wurde wegen des zu harten und dadurch rutschigen Kunstrasenplatzes beim Stand von 1:0 abgebrochen. Ebenfalls abgebrochen wurde die Partie der Alten Herren am Samstag gegen SV Altencelle, da auch hier der Platz zu rutschig war. Zur Halbzeit lagen die VfLer mit 3:1 in F\u00fchrung.<\/p>\n\n\n\n<p>Der Lieblingsgegner der U16 hei\u00dft ohne Zweifel JFV A\/O\/B\/H\/H. Nach dem erfoglreichen Hinspiel gelang auch im R\u00fcckspiel ein 1:0 Erfolg gegen den Tabellenf\u00fchrer der Landesliga und so liegt man selbst nur noch drei Punkte hinter Platz 1 &#8211; und drei Punkte vor den Abstiegsr\u00e4ngen. Souver\u00e4n zeigte sich die U19 beim 5:1 Sieg beim JFV Wiedau Bothel und liegt weiterhin auf Rang 2. Nicht vollauf zufrieden zeigten sich die Frauen nach dem 1:1 beim VfB Vorbr\u00fcck Walsrode und f\u00fcr die U13 II war erwartungsgem\u00e4\u00df bei der JSG Lachtetal nichts zu holen.<\/p>\n\n\n\n<figure class=\"wp-block-gallery has-nested-images columns-6 is-cropped wp-block-gallery-1 is-layout-flex wp-block-gallery-is-layout-flex\">\n<figure class=\"wp-block-image size-large\"><a href=\"https:\/\/www.vfl-westercelle.de\/fb\/wp-content\/uploads\/sites\/3\/2022\/11\/IMG-20221119-WA0012.jpg\" target=\"_blank\"><img loading=\"lazy\" decoding=\"async\" width=\"1030\" height=\"773\" data-id=\"19226\" src=\"https:\/\/www.vfl-westercelle.de\/fb\/wp-content\/uploads\/sites\/3\/2022\/11\/IMG-20221119-WA0012-1030x773.jpg\" alt=\"\" class=\"wp-image-19226\" srcset=\"https:\/\/www.vfl-westercelle.de\/fb\/wp-content\/uploads\/sites\/3\/2022\/11\/IMG-20221119-WA0012-1030x773.jpg 1030w, https:\/\/www.vfl-westercelle.de\/fb\/wp-content\/uploads\/sites\/3\/2022\/11\/IMG-20221119-WA0012-300x225.jpg 300w, https:\/\/www.vfl-westercelle.de\/fb\/wp-content\/uploads\/sites\/3\/2022\/11\/IMG-20221119-WA0012-768x576.jpg 768w, https:\/\/www.vfl-westercelle.de\/fb\/wp-content\/uploads\/sites\/3\/2022\/11\/IMG-20221119-WA0012-1536x1152.jpg 1536w, https:\/\/www.vfl-westercelle.de\/fb\/wp-content\/uploads\/sites\/3\/2022\/11\/IMG-20221119-WA0012-1500x1125.jpg 1500w, https:\/\/www.vfl-westercelle.de\/fb\/wp-content\/uploads\/sites\/3\/2022\/11\/IMG-20221119-WA0012-705x529.jpg 705w, https:\/\/www.vfl-westercelle.de\/fb\/wp-content\/uploads\/sites\/3\/2022\/11\/IMG-20221119-WA0012-128x96.jpg 128w, https:\/\/www.vfl-westercelle.de\/fb\/wp-content\/uploads\/sites\/3\/2022\/11\/IMG-20221119-WA0012-32x24.jpg 32w, https:\/\/www.vfl-westercelle.de\/fb\/wp-content\/uploads\/sites\/3\/2022\/11\/IMG-20221119-WA0012.jpg 1600w\" sizes=\"auto, (max-width: 1030px) 100vw, 1030px\" \/><\/a><\/figure>\n\n\n\n<figure class=\"wp-block-image size-large\"><a href=\"https:\/\/www.vfl-westercelle.de\/fb\/wp-content\/uploads\/sites\/3\/2022\/11\/IMG-20221120-WA0003.jpg\" target=\"_blank\"><img loading=\"lazy\" decoding=\"async\" width=\"1030\" height=\"773\" data-id=\"19227\" src=\"https:\/\/www.vfl-westercelle.de\/fb\/wp-content\/uploads\/sites\/3\/2022\/11\/IMG-20221120-WA0003-1030x773.jpg\" alt=\"\" class=\"wp-image-19227\" srcset=\"https:\/\/www.vfl-westercelle.de\/fb\/wp-content\/uploads\/sites\/3\/2022\/11\/IMG-20221120-WA0003-1030x773.jpg 1030w, https:\/\/www.vfl-westercelle.de\/fb\/wp-content\/uploads\/sites\/3\/2022\/11\/IMG-20221120-WA0003-300x225.jpg 300w, https:\/\/www.vfl-westercelle.de\/fb\/wp-content\/uploads\/sites\/3\/2022\/11\/IMG-20221120-WA0003-768x576.jpg 768w, https:\/\/www.vfl-westercelle.de\/fb\/wp-content\/uploads\/sites\/3\/2022\/11\/IMG-20221120-WA0003-1536x1152.jpg 1536w, https:\/\/www.vfl-westercelle.de\/fb\/wp-content\/uploads\/sites\/3\/2022\/11\/IMG-20221120-WA0003-1500x1125.jpg 1500w, https:\/\/www.vfl-westercelle.de\/fb\/wp-content\/uploads\/sites\/3\/2022\/11\/IMG-20221120-WA0003-705x529.jpg 705w, https:\/\/www.vfl-westercelle.de\/fb\/wp-content\/uploads\/sites\/3\/2022\/11\/IMG-20221120-WA0003-128x96.jpg 128w, https:\/\/www.vfl-westercelle.de\/fb\/wp-content\/uploads\/sites\/3\/2022\/11\/IMG-20221120-WA0003-32x24.jpg 32w, https:\/\/www.vfl-westercelle.de\/fb\/wp-content\/uploads\/sites\/3\/2022\/11\/IMG-20221120-WA0003.jpg 2048w\" sizes=\"auto, (max-width: 1030px) 100vw, 1030px\" \/><\/a><\/figure>\n\n\n\n<figure class=\"wp-block-image size-large\"><a href=\"https:\/\/www.vfl-westercelle.de\/fb\/wp-content\/uploads\/sites\/3\/2022\/11\/IMG-20221120-WA0007.jpg\" target=\"_blank\"><img loading=\"lazy\" decoding=\"async\" width=\"773\" height=\"1030\" data-id=\"19228\" src=\"https:\/\/www.vfl-westercelle.de\/fb\/wp-content\/uploads\/sites\/3\/2022\/11\/IMG-20221120-WA0007-773x1030.jpg\" alt=\"\" class=\"wp-image-19228\" srcset=\"https:\/\/www.vfl-westercelle.de\/fb\/wp-content\/uploads\/sites\/3\/2022\/11\/IMG-20221120-WA0007-773x1030.jpg 773w, https:\/\/www.vfl-westercelle.de\/fb\/wp-content\/uploads\/sites\/3\/2022\/11\/IMG-20221120-WA0007-225x300.jpg 225w, https:\/\/www.vfl-westercelle.de\/fb\/wp-content\/uploads\/sites\/3\/2022\/11\/IMG-20221120-WA0007-768x1024.jpg 768w, https:\/\/www.vfl-westercelle.de\/fb\/wp-content\/uploads\/sites\/3\/2022\/11\/IMG-20221120-WA0007-1152x1536.jpg 1152w, https:\/\/www.vfl-westercelle.de\/fb\/wp-content\/uploads\/sites\/3\/2022\/11\/IMG-20221120-WA0007-1125x1500.jpg 1125w, https:\/\/www.vfl-westercelle.de\/fb\/wp-content\/uploads\/sites\/3\/2022\/11\/IMG-20221120-WA0007-529x705.jpg 529w, https:\/\/www.vfl-westercelle.de\/fb\/wp-content\/uploads\/sites\/3\/2022\/11\/IMG-20221120-WA0007-96x128.jpg 96w, https:\/\/www.vfl-westercelle.de\/fb\/wp-content\/uploads\/sites\/3\/2022\/11\/IMG-20221120-WA0007-24x32.jpg 24w, https:\/\/www.vfl-westercelle.de\/fb\/wp-content\/uploads\/sites\/3\/2022\/11\/IMG-20221120-WA0007.jpg 1500w\" sizes=\"auto, (max-width: 773px) 100vw, 773px\" \/><\/a><\/figure>\n\n\n\n<figure class=\"wp-block-image size-large\"><a href=\"https:\/\/www.vfl-westercelle.de\/fb\/wp-content\/uploads\/sites\/3\/2022\/11\/IMG-20221120-WA0011.jpg\" target=\"_blank\"><img loading=\"lazy\" decoding=\"async\" width=\"1030\" height=\"773\" data-id=\"19229\" src=\"https:\/\/www.vfl-westercelle.de\/fb\/wp-content\/uploads\/sites\/3\/2022\/11\/IMG-20221120-WA0011-1030x773.jpg\" alt=\"\" class=\"wp-image-19229\" srcset=\"https:\/\/www.vfl-westercelle.de\/fb\/wp-content\/uploads\/sites\/3\/2022\/11\/IMG-20221120-WA0011-1030x773.jpg 1030w, https:\/\/www.vfl-westercelle.de\/fb\/wp-content\/uploads\/sites\/3\/2022\/11\/IMG-20221120-WA0011-300x225.jpg 300w, https:\/\/www.vfl-westercelle.de\/fb\/wp-content\/uploads\/sites\/3\/2022\/11\/IMG-20221120-WA0011-768x576.jpg 768w, https:\/\/www.vfl-westercelle.de\/fb\/wp-content\/uploads\/sites\/3\/2022\/11\/IMG-20221120-WA0011-1536x1152.jpg 1536w, https:\/\/www.vfl-westercelle.de\/fb\/wp-content\/uploads\/sites\/3\/2022\/11\/IMG-20221120-WA0011-1500x1125.jpg 1500w, https:\/\/www.vfl-westercelle.de\/fb\/wp-content\/uploads\/sites\/3\/2022\/11\/IMG-20221120-WA0011-705x529.jpg 705w, https:\/\/www.vfl-westercelle.de\/fb\/wp-content\/uploads\/sites\/3\/2022\/11\/IMG-20221120-WA0011-128x96.jpg 128w, https:\/\/www.vfl-westercelle.de\/fb\/wp-content\/uploads\/sites\/3\/2022\/11\/IMG-20221120-WA0011-32x24.jpg 32w, https:\/\/www.vfl-westercelle.de\/fb\/wp-content\/uploads\/sites\/3\/2022\/11\/IMG-20221120-WA0011.jpg 2048w\" sizes=\"auto, (max-width: 1030px) 100vw, 1030px\" \/><\/a><\/figure>\n\n\n\n<figure class=\"wp-block-image size-large\"><a href=\"https:\/\/www.vfl-westercelle.de\/fb\/wp-content\/uploads\/sites\/3\/2022\/11\/IMG-20221121-WA0001.jpg\" target=\"_blank\"><img loading=\"lazy\" decoding=\"async\" width=\"1030\" height=\"687\" data-id=\"19230\" src=\"https:\/\/www.vfl-westercelle.de\/fb\/wp-content\/uploads\/sites\/3\/2022\/11\/IMG-20221121-WA0001-1030x687.jpg\" alt=\"\" class=\"wp-image-19230\" srcset=\"https:\/\/www.vfl-westercelle.de\/fb\/wp-content\/uploads\/sites\/3\/2022\/11\/IMG-20221121-WA0001-1030x687.jpg 1030w, https:\/\/www.vfl-westercelle.de\/fb\/wp-content\/uploads\/sites\/3\/2022\/11\/IMG-20221121-WA0001-300x200.jpg 300w, https:\/\/www.vfl-westercelle.de\/fb\/wp-content\/uploads\/sites\/3\/2022\/11\/IMG-20221121-WA0001-768x512.jpg 768w, https:\/\/www.vfl-westercelle.de\/fb\/wp-content\/uploads\/sites\/3\/2022\/11\/IMG-20221121-WA0001-1536x1025.jpg 1536w, https:\/\/www.vfl-westercelle.de\/fb\/wp-content\/uploads\/sites\/3\/2022\/11\/IMG-20221121-WA0001-1500x1001.jpg 1500w, https:\/\/www.vfl-westercelle.de\/fb\/wp-content\/uploads\/sites\/3\/2022\/11\/IMG-20221121-WA0001-705x470.jpg 705w, https:\/\/www.vfl-westercelle.de\/fb\/wp-content\/uploads\/sites\/3\/2022\/11\/IMG-20221121-WA0001-128x85.jpg 128w, https:\/\/www.vfl-westercelle.de\/fb\/wp-content\/uploads\/sites\/3\/2022\/11\/IMG-20221121-WA0001-32x21.jpg 32w, https:\/\/www.vfl-westercelle.de\/fb\/wp-content\/uploads\/sites\/3\/2022\/11\/IMG-20221121-WA0001.jpg 2000w\" sizes=\"auto, (max-width: 1030px) 100vw, 1030px\" \/><\/a><\/figure>\n\n\n\n<figure class=\"wp-block-image size-large\"><a href=\"https:\/\/www.vfl-westercelle.de\/fb\/wp-content\/uploads\/sites\/3\/2022\/11\/IMG-20221121-WA0003.jpg\" target=\"_blank\"><img loading=\"lazy\" decoding=\"async\" width=\"1030\" height=\"687\" data-id=\"19231\" src=\"https:\/\/www.vfl-westercelle.de\/fb\/wp-content\/uploads\/sites\/3\/2022\/11\/IMG-20221121-WA0003-1030x687.jpg\" alt=\"\" class=\"wp-image-19231\" srcset=\"https:\/\/www.vfl-westercelle.de\/fb\/wp-content\/uploads\/sites\/3\/2022\/11\/IMG-20221121-WA0003-1030x687.jpg 1030w, https:\/\/www.vfl-westercelle.de\/fb\/wp-content\/uploads\/sites\/3\/2022\/11\/IMG-20221121-WA0003-300x200.jpg 300w, https:\/\/www.vfl-westercelle.de\/fb\/wp-content\/uploads\/sites\/3\/2022\/11\/IMG-20221121-WA0003-768x512.jpg 768w, https:\/\/www.vfl-westercelle.de\/fb\/wp-content\/uploads\/sites\/3\/2022\/11\/IMG-20221121-WA0003-1536x1025.jpg 1536w, https:\/\/www.vfl-westercelle.de\/fb\/wp-content\/uploads\/sites\/3\/2022\/11\/IMG-20221121-WA0003-1500x1001.jpg 1500w, https:\/\/www.vfl-westercelle.de\/fb\/wp-content\/uploads\/sites\/3\/2022\/11\/IMG-20221121-WA0003-705x470.jpg 705w, https:\/\/www.vfl-westercelle.de\/fb\/wp-content\/uploads\/sites\/3\/2022\/11\/IMG-20221121-WA0003-128x85.jpg 128w, https:\/\/www.vfl-westercelle.de\/fb\/wp-content\/uploads\/sites\/3\/2022\/11\/IMG-20221121-WA0003-32x21.jpg 32w, https:\/\/www.vfl-westercelle.de\/fb\/wp-content\/uploads\/sites\/3\/2022\/11\/IMG-20221121-WA0003.jpg 2000w\" sizes=\"auto, (max-width: 1030px) 100vw, 1030px\" \/><\/a><\/figure>\n\n\n\n<figure class=\"wp-block-image size-large\"><a href=\"https:\/\/www.vfl-westercelle.de\/fb\/wp-content\/uploads\/sites\/3\/2022\/11\/IMG-20221121-WA0000.jpg\" target=\"_blank\"><img loading=\"lazy\" decoding=\"async\" width=\"1030\" height=\"687\" data-id=\"19242\" src=\"https:\/\/www.vfl-westercelle.de\/fb\/wp-content\/uploads\/sites\/3\/2022\/11\/IMG-20221121-WA0000-1030x687.jpg\" alt=\"\" class=\"wp-image-19242\" srcset=\"https:\/\/www.vfl-westercelle.de\/fb\/wp-content\/uploads\/sites\/3\/2022\/11\/IMG-20221121-WA0000-1030x687.jpg 1030w, https:\/\/www.vfl-westercelle.de\/fb\/wp-content\/uploads\/sites\/3\/2022\/11\/IMG-20221121-WA0000-300x200.jpg 300w, https:\/\/www.vfl-westercelle.de\/fb\/wp-content\/uploads\/sites\/3\/2022\/11\/IMG-20221121-WA0000-768x512.jpg 768w, https:\/\/www.vfl-westercelle.de\/fb\/wp-content\/uploads\/sites\/3\/2022\/11\/IMG-20221121-WA0000-1536x1025.jpg 1536w, https:\/\/www.vfl-westercelle.de\/fb\/wp-content\/uploads\/sites\/3\/2022\/11\/IMG-20221121-WA0000-1500x1001.jpg 1500w, https:\/\/www.vfl-westercelle.de\/fb\/wp-content\/uploads\/sites\/3\/2022\/11\/IMG-20221121-WA0000-705x470.jpg 705w, https:\/\/www.vfl-westercelle.de\/fb\/wp-content\/uploads\/sites\/3\/2022\/11\/IMG-20221121-WA0000-128x85.jpg 128w, https:\/\/www.vfl-westercelle.de\/fb\/wp-content\/uploads\/sites\/3\/2022\/11\/IMG-20221121-WA0000-32x21.jpg 32w, https:\/\/www.vfl-westercelle.de\/fb\/wp-content\/uploads\/sites\/3\/2022\/11\/IMG-20221121-WA0000.jpg 2000w\" sizes=\"auto, (max-width: 1030px) 100vw, 1030px\" \/><\/a><\/figure>\n\n\n\n<figure class=\"wp-block-image size-large\"><a href=\"https:\/\/www.vfl-westercelle.de\/fb\/wp-content\/uploads\/sites\/3\/2022\/11\/IMG-20221121-WA0004.jpg\" target=\"_blank\"><img loading=\"lazy\" decoding=\"async\" width=\"1030\" height=\"687\" data-id=\"19232\" src=\"https:\/\/www.vfl-westercelle.de\/fb\/wp-content\/uploads\/sites\/3\/2022\/11\/IMG-20221121-WA0004-1030x687.jpg\" alt=\"\" class=\"wp-image-19232\" srcset=\"https:\/\/www.vfl-westercelle.de\/fb\/wp-content\/uploads\/sites\/3\/2022\/11\/IMG-20221121-WA0004-1030x687.jpg 1030w, https:\/\/www.vfl-westercelle.de\/fb\/wp-content\/uploads\/sites\/3\/2022\/11\/IMG-20221121-WA0004-300x200.jpg 300w, https:\/\/www.vfl-westercelle.de\/fb\/wp-content\/uploads\/sites\/3\/2022\/11\/IMG-20221121-WA0004-768x512.jpg 768w, https:\/\/www.vfl-westercelle.de\/fb\/wp-content\/uploads\/sites\/3\/2022\/11\/IMG-20221121-WA0004-1536x1025.jpg 1536w, https:\/\/www.vfl-westercelle.de\/fb\/wp-content\/uploads\/sites\/3\/2022\/11\/IMG-20221121-WA0004-1500x1001.jpg 1500w, https:\/\/www.vfl-westercelle.de\/fb\/wp-content\/uploads\/sites\/3\/2022\/11\/IMG-20221121-WA0004-705x470.jpg 705w, https:\/\/www.vfl-westercelle.de\/fb\/wp-content\/uploads\/sites\/3\/2022\/11\/IMG-20221121-WA0004-128x85.jpg 128w, https:\/\/www.vfl-westercelle.de\/fb\/wp-content\/uploads\/sites\/3\/2022\/11\/IMG-20221121-WA0004-32x21.jpg 32w, https:\/\/www.vfl-westercelle.de\/fb\/wp-content\/uploads\/sites\/3\/2022\/11\/IMG-20221121-WA0004.jpg 2000w\" sizes=\"auto, (max-width: 1030px) 100vw, 1030px\" \/><\/a><\/figure>\n\n\n\n<figure class=\"wp-block-image size-large\"><a href=\"https:\/\/www.vfl-westercelle.de\/fb\/wp-content\/uploads\/sites\/3\/2022\/11\/IMG-20221121-WA0010.jpg\" target=\"_blank\"><img loading=\"lazy\" decoding=\"async\" width=\"1030\" height=\"687\" data-id=\"19236\" src=\"https:\/\/www.vfl-westercelle.de\/fb\/wp-content\/uploads\/sites\/3\/2022\/11\/IMG-20221121-WA0010-1030x687.jpg\" alt=\"\" class=\"wp-image-19236\" srcset=\"https:\/\/www.vfl-westercelle.de\/fb\/wp-content\/uploads\/sites\/3\/2022\/11\/IMG-20221121-WA0010-1030x687.jpg 1030w, https:\/\/www.vfl-westercelle.de\/fb\/wp-content\/uploads\/sites\/3\/2022\/11\/IMG-20221121-WA0010-300x200.jpg 300w, https:\/\/www.vfl-westercelle.de\/fb\/wp-content\/uploads\/sites\/3\/2022\/11\/IMG-20221121-WA0010-768x512.jpg 768w, https:\/\/www.vfl-westercelle.de\/fb\/wp-content\/uploads\/sites\/3\/2022\/11\/IMG-20221121-WA0010-1536x1025.jpg 1536w, https:\/\/www.vfl-westercelle.de\/fb\/wp-content\/uploads\/sites\/3\/2022\/11\/IMG-20221121-WA0010-1500x1001.jpg 1500w, https:\/\/www.vfl-westercelle.de\/fb\/wp-content\/uploads\/sites\/3\/2022\/11\/IMG-20221121-WA0010-705x470.jpg 705w, https:\/\/www.vfl-westercelle.de\/fb\/wp-content\/uploads\/sites\/3\/2022\/11\/IMG-20221121-WA0010-128x85.jpg 128w, https:\/\/www.vfl-westercelle.de\/fb\/wp-content\/uploads\/sites\/3\/2022\/11\/IMG-20221121-WA0010-32x21.jpg 32w, https:\/\/www.vfl-westercelle.de\/fb\/wp-content\/uploads\/sites\/3\/2022\/11\/IMG-20221121-WA0010.jpg 2000w\" sizes=\"auto, (max-width: 1030px) 100vw, 1030px\" \/><\/a><\/figure>\n\n\n\n<figure class=\"wp-block-image size-large\"><a href=\"https:\/\/www.vfl-westercelle.de\/fb\/wp-content\/uploads\/sites\/3\/2022\/11\/IMG-20221121-WA0011.jpg\" target=\"_blank\"><img loading=\"lazy\" decoding=\"async\" width=\"1030\" height=\"687\" data-id=\"19237\" src=\"https:\/\/www.vfl-westercelle.de\/fb\/wp-content\/uploads\/sites\/3\/2022\/11\/IMG-20221121-WA0011-1030x687.jpg\" alt=\"\" class=\"wp-image-19237\" srcset=\"https:\/\/www.vfl-westercelle.de\/fb\/wp-content\/uploads\/sites\/3\/2022\/11\/IMG-20221121-WA0011-1030x687.jpg 1030w, https:\/\/www.vfl-westercelle.de\/fb\/wp-content\/uploads\/sites\/3\/2022\/11\/IMG-20221121-WA0011-300x200.jpg 300w, https:\/\/www.vfl-westercelle.de\/fb\/wp-content\/uploads\/sites\/3\/2022\/11\/IMG-20221121-WA0011-768x512.jpg 768w, https:\/\/www.vfl-westercelle.de\/fb\/wp-content\/uploads\/sites\/3\/2022\/11\/IMG-20221121-WA0011-1536x1025.jpg 1536w, https:\/\/www.vfl-westercelle.de\/fb\/wp-content\/uploads\/sites\/3\/2022\/11\/IMG-20221121-WA0011-1500x1001.jpg 1500w, https:\/\/www.vfl-westercelle.de\/fb\/wp-content\/uploads\/sites\/3\/2022\/11\/IMG-20221121-WA0011-705x470.jpg 705w, https:\/\/www.vfl-westercelle.de\/fb\/wp-content\/uploads\/sites\/3\/2022\/11\/IMG-20221121-WA0011-128x85.jpg 128w, https:\/\/www.vfl-westercelle.de\/fb\/wp-content\/uploads\/sites\/3\/2022\/11\/IMG-20221121-WA0011-32x21.jpg 32w, https:\/\/www.vfl-westercelle.de\/fb\/wp-content\/uploads\/sites\/3\/2022\/11\/IMG-20221121-WA0011.jpg 2000w\" sizes=\"auto, (max-width: 1030px) 100vw, 1030px\" \/><\/a><\/figure>\n\n\n\n<figure class=\"wp-block-image size-large\"><a href=\"https:\/\/www.vfl-westercelle.de\/fb\/wp-content\/uploads\/sites\/3\/2022\/11\/IMG-20221121-WA0008.jpg\" target=\"_blank\"><img loading=\"lazy\" decoding=\"async\" width=\"1030\" height=\"687\" data-id=\"19234\" src=\"https:\/\/www.vfl-westercelle.de\/fb\/wp-content\/uploads\/sites\/3\/2022\/11\/IMG-20221121-WA0008-1030x687.jpg\" alt=\"\" class=\"wp-image-19234\" srcset=\"https:\/\/www.vfl-westercelle.de\/fb\/wp-content\/uploads\/sites\/3\/2022\/11\/IMG-20221121-WA0008-1030x687.jpg 1030w, https:\/\/www.vfl-westercelle.de\/fb\/wp-content\/uploads\/sites\/3\/2022\/11\/IMG-20221121-WA0008-300x200.jpg 300w, https:\/\/www.vfl-westercelle.de\/fb\/wp-content\/uploads\/sites\/3\/2022\/11\/IMG-20221121-WA0008-768x512.jpg 768w, https:\/\/www.vfl-westercelle.de\/fb\/wp-content\/uploads\/sites\/3\/2022\/11\/IMG-20221121-WA0008-1536x1025.jpg 1536w, https:\/\/www.vfl-westercelle.de\/fb\/wp-content\/uploads\/sites\/3\/2022\/11\/IMG-20221121-WA0008-1500x1001.jpg 1500w, https:\/\/www.vfl-westercelle.de\/fb\/wp-content\/uploads\/sites\/3\/2022\/11\/IMG-20221121-WA0008-705x470.jpg 705w, https:\/\/www.vfl-westercelle.de\/fb\/wp-content\/uploads\/sites\/3\/2022\/11\/IMG-20221121-WA0008-128x85.jpg 128w, https:\/\/www.vfl-westercelle.de\/fb\/wp-content\/uploads\/sites\/3\/2022\/11\/IMG-20221121-WA0008-32x21.jpg 32w, https:\/\/www.vfl-westercelle.de\/fb\/wp-content\/uploads\/sites\/3\/2022\/11\/IMG-20221121-WA0008.jpg 2000w\" sizes=\"auto, (max-width: 1030px) 100vw, 1030px\" \/><\/a><\/figure>\n\n\n\n<figure class=\"wp-block-image size-large\"><a href=\"https:\/\/www.vfl-westercelle.de\/fb\/wp-content\/uploads\/sites\/3\/2022\/11\/IMG-20221121-WA0009.jpg\" target=\"_blank\"><img loading=\"lazy\" decoding=\"async\" width=\"1030\" height=\"687\" data-id=\"19235\" src=\"https:\/\/www.vfl-westercelle.de\/fb\/wp-content\/uploads\/sites\/3\/2022\/11\/IMG-20221121-WA0009-1030x687.jpg\" alt=\"\" class=\"wp-image-19235\" srcset=\"https:\/\/www.vfl-westercelle.de\/fb\/wp-content\/uploads\/sites\/3\/2022\/11\/IMG-20221121-WA0009-1030x687.jpg 1030w, https:\/\/www.vfl-westercelle.de\/fb\/wp-content\/uploads\/sites\/3\/2022\/11\/IMG-20221121-WA0009-300x200.jpg 300w, https:\/\/www.vfl-westercelle.de\/fb\/wp-content\/uploads\/sites\/3\/2022\/11\/IMG-20221121-WA0009-768x512.jpg 768w, https:\/\/www.vfl-westercelle.de\/fb\/wp-content\/uploads\/sites\/3\/2022\/11\/IMG-20221121-WA0009-1536x1025.jpg 1536w, https:\/\/www.vfl-westercelle.de\/fb\/wp-content\/uploads\/sites\/3\/2022\/11\/IMG-20221121-WA0009-1500x1001.jpg 1500w, https:\/\/www.vfl-westercelle.de\/fb\/wp-content\/uploads\/sites\/3\/2022\/11\/IMG-20221121-WA0009-705x470.jpg 705w, https:\/\/www.vfl-westercelle.de\/fb\/wp-content\/uploads\/sites\/3\/2022\/11\/IMG-20221121-WA0009-128x85.jpg 128w, https:\/\/www.vfl-westercelle.de\/fb\/wp-content\/uploads\/sites\/3\/2022\/11\/IMG-20221121-WA0009-32x21.jpg 32w, https:\/\/www.vfl-westercelle.de\/fb\/wp-content\/uploads\/sites\/3\/2022\/11\/IMG-20221121-WA0009.jpg 2000w\" sizes=\"auto, (max-width: 1030px) 100vw, 1030px\" \/><\/a><\/figure>\n\n\n\n<figure class=\"wp-block-image size-large\"><a href=\"https:\/\/www.vfl-westercelle.de\/fb\/wp-content\/uploads\/sites\/3\/2022\/11\/IMG-20221121-WA0013.jpg\" target=\"_blank\"><img loading=\"lazy\" decoding=\"async\" width=\"1030\" height=\"687\" data-id=\"19238\" src=\"https:\/\/www.vfl-westercelle.de\/fb\/wp-content\/uploads\/sites\/3\/2022\/11\/IMG-20221121-WA0013-1030x687.jpg\" alt=\"\" class=\"wp-image-19238\" srcset=\"https:\/\/www.vfl-westercelle.de\/fb\/wp-content\/uploads\/sites\/3\/2022\/11\/IMG-20221121-WA0013-1030x687.jpg 1030w, https:\/\/www.vfl-westercelle.de\/fb\/wp-content\/uploads\/sites\/3\/2022\/11\/IMG-20221121-WA0013-300x200.jpg 300w, https:\/\/www.vfl-westercelle.de\/fb\/wp-content\/uploads\/sites\/3\/2022\/11\/IMG-20221121-WA0013-768x512.jpg 768w, https:\/\/www.vfl-westercelle.de\/fb\/wp-content\/uploads\/sites\/3\/2022\/11\/IMG-20221121-WA0013-1536x1025.jpg 1536w, https:\/\/www.vfl-westercelle.de\/fb\/wp-content\/uploads\/sites\/3\/2022\/11\/IMG-20221121-WA0013-1500x1001.jpg 1500w, https:\/\/www.vfl-westercelle.de\/fb\/wp-content\/uploads\/sites\/3\/2022\/11\/IMG-20221121-WA0013-705x470.jpg 705w, https:\/\/www.vfl-westercelle.de\/fb\/wp-content\/uploads\/sites\/3\/2022\/11\/IMG-20221121-WA0013-128x85.jpg 128w, https:\/\/www.vfl-westercelle.de\/fb\/wp-content\/uploads\/sites\/3\/2022\/11\/IMG-20221121-WA0013-32x21.jpg 32w, https:\/\/www.vfl-westercelle.de\/fb\/wp-content\/uploads\/sites\/3\/2022\/11\/IMG-20221121-WA0013.jpg 2000w\" sizes=\"auto, (max-width: 1030px) 100vw, 1030px\" \/><\/a><\/figure>\n\n\n\n<figure class=\"wp-block-image size-large\"><a href=\"https:\/\/www.vfl-westercelle.de\/fb\/wp-content\/uploads\/sites\/3\/2022\/11\/IMG-20221121-WA0014.jpg\" target=\"_blank\"><img loading=\"lazy\" decoding=\"async\" width=\"1030\" height=\"687\" data-id=\"19239\" src=\"https:\/\/www.vfl-westercelle.de\/fb\/wp-content\/uploads\/sites\/3\/2022\/11\/IMG-20221121-WA0014-1030x687.jpg\" alt=\"\" class=\"wp-image-19239\" srcset=\"https:\/\/www.vfl-westercelle.de\/fb\/wp-content\/uploads\/sites\/3\/2022\/11\/IMG-20221121-WA0014-1030x687.jpg 1030w, https:\/\/www.vfl-westercelle.de\/fb\/wp-content\/uploads\/sites\/3\/2022\/11\/IMG-20221121-WA0014-300x200.jpg 300w, https:\/\/www.vfl-westercelle.de\/fb\/wp-content\/uploads\/sites\/3\/2022\/11\/IMG-20221121-WA0014-768x512.jpg 768w, https:\/\/www.vfl-westercelle.de\/fb\/wp-content\/uploads\/sites\/3\/2022\/11\/IMG-20221121-WA0014-1536x1025.jpg 1536w, https:\/\/www.vfl-westercelle.de\/fb\/wp-content\/uploads\/sites\/3\/2022\/11\/IMG-20221121-WA0014-1500x1001.jpg 1500w, https:\/\/www.vfl-westercelle.de\/fb\/wp-content\/uploads\/sites\/3\/2022\/11\/IMG-20221121-WA0014-705x470.jpg 705w, https:\/\/www.vfl-westercelle.de\/fb\/wp-content\/uploads\/sites\/3\/2022\/11\/IMG-20221121-WA0014-128x85.jpg 128w, https:\/\/www.vfl-westercelle.de\/fb\/wp-content\/uploads\/sites\/3\/2022\/11\/IMG-20221121-WA0014-32x21.jpg 32w, https:\/\/www.vfl-westercelle.de\/fb\/wp-content\/uploads\/sites\/3\/2022\/11\/IMG-20221121-WA0014.jpg 2000w\" sizes=\"auto, (max-width: 1030px) 100vw, 1030px\" \/><\/a><\/figure>\n\n\n\n<figure class=\"wp-block-image size-large\"><a href=\"https:\/\/www.vfl-westercelle.de\/fb\/wp-content\/uploads\/sites\/3\/2022\/11\/IMG-20221121-WA0015.jpg\" target=\"_blank\"><img loading=\"lazy\" decoding=\"async\" width=\"1030\" height=\"687\" data-id=\"19240\" src=\"https:\/\/www.vfl-westercelle.de\/fb\/wp-content\/uploads\/sites\/3\/2022\/11\/IMG-20221121-WA0015-1030x687.jpg\" alt=\"\" class=\"wp-image-19240\" srcset=\"https:\/\/www.vfl-westercelle.de\/fb\/wp-content\/uploads\/sites\/3\/2022\/11\/IMG-20221121-WA0015-1030x687.jpg 1030w, https:\/\/www.vfl-westercelle.de\/fb\/wp-content\/uploads\/sites\/3\/2022\/11\/IMG-20221121-WA0015-300x200.jpg 300w, https:\/\/www.vfl-westercelle.de\/fb\/wp-content\/uploads\/sites\/3\/2022\/11\/IMG-20221121-WA0015-768x512.jpg 768w, https:\/\/www.vfl-westercelle.de\/fb\/wp-content\/uploads\/sites\/3\/2022\/11\/IMG-20221121-WA0015-1536x1025.jpg 1536w, https:\/\/www.vfl-westercelle.de\/fb\/wp-content\/uploads\/sites\/3\/2022\/11\/IMG-20221121-WA0015-1500x1001.jpg 1500w, https:\/\/www.vfl-westercelle.de\/fb\/wp-content\/uploads\/sites\/3\/2022\/11\/IMG-20221121-WA0015-705x470.jpg 705w, https:\/\/www.vfl-westercelle.de\/fb\/wp-content\/uploads\/sites\/3\/2022\/11\/IMG-20221121-WA0015-128x85.jpg 128w, https:\/\/www.vfl-westercelle.de\/fb\/wp-content\/uploads\/sites\/3\/2022\/11\/IMG-20221121-WA0015-32x21.jpg 32w, https:\/\/www.vfl-westercelle.de\/fb\/wp-content\/uploads\/sites\/3\/2022\/11\/IMG-20221121-WA0015.jpg 2000w\" sizes=\"auto, (max-width: 1030px) 100vw, 1030px\" \/><\/a><\/figure>\n\n\n\n<figure class=\"wp-block-image size-large\"><a href=\"https:\/\/www.vfl-westercelle.de\/fb\/wp-content\/uploads\/sites\/3\/2022\/11\/IMG-20221121-WA0016.jpg\" target=\"_blank\"><img loading=\"lazy\" decoding=\"async\" width=\"1030\" height=\"687\" data-id=\"19241\" src=\"https:\/\/www.vfl-westercelle.de\/fb\/wp-content\/uploads\/sites\/3\/2022\/11\/IMG-20221121-WA0016-1030x687.jpg\" alt=\"\" class=\"wp-image-19241\" srcset=\"https:\/\/www.vfl-westercelle.de\/fb\/wp-content\/uploads\/sites\/3\/2022\/11\/IMG-20221121-WA0016-1030x687.jpg 1030w, https:\/\/www.vfl-westercelle.de\/fb\/wp-content\/uploads\/sites\/3\/2022\/11\/IMG-20221121-WA0016-300x200.jpg 300w, https:\/\/www.vfl-westercelle.de\/fb\/wp-content\/uploads\/sites\/3\/2022\/11\/IMG-20221121-WA0016-768x512.jpg 768w, https:\/\/www.vfl-westercelle.de\/fb\/wp-content\/uploads\/sites\/3\/2022\/11\/IMG-20221121-WA0016-1536x1025.jpg 1536w, https:\/\/www.vfl-westercelle.de\/fb\/wp-content\/uploads\/sites\/3\/2022\/11\/IMG-20221121-WA0016-1500x1001.jpg 1500w, https:\/\/www.vfl-westercelle.de\/fb\/wp-content\/uploads\/sites\/3\/2022\/11\/IMG-20221121-WA0016-705x470.jpg 705w, https:\/\/www.vfl-westercelle.de\/fb\/wp-content\/uploads\/sites\/3\/2022\/11\/IMG-20221121-WA0016-128x85.jpg 128w, https:\/\/www.vfl-westercelle.de\/fb\/wp-content\/uploads\/sites\/3\/2022\/11\/IMG-20221121-WA0016-32x21.jpg 32w, https:\/\/www.vfl-westercelle.de\/fb\/wp-content\/uploads\/sites\/3\/2022\/11\/IMG-20221121-WA0016.jpg 2000w\" sizes=\"auto, (max-width: 1030px) 100vw, 1030px\" \/><\/a><\/figure>\n<\/figure>\n\n\n\n<p>Der Sonntag f\u00fchrte unsere 3. Herren nach dem wilden 4:3 Ausw\u00e4rtssieh beim TSV Wietze auf Platz 1 der 2. Kreisklasse! Selbiger ist f\u00fcr die 2. Herren tats\u00e4chlich in Reichweite, nachdem im Derby der MTV Eintracht Celle verdient mit 1:0 besiegt wurde. Das godlene Tor erzielte Arnas Saulys. Einzig f\u00fcr die 1. Herren war es ein gebrauchter Tag. Gegen die G\u00e4ste vom VfL G\u00fcldenstern Stade setze es eine 0:3 Niederlage.<\/p>\n\n\n\n<p>Bilder: David Borghoff<\/p>\n","protected":false},"excerpt":{"rendered":"<p>So langsam kommt der Winter n\u00e4her und das erste frostige Wochenende sorgte f\u00fcr reichlich Spielausf\u00e4lle. Dank des Kunstrasens konnten aber die meisten VfL-Heimspiele wie geplant stattfinden. Noch ohne Frost trennte sich die U18 am Mittwoch 1:1 von Eintracht Leinetal, um am Samstag den TSV Etelsen in einem spannenden Spiel mit 3:2 zu besiegen. Freitag abend <a class=\"read-more-link\" href=\"https:\/\/www.vfl-westercelle.de\/fb\/mit-galerie-die-frostspiele-vom-wochenende\/\">[&#8230; weiterlesen]<\/a><\/p>\n","protected":false},"author":9,"featured_media":19233,"comment_status":"closed","ping_status":"closed","sticky":false,"template":"","format":"standard","meta":{"footnotes":""},"categories":[17],"tags":[],"class_list":["post-19225","post","type-post","status-publish","format-standard","has-post-thumbnail","hentry","category-fussball"],"_links":{"self":[{"href":"https:\/\/www.vfl-westercelle.de\/fb\/wp-json\/wp\/v2\/posts\/19225","targetHints":{"allow":["GET"]}}],"collection":[{"href":"https:\/\/www.vfl-westercelle.de\/fb\/wp-json\/wp\/v2\/posts"}],"about":[{"href":"https:\/\/www.vfl-westercelle.de\/fb\/wp-json\/wp\/v2\/types\/post"}],"author":[{"embeddable":true,"href":"https:\/\/www.vfl-westercelle.de\/fb\/wp-json\/wp\/v2\/users\/9"}],"replies":[{"embeddable":true,"href":"https:\/\/www.vfl-westercelle.de\/fb\/wp-json\/wp\/v2\/comments?post=19225"}],"version-history":[{"count":2,"href":"https:\/\/www.vfl-westercelle.de\/fb\/wp-json\/wp\/v2\/posts\/19225\/revisions"}],"predecessor-version":[{"id":19244,"href":"https:\/\/www.vfl-westercelle.de\/fb\/wp-json\/wp\/v2\/posts\/19225\/revisions\/19244"}],"wp:featuredmedia":[{"embeddable":true,"href":"https:\/\/www.vfl-westercelle.de\/fb\/wp-json\/wp\/v2\/media\/19233"}],"wp:attachment":[{"href":"https:\/\/www.vfl-westercelle.de\/fb\/wp-json\/wp\/v2\/media?parent=19225"}],"wp:term":[{"taxonomy":"category","embeddable":true,"href":"https:\/\/www.vfl-westercelle.de\/fb\/wp-json\/wp\/v2\/categories?post=19225"},{"taxonomy":"post_tag","embeddable":true,"href":"https:\/\/www.vfl-westercelle.de\/fb\/wp-json\/wp\/v2\/tags?post=19225"}],"curies":[{"name":"wp","href":"https:\/\/api.w.org\/{rel}","templated":true}]}}