{"id":19900,"date":"2023-01-30T19:33:51","date_gmt":"2023-01-30T18:33:51","guid":{"rendered":"https:\/\/www.vfl-westercelle.de\/fb\/?p=19900"},"modified":"2023-02-06T16:06:48","modified_gmt":"2023-02-06T15:06:48","slug":"u19-des-vfl-westercelle-ist-futsal-bezirksmeister","status":"publish","type":"post","link":"https:\/\/www.vfl-westercelle.de\/fb\/u19-des-vfl-westercelle-ist-futsal-bezirksmeister\/","title":{"rendered":"<strong>U19 des VfL Westercelle ist Futsal-Bezirksmeister<\/strong>"},"content":{"rendered":"\n<p><strong>Sonntag Niedersachsenmeisterschaften in Wurster Nordseek\u00fcste<\/strong><\/p>\n\n\n\n<p>Jubel bei den U19-Fu\u00dfballern des VfL Westercelle: Die Mannschaft um die beiden Trainer Malte Stellmach und Stefan Mainka sowie Betreuer Michael Zorn gewann nach der Kreismeisterschaft am Samstag auch die Futsal-Bezirksmeisterschaft. Im Finale setzten sich die VfLer in Bothel mit 8:7 nach Sechsmeterschie\u00dfen gegen die JSG Aue Wrestedt durch. Die beiden besten Teams des Bezirkes L\u00fcneburg spielen nun am Sonntag, 5. Februar, ab 10.30 Uhr bei den Niedersachsenmeisterschaften in Wurster Nordseek\u00fcste.<\/p>\n\n\n\n<p>F\u00fcr die Westerceller begann die Bezirksmeisterschaft mit einer ungl\u00fccklichen 0:2-Niederlage gegen die U19 des TVV Neu Wulmstorf, danach waren die Schwarz-Gelben aber nicht aufzuhalten. Die Spiele gegen die JSG Union (5:0), JFV Concordia (6:1) und VSK Osterholz-Scharmbeck (4:1) wurden klar gewonnen. Im Halbfinale setzten sich die Westercelle im Sechsmeterschie\u00dfen (7:6) gegen den TV Langen durch. Anschlie\u00dfend wurde der Titel von Mannschaft und Fans ausgiebig gefeiert.<\/p>\n\n\n\n<p>Text: Christopher Menge<br>Bild: Thorsten Klose<\/p>\n","protected":false},"excerpt":{"rendered":"<p>Sonntag Niedersachsenmeisterschaften in Wurster Nordseek\u00fcste Jubel bei den U19-Fu\u00dfballern des VfL Westercelle: Die Mannschaft um die beiden Trainer Malte Stellmach und Stefan Mainka sowie Betreuer Michael Zorn gewann nach der Kreismeisterschaft am Samstag auch die Futsal-Bezirksmeisterschaft. Im Finale setzten sich die VfLer in Bothel mit 8:7 nach Sechsmeterschie\u00dfen gegen die JSG Aue Wrestedt durch. Die <a class=\"read-more-link\" href=\"https:\/\/www.vfl-westercelle.de\/fb\/u19-des-vfl-westercelle-ist-futsal-bezirksmeister\/\">[&#8230; weiterlesen]<\/a><\/p>\n","protected":false},"author":9,"featured_media":19902,"comment_status":"closed","ping_status":"closed","sticky":false,"template":"","format":"standard","meta":{"footnotes":""},"categories":[17],"tags":[],"class_list":["post-19900","post","type-post","status-publish","format-standard","has-post-thumbnail","hentry","category-fussball"],"_links":{"self":[{"href":"https:\/\/www.vfl-westercelle.de\/fb\/wp-json\/wp\/v2\/posts\/19900","targetHints":{"allow":["GET"]}}],"collection":[{"href":"https:\/\/www.vfl-westercelle.de\/fb\/wp-json\/wp\/v2\/posts"}],"about":[{"href":"https:\/\/www.vfl-westercelle.de\/fb\/wp-json\/wp\/v2\/types\/post"}],"author":[{"embeddable":true,"href":"https:\/\/www.vfl-westercelle.de\/fb\/wp-json\/wp\/v2\/users\/9"}],"replies":[{"embeddable":true,"href":"https:\/\/www.vfl-westercelle.de\/fb\/wp-json\/wp\/v2\/comments?post=19900"}],"version-history":[{"count":1,"href":"https:\/\/www.vfl-westercelle.de\/fb\/wp-json\/wp\/v2\/posts\/19900\/revisions"}],"predecessor-version":[{"id":19901,"href":"https:\/\/www.vfl-westercelle.de\/fb\/wp-json\/wp\/v2\/posts\/19900\/revisions\/19901"}],"wp:featuredmedia":[{"embeddable":true,"href":"https:\/\/www.vfl-westercelle.de\/fb\/wp-json\/wp\/v2\/media\/19902"}],"wp:attachment":[{"href":"https:\/\/www.vfl-westercelle.de\/fb\/wp-json\/wp\/v2\/media?parent=19900"}],"wp:term":[{"taxonomy":"category","embeddable":true,"href":"https:\/\/www.vfl-westercelle.de\/fb\/wp-json\/wp\/v2\/categories?post=19900"},{"taxonomy":"post_tag","embeddable":true,"href":"https:\/\/www.vfl-westercelle.de\/fb\/wp-json\/wp\/v2\/tags?post=19900"}],"curies":[{"name":"wp","href":"https:\/\/api.w.org\/{rel}","templated":true}]}}