{"id":20475,"date":"2023-04-03T17:23:10","date_gmt":"2023-04-03T15:23:10","guid":{"rendered":"https:\/\/www.vfl-westercelle.de\/fb\/?p=20475"},"modified":"2023-04-24T11:09:08","modified_gmt":"2023-04-24T09:09:08","slug":"1-herren-ohne-punkte-gegen-cuxhaven","status":"publish","type":"post","link":"https:\/\/www.vfl-westercelle.de\/fb\/1-herren-ohne-punkte-gegen-cuxhaven\/","title":{"rendered":"1. Herren ohne Punkte gegen Cuxhaven, 3. Herren zur\u00fcck in der Erfolgsspur"},"content":{"rendered":"\n<p>Die 1. Herren, zuletzt in guter Form und mit einer ansehnlichen Punktausbeute, konnte leider keine Punkte von der Nordseek\u00fcste mitbringen. Wie bereits im Hinspiel musste man sich Rot-Wei\u00df Cuxhaven geschlagen geben, am Wochenende trotz einer 2:1 F\u00fchrung mit 2:4. Besser lief es f\u00fcr die 3. Herren. Das Team zeigte sich von der Niederlage in der letzten Woche gut erholt und bezwang im Topspiel den TuS H\u00f6fer mit 2:0.<\/p>\n\n\n\n<p>In Freundschaftsspielen unterlag die U15 dem VfB Peine mit 2:4, die U13 II siegte beim SC Vorwerk II mit 3:2 und die U9 I unterlag gleich zwei Mal dem SV Nienhagen, einmal deren U9 I und darauffolgend der U10 II vom Jahnring.<\/p>\n","protected":false},"excerpt":{"rendered":"<p>Die 1. Herren, zuletzt in guter Form und mit einer ansehnlichen Punktausbeute, konnte leider keine Punkte von der Nordseek\u00fcste mitbringen. Wie bereits im Hinspiel musste man sich Rot-Wei\u00df Cuxhaven geschlagen geben, am Wochenende trotz einer 2:1 F\u00fchrung mit 2:4. Besser lief es f\u00fcr die 3. Herren. Das Team zeigte sich von der Niederlage in der <a class=\"read-more-link\" href=\"https:\/\/www.vfl-westercelle.de\/fb\/1-herren-ohne-punkte-gegen-cuxhaven\/\">[&#8230; weiterlesen]<\/a><\/p>\n","protected":false},"author":9,"featured_media":20476,"comment_status":"closed","ping_status":"closed","sticky":false,"template":"","format":"standard","meta":{"footnotes":""},"categories":[17],"tags":[],"class_list":["post-20475","post","type-post","status-publish","format-standard","has-post-thumbnail","hentry","category-fussball"],"_links":{"self":[{"href":"https:\/\/www.vfl-westercelle.de\/fb\/wp-json\/wp\/v2\/posts\/20475","targetHints":{"allow":["GET"]}}],"collection":[{"href":"https:\/\/www.vfl-westercelle.de\/fb\/wp-json\/wp\/v2\/posts"}],"about":[{"href":"https:\/\/www.vfl-westercelle.de\/fb\/wp-json\/wp\/v2\/types\/post"}],"author":[{"embeddable":true,"href":"https:\/\/www.vfl-westercelle.de\/fb\/wp-json\/wp\/v2\/users\/9"}],"replies":[{"embeddable":true,"href":"https:\/\/www.vfl-westercelle.de\/fb\/wp-json\/wp\/v2\/comments?post=20475"}],"version-history":[{"count":2,"href":"https:\/\/www.vfl-westercelle.de\/fb\/wp-json\/wp\/v2\/posts\/20475\/revisions"}],"predecessor-version":[{"id":20480,"href":"https:\/\/www.vfl-westercelle.de\/fb\/wp-json\/wp\/v2\/posts\/20475\/revisions\/20480"}],"wp:featuredmedia":[{"embeddable":true,"href":"https:\/\/www.vfl-westercelle.de\/fb\/wp-json\/wp\/v2\/media\/20476"}],"wp:attachment":[{"href":"https:\/\/www.vfl-westercelle.de\/fb\/wp-json\/wp\/v2\/media?parent=20475"}],"wp:term":[{"taxonomy":"category","embeddable":true,"href":"https:\/\/www.vfl-westercelle.de\/fb\/wp-json\/wp\/v2\/categories?post=20475"},{"taxonomy":"post_tag","embeddable":true,"href":"https:\/\/www.vfl-westercelle.de\/fb\/wp-json\/wp\/v2\/tags?post=20475"}],"curies":[{"name":"wp","href":"https:\/\/api.w.org\/{rel}","templated":true}]}}