{"id":20482,"date":"2023-04-05T11:44:33","date_gmt":"2023-04-05T09:44:33","guid":{"rendered":"https:\/\/www.vfl-westercelle.de\/fb\/?p=20482"},"modified":"2023-04-11T21:40:48","modified_gmt":"2023-04-11T19:40:48","slug":"highlight-am-ostermontag-pokalhalbfinale-fuer-1-herren","status":"publish","type":"post","link":"https:\/\/www.vfl-westercelle.de\/fb\/highlight-am-ostermontag-pokalhalbfinale-fuer-1-herren\/","title":{"rendered":"Highlight am Ostermontag &#8211; Pokalhalbfinale f\u00fcr 1. Herren"},"content":{"rendered":"\n<p>Exakt acht Monate ist das letzte Spiel unserer 1. Herren im Bezirkspokal her. Am Ostermontag, den 10. April, steigt im Westerceller Sportpark das Halbfinale gegen den MTV Treubund L\u00fcneburg. Auf die G\u00e4ste traf man bereits zwei Mal im Laufe der Landesligasaison, jedesmal setzte sich das Heimteam durch. Ende August gewann der VfL mit 5:1, das R\u00fcckspiel im Sportpark an der Uelzener Stra\u00dfe endete 3:4. F\u00fcr alle, die sich nach der langen Zeit nicht mehr an die aktuelle Pokalrunde erinnern, blicken wir auf die bisherigen Wege beider Teams zur\u00fcck.<\/p>\n\n\n\n<p>In der Qualifikation sowie in den ersten beiden Runden setzten sich sowohl die 1. Herren als auch der MTV Treubund L\u00fcneburg gegen Mannschaften aus dem eigenen Landkreis durch. Die VfLer erzielten dabei in jedem Spiel drei Treffer und schalteten den TuS Eversen\/S\u00fclze (3:2), den TuS Hermannsburg (3:1) und die SG Eldingen (3:1) aus. F\u00fcr die L\u00fcneburger stellten die Bezirksligisten TuS Barskamp (6:0), SV Wendisch Evern (3:1) und der TuS Reppenstedt (2:0) die ersten H\u00fcrden da.<\/p>\n\n\n\n<p>\u00c4u\u00dferst spannend geriet das Achtelfinale. Durch einen Treffer von Carlos Anson gewann der MTV Treubund mit 1:0 bei EIntracht Elbmarsch. Noch spannender machte es die Erste: Beim Ausw\u00e4rtsspiel gegen den MTV Borstel-Sangenstedt wogte es hin und her, bevor nach 90 Minuten ein 3:3 stand. Im Elfmeterschie\u00dfen hatten die Vfler die besseren Nerven und setzten sich schlussendlich mit 7:5 durch.<\/p>\n\n\n\n<p>Dass auch die L\u00fcneburger Elfmeterschie\u00dfen k\u00f6nnen, zeigten sie im Halbfinale beim TSV Bardowick. Nach der regul\u00e4ren Spielzeit stand es 1:1, bevor die Entscheidung vom Elfmeterpunkt fiel. Der VfL musste beim Bezirksligisten SV K\u00fcsten ran und gewann deutlich mit 4:1, wobei die letzten beiden Treffer erst kurz vor Schluss gelangen.<\/p>\n\n\n\n<p>Am Montag nun geht es um den Einzug ins Finale. Der Bezirkspokalsieger erh\u00e4lt einen Startplatz im Niedersachsenpokal der Saison 2023\/24. Um 15:00 Uhr erfolgt der Anpfiff an der Wilhelm-Hasselmann-Stra\u00dfe.<\/p>\n","protected":false},"excerpt":{"rendered":"<p>Exakt acht Monate ist das letzte Spiel unserer 1. Herren im Bezirkspokal her. Am Ostermontag, den 10. April, steigt im Westerceller Sportpark das Halbfinale gegen den MTV Treubund L\u00fcneburg. Auf die G\u00e4ste traf man bereits zwei Mal im Laufe der Landesligasaison, jedesmal setzte sich das Heimteam durch. Ende August gewann der VfL mit 5:1, das <a class=\"read-more-link\" href=\"https:\/\/www.vfl-westercelle.de\/fb\/highlight-am-ostermontag-pokalhalbfinale-fuer-1-herren\/\">[&#8230; weiterlesen]<\/a><\/p>\n","protected":false},"author":9,"featured_media":20186,"comment_status":"closed","ping_status":"closed","sticky":false,"template":"","format":"standard","meta":{"footnotes":""},"categories":[17],"tags":[],"class_list":["post-20482","post","type-post","status-publish","format-standard","has-post-thumbnail","hentry","category-fussball"],"_links":{"self":[{"href":"https:\/\/www.vfl-westercelle.de\/fb\/wp-json\/wp\/v2\/posts\/20482","targetHints":{"allow":["GET"]}}],"collection":[{"href":"https:\/\/www.vfl-westercelle.de\/fb\/wp-json\/wp\/v2\/posts"}],"about":[{"href":"https:\/\/www.vfl-westercelle.de\/fb\/wp-json\/wp\/v2\/types\/post"}],"author":[{"embeddable":true,"href":"https:\/\/www.vfl-westercelle.de\/fb\/wp-json\/wp\/v2\/users\/9"}],"replies":[{"embeddable":true,"href":"https:\/\/www.vfl-westercelle.de\/fb\/wp-json\/wp\/v2\/comments?post=20482"}],"version-history":[{"count":1,"href":"https:\/\/www.vfl-westercelle.de\/fb\/wp-json\/wp\/v2\/posts\/20482\/revisions"}],"predecessor-version":[{"id":20483,"href":"https:\/\/www.vfl-westercelle.de\/fb\/wp-json\/wp\/v2\/posts\/20482\/revisions\/20483"}],"wp:featuredmedia":[{"embeddable":true,"href":"https:\/\/www.vfl-westercelle.de\/fb\/wp-json\/wp\/v2\/media\/20186"}],"wp:attachment":[{"href":"https:\/\/www.vfl-westercelle.de\/fb\/wp-json\/wp\/v2\/media?parent=20482"}],"wp:term":[{"taxonomy":"category","embeddable":true,"href":"https:\/\/www.vfl-westercelle.de\/fb\/wp-json\/wp\/v2\/categories?post=20482"},{"taxonomy":"post_tag","embeddable":true,"href":"https:\/\/www.vfl-westercelle.de\/fb\/wp-json\/wp\/v2\/tags?post=20482"}],"curies":[{"name":"wp","href":"https:\/\/api.w.org\/{rel}","templated":true}]}}