{"id":20580,"date":"2023-04-24T11:08:53","date_gmt":"2023-04-24T09:08:53","guid":{"rendered":"https:\/\/www.vfl-westercelle.de\/fb\/?p=20580"},"modified":"2023-05-22T16:54:45","modified_gmt":"2023-05-22T14:54:45","slug":"mit-galerie-1-herren-holt-wichtigen-auswaertssieg","status":"publish","type":"post","link":"https:\/\/www.vfl-westercelle.de\/fb\/mit-galerie-1-herren-holt-wichtigen-auswaertssieg\/","title":{"rendered":"Mit Galerie: 1. Herren holt wichtigen Ausw\u00e4rtssieg!"},"content":{"rendered":"\n<p>Es war wieder spannend bis zum Schluss und gleichzeitig so wichtig im Kampf um den Klassenerhalt in der Landesliga. Unsere 1. Herren gewinnt nach einer eigentlich komfortablen 3:0 F\u00fchrung mit 4:3 beim TSV Gellersen. Lohn der M\u00fche ist der erste Nichtabstiegsplatz und der direkte Kontakt zu den Teams davor. Etwas weniger spannend machte es die 3. Herren, die mit 3:1 gegen den TuS Eschede II gewann und leider auch die 2. Herren, die nach langer Zeit wieder verlor und sich am Freitag Abend mit 0:2 beim TuS Eversen\/S\u00fclze geschlagen geben musste. Keine Spannung kam in den beiden weiteren Sonntagsspielen auf, da sowohl die Frauen gegen Eldingen als auch die U14 II gegen Wietze deutlich verloren.<\/p>\n\n\n\n<figure class=\"wp-block-gallery has-nested-images columns-default is-cropped wp-block-gallery-1 is-layout-flex wp-block-gallery-is-layout-flex\">\n<figure class=\"wp-block-image size-large\"><img loading=\"lazy\" decoding=\"async\" width=\"1024\" height=\"768\" data-id=\"20579\" src=\"https:\/\/www.vfl-westercelle.de\/fb\/wp-content\/uploads\/sites\/3\/2023\/04\/IMG-20230423-WA0014.jpg\" alt=\"\" class=\"wp-image-20579\" srcset=\"https:\/\/www.vfl-westercelle.de\/fb\/wp-content\/uploads\/sites\/3\/2023\/04\/IMG-20230423-WA0014.jpg 1024w, https:\/\/www.vfl-westercelle.de\/fb\/wp-content\/uploads\/sites\/3\/2023\/04\/IMG-20230423-WA0014-300x225.jpg 300w, https:\/\/www.vfl-westercelle.de\/fb\/wp-content\/uploads\/sites\/3\/2023\/04\/IMG-20230423-WA0014-768x576.jpg 768w, https:\/\/www.vfl-westercelle.de\/fb\/wp-content\/uploads\/sites\/3\/2023\/04\/IMG-20230423-WA0014-705x529.jpg 705w, https:\/\/www.vfl-westercelle.de\/fb\/wp-content\/uploads\/sites\/3\/2023\/04\/IMG-20230423-WA0014-128x96.jpg 128w, https:\/\/www.vfl-westercelle.de\/fb\/wp-content\/uploads\/sites\/3\/2023\/04\/IMG-20230423-WA0014-32x24.jpg 32w\" sizes=\"auto, (max-width: 1024px) 100vw, 1024px\" \/><\/figure>\n\n\n\n<figure class=\"wp-block-image size-large\"><img loading=\"lazy\" decoding=\"async\" width=\"1030\" height=\"773\" data-id=\"20578\" src=\"https:\/\/www.vfl-westercelle.de\/fb\/wp-content\/uploads\/sites\/3\/2023\/04\/IMG-20230423-WA0015-1030x773.jpg\" alt=\"\" class=\"wp-image-20578\" srcset=\"https:\/\/www.vfl-westercelle.de\/fb\/wp-content\/uploads\/sites\/3\/2023\/04\/IMG-20230423-WA0015-1030x773.jpg 1030w, https:\/\/www.vfl-westercelle.de\/fb\/wp-content\/uploads\/sites\/3\/2023\/04\/IMG-20230423-WA0015-300x225.jpg 300w, https:\/\/www.vfl-westercelle.de\/fb\/wp-content\/uploads\/sites\/3\/2023\/04\/IMG-20230423-WA0015-768x576.jpg 768w, https:\/\/www.vfl-westercelle.de\/fb\/wp-content\/uploads\/sites\/3\/2023\/04\/IMG-20230423-WA0015-1536x1152.jpg 1536w, https:\/\/www.vfl-westercelle.de\/fb\/wp-content\/uploads\/sites\/3\/2023\/04\/IMG-20230423-WA0015-1500x1125.jpg 1500w, https:\/\/www.vfl-westercelle.de\/fb\/wp-content\/uploads\/sites\/3\/2023\/04\/IMG-20230423-WA0015-705x529.jpg 705w, https:\/\/www.vfl-westercelle.de\/fb\/wp-content\/uploads\/sites\/3\/2023\/04\/IMG-20230423-WA0015-128x96.jpg 128w, https:\/\/www.vfl-westercelle.de\/fb\/wp-content\/uploads\/sites\/3\/2023\/04\/IMG-20230423-WA0015-32x24.jpg 32w, https:\/\/www.vfl-westercelle.de\/fb\/wp-content\/uploads\/sites\/3\/2023\/04\/IMG-20230423-WA0015.jpg 2016w\" sizes=\"auto, (max-width: 1030px) 100vw, 1030px\" \/><\/figure>\n<\/figure>\n\n\n\n<p>In der U19 Landesliga zeigen sich die VfLer weiterhin souver\u00e4n und gaben sich beim 5:1 Sieg \u00fcber den VfB Vorbr\u00fcck Walsrode keine Bl\u00f6\u00dfe. Etwas entt\u00e4uscht war die U16, die bei der JSG Leinetal mit 1:2 unterlag. Siegreich waren ansonsten nur noch die U9 I, U10 I, U11 II und die Alte Herren. F\u00fcr die \u00fcbrigen Mannschaften setzte es Niederlagen. Bitter f\u00fcr die U11 I und U12 I, die ihre Heimspiele gegen die JSG Celle bzw. SV Nienhagen knapp mit 1:2 verloren. <\/p>\n","protected":false},"excerpt":{"rendered":"<p>Es war wieder spannend bis zum Schluss und gleichzeitig so wichtig im Kampf um den Klassenerhalt in der Landesliga. Unsere 1. Herren gewinnt nach einer eigentlich komfortablen 3:0 F\u00fchrung mit 4:3 beim TSV Gellersen. Lohn der M\u00fche ist der erste Nichtabstiegsplatz und der direkte Kontakt zu den Teams davor. Etwas weniger spannend machte es die <a class=\"read-more-link\" href=\"https:\/\/www.vfl-westercelle.de\/fb\/mit-galerie-1-herren-holt-wichtigen-auswaertssieg\/\">[&#8230; weiterlesen]<\/a><\/p>\n","protected":false},"author":9,"featured_media":20581,"comment_status":"closed","ping_status":"closed","sticky":false,"template":"","format":"standard","meta":{"footnotes":""},"categories":[17],"tags":[],"class_list":["post-20580","post","type-post","status-publish","format-standard","has-post-thumbnail","hentry","category-fussball"],"_links":{"self":[{"href":"https:\/\/www.vfl-westercelle.de\/fb\/wp-json\/wp\/v2\/posts\/20580","targetHints":{"allow":["GET"]}}],"collection":[{"href":"https:\/\/www.vfl-westercelle.de\/fb\/wp-json\/wp\/v2\/posts"}],"about":[{"href":"https:\/\/www.vfl-westercelle.de\/fb\/wp-json\/wp\/v2\/types\/post"}],"author":[{"embeddable":true,"href":"https:\/\/www.vfl-westercelle.de\/fb\/wp-json\/wp\/v2\/users\/9"}],"replies":[{"embeddable":true,"href":"https:\/\/www.vfl-westercelle.de\/fb\/wp-json\/wp\/v2\/comments?post=20580"}],"version-history":[{"count":1,"href":"https:\/\/www.vfl-westercelle.de\/fb\/wp-json\/wp\/v2\/posts\/20580\/revisions"}],"predecessor-version":[{"id":20582,"href":"https:\/\/www.vfl-westercelle.de\/fb\/wp-json\/wp\/v2\/posts\/20580\/revisions\/20582"}],"wp:featuredmedia":[{"embeddable":true,"href":"https:\/\/www.vfl-westercelle.de\/fb\/wp-json\/wp\/v2\/media\/20581"}],"wp:attachment":[{"href":"https:\/\/www.vfl-westercelle.de\/fb\/wp-json\/wp\/v2\/media?parent=20580"}],"wp:term":[{"taxonomy":"category","embeddable":true,"href":"https:\/\/www.vfl-westercelle.de\/fb\/wp-json\/wp\/v2\/categories?post=20580"},{"taxonomy":"post_tag","embeddable":true,"href":"https:\/\/www.vfl-westercelle.de\/fb\/wp-json\/wp\/v2\/tags?post=20580"}],"curies":[{"name":"wp","href":"https:\/\/api.w.org\/{rel}","templated":true}]}}