{"id":20609,"date":"2023-05-02T18:14:33","date_gmt":"2023-05-02T16:14:33","guid":{"rendered":"https:\/\/www.vfl-westercelle.de\/fb\/?p=20609"},"modified":"2023-05-22T16:54:50","modified_gmt":"2023-05-22T14:54:50","slug":"mit-galerie-seniorenteams-makellos","status":"publish","type":"post","link":"https:\/\/www.vfl-westercelle.de\/fb\/mit-galerie-seniorenteams-makellos\/","title":{"rendered":"Mit Galerie: Seniorenteams makellos!"},"content":{"rendered":"\n<p>Das konnte sich wahrlich sehen lassen: Alle, die \u00fcber 18 sind, haben am langen Wochenende volle Punktzahl geholt! Dramatisch (wieder einmal) unsere 1. Herren. Das Heimspiel gegen Teutonia Uelzen wogte hin und her, bis man am Ende dank dreier Treffer von Kapit\u00e4n Pipo Boie den dritten 4:3 Sieg aus den letzten vier Spielen feierte. Zuvor starteten die Frauen den Sonntag erfolgreich und schlugen den SV Altencelle mit 8:1. Volle Punktzahl gab es auch f\u00fcr die 2. Herren, die am Samstag mit 5:0 beim SC Wietzenbruch gewann und am Montag im Derby gegen den SV Nienhagen mit 1:0 die Oberhand behielt. Die 3. Herren zerlegte erst den SSV S\u00fcdwinsen II mit 6:1 und dann den Tabellenzweiten SV Gar\u00dfen II glatt mit 7:0. Eine Spur \u00e4lter, aber dennoch erfolgreich zeigten sich die \u00dc40 beim 3:1 in Oldau und die \u00dc32, die beide Spiele der Woche gegen die SG Eldingen gewann.<\/p>\n\n\n\n<figure class=\"wp-block-gallery has-nested-images columns-5 is-cropped wp-block-gallery-1 is-layout-flex wp-block-gallery-is-layout-flex\">\n<figure class=\"wp-block-image size-large\"><img loading=\"lazy\" decoding=\"async\" width=\"1030\" height=\"687\" data-id=\"20619\" src=\"https:\/\/www.vfl-westercelle.de\/fb\/wp-content\/uploads\/sites\/3\/2023\/05\/230430_CZ_BOR494-1030x687.jpg\" alt=\"\" class=\"wp-image-20619\" srcset=\"https:\/\/www.vfl-westercelle.de\/fb\/wp-content\/uploads\/sites\/3\/2023\/05\/230430_CZ_BOR494-1030x687.jpg 1030w, https:\/\/www.vfl-westercelle.de\/fb\/wp-content\/uploads\/sites\/3\/2023\/05\/230430_CZ_BOR494-300x200.jpg 300w, https:\/\/www.vfl-westercelle.de\/fb\/wp-content\/uploads\/sites\/3\/2023\/05\/230430_CZ_BOR494-768x512.jpg 768w, https:\/\/www.vfl-westercelle.de\/fb\/wp-content\/uploads\/sites\/3\/2023\/05\/230430_CZ_BOR494-1536x1025.jpg 1536w, https:\/\/www.vfl-westercelle.de\/fb\/wp-content\/uploads\/sites\/3\/2023\/05\/230430_CZ_BOR494-2048x1366.jpg 2048w, https:\/\/www.vfl-westercelle.de\/fb\/wp-content\/uploads\/sites\/3\/2023\/05\/230430_CZ_BOR494-1500x1001.jpg 1500w, https:\/\/www.vfl-westercelle.de\/fb\/wp-content\/uploads\/sites\/3\/2023\/05\/230430_CZ_BOR494-705x470.jpg 705w, https:\/\/www.vfl-westercelle.de\/fb\/wp-content\/uploads\/sites\/3\/2023\/05\/230430_CZ_BOR494-128x85.jpg 128w, https:\/\/www.vfl-westercelle.de\/fb\/wp-content\/uploads\/sites\/3\/2023\/05\/230430_CZ_BOR494-32x21.jpg 32w\" sizes=\"auto, (max-width: 1030px) 100vw, 1030px\" \/><\/figure>\n\n\n\n<figure class=\"wp-block-image size-large\"><img loading=\"lazy\" decoding=\"async\" width=\"1030\" height=\"687\" data-id=\"20618\" src=\"https:\/\/www.vfl-westercelle.de\/fb\/wp-content\/uploads\/sites\/3\/2023\/05\/230430_CZ_BOR452-1030x687.jpg\" alt=\"\" class=\"wp-image-20618\" srcset=\"https:\/\/www.vfl-westercelle.de\/fb\/wp-content\/uploads\/sites\/3\/2023\/05\/230430_CZ_BOR452-1030x687.jpg 1030w, https:\/\/www.vfl-westercelle.de\/fb\/wp-content\/uploads\/sites\/3\/2023\/05\/230430_CZ_BOR452-300x200.jpg 300w, https:\/\/www.vfl-westercelle.de\/fb\/wp-content\/uploads\/sites\/3\/2023\/05\/230430_CZ_BOR452-768x512.jpg 768w, https:\/\/www.vfl-westercelle.de\/fb\/wp-content\/uploads\/sites\/3\/2023\/05\/230430_CZ_BOR452-1536x1025.jpg 1536w, https:\/\/www.vfl-westercelle.de\/fb\/wp-content\/uploads\/sites\/3\/2023\/05\/230430_CZ_BOR452-2048x1366.jpg 2048w, https:\/\/www.vfl-westercelle.de\/fb\/wp-content\/uploads\/sites\/3\/2023\/05\/230430_CZ_BOR452-1500x1001.jpg 1500w, https:\/\/www.vfl-westercelle.de\/fb\/wp-content\/uploads\/sites\/3\/2023\/05\/230430_CZ_BOR452-705x470.jpg 705w, https:\/\/www.vfl-westercelle.de\/fb\/wp-content\/uploads\/sites\/3\/2023\/05\/230430_CZ_BOR452-128x85.jpg 128w, https:\/\/www.vfl-westercelle.de\/fb\/wp-content\/uploads\/sites\/3\/2023\/05\/230430_CZ_BOR452-32x21.jpg 32w\" sizes=\"auto, (max-width: 1030px) 100vw, 1030px\" \/><\/figure>\n\n\n\n<figure class=\"wp-block-image size-large\"><img loading=\"lazy\" decoding=\"async\" width=\"1030\" height=\"687\" data-id=\"20617\" src=\"https:\/\/www.vfl-westercelle.de\/fb\/wp-content\/uploads\/sites\/3\/2023\/05\/230430_CZ_BOR413-1030x687.jpg\" alt=\"\" class=\"wp-image-20617\" srcset=\"https:\/\/www.vfl-westercelle.de\/fb\/wp-content\/uploads\/sites\/3\/2023\/05\/230430_CZ_BOR413-1030x687.jpg 1030w, https:\/\/www.vfl-westercelle.de\/fb\/wp-content\/uploads\/sites\/3\/2023\/05\/230430_CZ_BOR413-300x200.jpg 300w, https:\/\/www.vfl-westercelle.de\/fb\/wp-content\/uploads\/sites\/3\/2023\/05\/230430_CZ_BOR413-768x512.jpg 768w, https:\/\/www.vfl-westercelle.de\/fb\/wp-content\/uploads\/sites\/3\/2023\/05\/230430_CZ_BOR413-1536x1025.jpg 1536w, https:\/\/www.vfl-westercelle.de\/fb\/wp-content\/uploads\/sites\/3\/2023\/05\/230430_CZ_BOR413-2048x1366.jpg 2048w, https:\/\/www.vfl-westercelle.de\/fb\/wp-content\/uploads\/sites\/3\/2023\/05\/230430_CZ_BOR413-1500x1001.jpg 1500w, https:\/\/www.vfl-westercelle.de\/fb\/wp-content\/uploads\/sites\/3\/2023\/05\/230430_CZ_BOR413-705x470.jpg 705w, https:\/\/www.vfl-westercelle.de\/fb\/wp-content\/uploads\/sites\/3\/2023\/05\/230430_CZ_BOR413-128x85.jpg 128w, https:\/\/www.vfl-westercelle.de\/fb\/wp-content\/uploads\/sites\/3\/2023\/05\/230430_CZ_BOR413-32x21.jpg 32w\" sizes=\"auto, (max-width: 1030px) 100vw, 1030px\" \/><\/figure>\n\n\n\n<figure class=\"wp-block-image size-large\"><img loading=\"lazy\" decoding=\"async\" width=\"1030\" height=\"687\" data-id=\"20616\" src=\"https:\/\/www.vfl-westercelle.de\/fb\/wp-content\/uploads\/sites\/3\/2023\/05\/230430_CZ_BOR546-1030x687.jpg\" alt=\"\" class=\"wp-image-20616\" srcset=\"https:\/\/www.vfl-westercelle.de\/fb\/wp-content\/uploads\/sites\/3\/2023\/05\/230430_CZ_BOR546-1030x687.jpg 1030w, https:\/\/www.vfl-westercelle.de\/fb\/wp-content\/uploads\/sites\/3\/2023\/05\/230430_CZ_BOR546-300x200.jpg 300w, https:\/\/www.vfl-westercelle.de\/fb\/wp-content\/uploads\/sites\/3\/2023\/05\/230430_CZ_BOR546-768x512.jpg 768w, https:\/\/www.vfl-westercelle.de\/fb\/wp-content\/uploads\/sites\/3\/2023\/05\/230430_CZ_BOR546-1536x1025.jpg 1536w, https:\/\/www.vfl-westercelle.de\/fb\/wp-content\/uploads\/sites\/3\/2023\/05\/230430_CZ_BOR546-2048x1366.jpg 2048w, https:\/\/www.vfl-westercelle.de\/fb\/wp-content\/uploads\/sites\/3\/2023\/05\/230430_CZ_BOR546-1500x1001.jpg 1500w, https:\/\/www.vfl-westercelle.de\/fb\/wp-content\/uploads\/sites\/3\/2023\/05\/230430_CZ_BOR546-705x470.jpg 705w, https:\/\/www.vfl-westercelle.de\/fb\/wp-content\/uploads\/sites\/3\/2023\/05\/230430_CZ_BOR546-128x85.jpg 128w, https:\/\/www.vfl-westercelle.de\/fb\/wp-content\/uploads\/sites\/3\/2023\/05\/230430_CZ_BOR546-32x21.jpg 32w\" sizes=\"auto, (max-width: 1030px) 100vw, 1030px\" \/><\/figure>\n\n\n\n<figure class=\"wp-block-image size-large\"><img loading=\"lazy\" decoding=\"async\" width=\"1030\" height=\"687\" data-id=\"20615\" src=\"https:\/\/www.vfl-westercelle.de\/fb\/wp-content\/uploads\/sites\/3\/2023\/05\/230430_CZ_BOR537-1030x687.jpg\" alt=\"\" class=\"wp-image-20615\" srcset=\"https:\/\/www.vfl-westercelle.de\/fb\/wp-content\/uploads\/sites\/3\/2023\/05\/230430_CZ_BOR537-1030x687.jpg 1030w, https:\/\/www.vfl-westercelle.de\/fb\/wp-content\/uploads\/sites\/3\/2023\/05\/230430_CZ_BOR537-300x200.jpg 300w, https:\/\/www.vfl-westercelle.de\/fb\/wp-content\/uploads\/sites\/3\/2023\/05\/230430_CZ_BOR537-768x512.jpg 768w, https:\/\/www.vfl-westercelle.de\/fb\/wp-content\/uploads\/sites\/3\/2023\/05\/230430_CZ_BOR537-1536x1025.jpg 1536w, https:\/\/www.vfl-westercelle.de\/fb\/wp-content\/uploads\/sites\/3\/2023\/05\/230430_CZ_BOR537-2048x1366.jpg 2048w, https:\/\/www.vfl-westercelle.de\/fb\/wp-content\/uploads\/sites\/3\/2023\/05\/230430_CZ_BOR537-1500x1001.jpg 1500w, https:\/\/www.vfl-westercelle.de\/fb\/wp-content\/uploads\/sites\/3\/2023\/05\/230430_CZ_BOR537-705x470.jpg 705w, https:\/\/www.vfl-westercelle.de\/fb\/wp-content\/uploads\/sites\/3\/2023\/05\/230430_CZ_BOR537-128x85.jpg 128w, https:\/\/www.vfl-westercelle.de\/fb\/wp-content\/uploads\/sites\/3\/2023\/05\/230430_CZ_BOR537-32x21.jpg 32w\" sizes=\"auto, (max-width: 1030px) 100vw, 1030px\" \/><\/figure>\n\n\n\n<figure class=\"wp-block-image size-large\"><img loading=\"lazy\" decoding=\"async\" width=\"1024\" height=\"768\" data-id=\"20610\" src=\"https:\/\/www.vfl-westercelle.de\/fb\/wp-content\/uploads\/sites\/3\/2023\/05\/IMG-20230502-WA0014.jpg\" alt=\"\" class=\"wp-image-20610\" srcset=\"https:\/\/www.vfl-westercelle.de\/fb\/wp-content\/uploads\/sites\/3\/2023\/05\/IMG-20230502-WA0014.jpg 1024w, https:\/\/www.vfl-westercelle.de\/fb\/wp-content\/uploads\/sites\/3\/2023\/05\/IMG-20230502-WA0014-300x225.jpg 300w, https:\/\/www.vfl-westercelle.de\/fb\/wp-content\/uploads\/sites\/3\/2023\/05\/IMG-20230502-WA0014-768x576.jpg 768w, https:\/\/www.vfl-westercelle.de\/fb\/wp-content\/uploads\/sites\/3\/2023\/05\/IMG-20230502-WA0014-705x529.jpg 705w, https:\/\/www.vfl-westercelle.de\/fb\/wp-content\/uploads\/sites\/3\/2023\/05\/IMG-20230502-WA0014-128x96.jpg 128w, https:\/\/www.vfl-westercelle.de\/fb\/wp-content\/uploads\/sites\/3\/2023\/05\/IMG-20230502-WA0014-32x24.jpg 32w\" sizes=\"auto, (max-width: 1024px) 100vw, 1024px\" \/><\/figure>\n\n\n\n<figure class=\"wp-block-image size-large\"><img loading=\"lazy\" decoding=\"async\" width=\"773\" height=\"1030\" data-id=\"20613\" src=\"https:\/\/www.vfl-westercelle.de\/fb\/wp-content\/uploads\/sites\/3\/2023\/05\/IMG-20230429-WA0010-773x1030.jpg\" alt=\"\" class=\"wp-image-20613\" srcset=\"https:\/\/www.vfl-westercelle.de\/fb\/wp-content\/uploads\/sites\/3\/2023\/05\/IMG-20230429-WA0010-773x1030.jpg 773w, https:\/\/www.vfl-westercelle.de\/fb\/wp-content\/uploads\/sites\/3\/2023\/05\/IMG-20230429-WA0010-225x300.jpg 225w, https:\/\/www.vfl-westercelle.de\/fb\/wp-content\/uploads\/sites\/3\/2023\/05\/IMG-20230429-WA0010-768x1024.jpg 768w, https:\/\/www.vfl-westercelle.de\/fb\/wp-content\/uploads\/sites\/3\/2023\/05\/IMG-20230429-WA0010-1152x1536.jpg 1152w, https:\/\/www.vfl-westercelle.de\/fb\/wp-content\/uploads\/sites\/3\/2023\/05\/IMG-20230429-WA0010-1125x1500.jpg 1125w, https:\/\/www.vfl-westercelle.de\/fb\/wp-content\/uploads\/sites\/3\/2023\/05\/IMG-20230429-WA0010-529x705.jpg 529w, https:\/\/www.vfl-westercelle.de\/fb\/wp-content\/uploads\/sites\/3\/2023\/05\/IMG-20230429-WA0010-96x128.jpg 96w, https:\/\/www.vfl-westercelle.de\/fb\/wp-content\/uploads\/sites\/3\/2023\/05\/IMG-20230429-WA0010-24x32.jpg 24w, https:\/\/www.vfl-westercelle.de\/fb\/wp-content\/uploads\/sites\/3\/2023\/05\/IMG-20230429-WA0010.jpg 1200w\" sizes=\"auto, (max-width: 773px) 100vw, 773px\" \/><\/figure>\n\n\n\n<figure class=\"wp-block-image size-large\"><img loading=\"lazy\" decoding=\"async\" width=\"1030\" height=\"773\" data-id=\"20612\" src=\"https:\/\/www.vfl-westercelle.de\/fb\/wp-content\/uploads\/sites\/3\/2023\/05\/IMG-20230429-WA0009-1030x773.jpg\" alt=\"\" class=\"wp-image-20612\" srcset=\"https:\/\/www.vfl-westercelle.de\/fb\/wp-content\/uploads\/sites\/3\/2023\/05\/IMG-20230429-WA0009-1030x773.jpg 1030w, https:\/\/www.vfl-westercelle.de\/fb\/wp-content\/uploads\/sites\/3\/2023\/05\/IMG-20230429-WA0009-300x225.jpg 300w, https:\/\/www.vfl-westercelle.de\/fb\/wp-content\/uploads\/sites\/3\/2023\/05\/IMG-20230429-WA0009-768x576.jpg 768w, https:\/\/www.vfl-westercelle.de\/fb\/wp-content\/uploads\/sites\/3\/2023\/05\/IMG-20230429-WA0009-1536x1152.jpg 1536w, https:\/\/www.vfl-westercelle.de\/fb\/wp-content\/uploads\/sites\/3\/2023\/05\/IMG-20230429-WA0009-1500x1125.jpg 1500w, https:\/\/www.vfl-westercelle.de\/fb\/wp-content\/uploads\/sites\/3\/2023\/05\/IMG-20230429-WA0009-705x529.jpg 705w, https:\/\/www.vfl-westercelle.de\/fb\/wp-content\/uploads\/sites\/3\/2023\/05\/IMG-20230429-WA0009-128x96.jpg 128w, https:\/\/www.vfl-westercelle.de\/fb\/wp-content\/uploads\/sites\/3\/2023\/05\/IMG-20230429-WA0009-32x24.jpg 32w, https:\/\/www.vfl-westercelle.de\/fb\/wp-content\/uploads\/sites\/3\/2023\/05\/IMG-20230429-WA0009.jpg 2048w\" sizes=\"auto, (max-width: 1030px) 100vw, 1030px\" \/><\/figure>\n\n\n\n<figure class=\"wp-block-image size-large\"><img loading=\"lazy\" decoding=\"async\" width=\"1030\" height=\"773\" data-id=\"20611\" src=\"https:\/\/www.vfl-westercelle.de\/fb\/wp-content\/uploads\/sites\/3\/2023\/05\/IMG-20230429-WA0008-1030x773.jpg\" alt=\"\" class=\"wp-image-20611\" srcset=\"https:\/\/www.vfl-westercelle.de\/fb\/wp-content\/uploads\/sites\/3\/2023\/05\/IMG-20230429-WA0008-1030x773.jpg 1030w, https:\/\/www.vfl-westercelle.de\/fb\/wp-content\/uploads\/sites\/3\/2023\/05\/IMG-20230429-WA0008-300x225.jpg 300w, https:\/\/www.vfl-westercelle.de\/fb\/wp-content\/uploads\/sites\/3\/2023\/05\/IMG-20230429-WA0008-768x576.jpg 768w, https:\/\/www.vfl-westercelle.de\/fb\/wp-content\/uploads\/sites\/3\/2023\/05\/IMG-20230429-WA0008-1536x1152.jpg 1536w, https:\/\/www.vfl-westercelle.de\/fb\/wp-content\/uploads\/sites\/3\/2023\/05\/IMG-20230429-WA0008-1500x1125.jpg 1500w, https:\/\/www.vfl-westercelle.de\/fb\/wp-content\/uploads\/sites\/3\/2023\/05\/IMG-20230429-WA0008-705x529.jpg 705w, https:\/\/www.vfl-westercelle.de\/fb\/wp-content\/uploads\/sites\/3\/2023\/05\/IMG-20230429-WA0008-128x96.jpg 128w, https:\/\/www.vfl-westercelle.de\/fb\/wp-content\/uploads\/sites\/3\/2023\/05\/IMG-20230429-WA0008-32x24.jpg 32w, https:\/\/www.vfl-westercelle.de\/fb\/wp-content\/uploads\/sites\/3\/2023\/05\/IMG-20230429-WA0008.jpg 2048w\" sizes=\"auto, (max-width: 1030px) 100vw, 1030px\" \/><\/figure>\n\n\n\n<figure class=\"wp-block-image size-large\"><img loading=\"lazy\" decoding=\"async\" width=\"1030\" height=\"773\" data-id=\"20621\" src=\"https:\/\/www.vfl-westercelle.de\/fb\/wp-content\/uploads\/sites\/3\/2023\/05\/IMG-20230502-WA0015-1030x773.jpg\" alt=\"\" class=\"wp-image-20621\" srcset=\"https:\/\/www.vfl-westercelle.de\/fb\/wp-content\/uploads\/sites\/3\/2023\/05\/IMG-20230502-WA0015-1030x773.jpg 1030w, https:\/\/www.vfl-westercelle.de\/fb\/wp-content\/uploads\/sites\/3\/2023\/05\/IMG-20230502-WA0015-300x225.jpg 300w, https:\/\/www.vfl-westercelle.de\/fb\/wp-content\/uploads\/sites\/3\/2023\/05\/IMG-20230502-WA0015-768x576.jpg 768w, https:\/\/www.vfl-westercelle.de\/fb\/wp-content\/uploads\/sites\/3\/2023\/05\/IMG-20230502-WA0015-1536x1152.jpg 1536w, https:\/\/www.vfl-westercelle.de\/fb\/wp-content\/uploads\/sites\/3\/2023\/05\/IMG-20230502-WA0015-1500x1125.jpg 1500w, https:\/\/www.vfl-westercelle.de\/fb\/wp-content\/uploads\/sites\/3\/2023\/05\/IMG-20230502-WA0015-705x529.jpg 705w, https:\/\/www.vfl-westercelle.de\/fb\/wp-content\/uploads\/sites\/3\/2023\/05\/IMG-20230502-WA0015-128x96.jpg 128w, https:\/\/www.vfl-westercelle.de\/fb\/wp-content\/uploads\/sites\/3\/2023\/05\/IMG-20230502-WA0015-32x24.jpg 32w, https:\/\/www.vfl-westercelle.de\/fb\/wp-content\/uploads\/sites\/3\/2023\/05\/IMG-20230502-WA0015.jpg 1600w\" sizes=\"auto, (max-width: 1030px) 100vw, 1030px\" \/><\/figure>\n<\/figure>\n\n\n\n<p>In der Jugend reichte es f\u00fcr die U14 (gegen VfL Sittensen) und die U18 (VfL G\u00fcldenstern Stade) jeweils gegen die Spitzenteams der Liga knapp mit 2:3 nicht f\u00fcr Punkte. Erfolgreicher waren da die U15 (3:0 gegen JFV Cuxhaven), die U16 (4:0 gegen L\u00fcneburger SK Hansa) und die U19 (2:1 in Bothel). Die U12 feierte einen wichtigen Dreier beim 1:0 gegen den TuS Hermannsburg, die U9 II besiegte die M\u00e4dchen der FG Wohlde und die U9 I und die U10 II waren siegreich in ihren Testspielen.<\/p>\n\n\n\n<p>Bilder 1. Herren: David Borghoff<\/p>\n","protected":false},"excerpt":{"rendered":"<p>Das konnte sich wahrlich sehen lassen: Alle, die \u00fcber 18 sind, haben am langen Wochenende volle Punktzahl geholt! Dramatisch (wieder einmal) unsere 1. Herren. Das Heimspiel gegen Teutonia Uelzen wogte hin und her, bis man am Ende dank dreier Treffer von Kapit\u00e4n Pipo Boie den dritten 4:3 Sieg aus den letzten vier Spielen feierte. Zuvor <a class=\"read-more-link\" href=\"https:\/\/www.vfl-westercelle.de\/fb\/mit-galerie-seniorenteams-makellos\/\">[&#8230; weiterlesen]<\/a><\/p>\n","protected":false},"author":9,"featured_media":20614,"comment_status":"closed","ping_status":"closed","sticky":false,"template":"","format":"standard","meta":{"footnotes":""},"categories":[17],"tags":[],"class_list":["post-20609","post","type-post","status-publish","format-standard","has-post-thumbnail","hentry","category-fussball"],"_links":{"self":[{"href":"https:\/\/www.vfl-westercelle.de\/fb\/wp-json\/wp\/v2\/posts\/20609","targetHints":{"allow":["GET"]}}],"collection":[{"href":"https:\/\/www.vfl-westercelle.de\/fb\/wp-json\/wp\/v2\/posts"}],"about":[{"href":"https:\/\/www.vfl-westercelle.de\/fb\/wp-json\/wp\/v2\/types\/post"}],"author":[{"embeddable":true,"href":"https:\/\/www.vfl-westercelle.de\/fb\/wp-json\/wp\/v2\/users\/9"}],"replies":[{"embeddable":true,"href":"https:\/\/www.vfl-westercelle.de\/fb\/wp-json\/wp\/v2\/comments?post=20609"}],"version-history":[{"count":3,"href":"https:\/\/www.vfl-westercelle.de\/fb\/wp-json\/wp\/v2\/posts\/20609\/revisions"}],"predecessor-version":[{"id":20623,"href":"https:\/\/www.vfl-westercelle.de\/fb\/wp-json\/wp\/v2\/posts\/20609\/revisions\/20623"}],"wp:featuredmedia":[{"embeddable":true,"href":"https:\/\/www.vfl-westercelle.de\/fb\/wp-json\/wp\/v2\/media\/20614"}],"wp:attachment":[{"href":"https:\/\/www.vfl-westercelle.de\/fb\/wp-json\/wp\/v2\/media?parent=20609"}],"wp:term":[{"taxonomy":"category","embeddable":true,"href":"https:\/\/www.vfl-westercelle.de\/fb\/wp-json\/wp\/v2\/categories?post=20609"},{"taxonomy":"post_tag","embeddable":true,"href":"https:\/\/www.vfl-westercelle.de\/fb\/wp-json\/wp\/v2\/tags?post=20609"}],"curies":[{"name":"wp","href":"https:\/\/api.w.org\/{rel}","templated":true}]}}