{"id":20641,"date":"2023-05-10T18:33:20","date_gmt":"2023-05-10T16:33:20","guid":{"rendered":"https:\/\/www.vfl-westercelle.de\/fb\/?p=20641"},"modified":"2023-05-22T16:54:54","modified_gmt":"2023-05-22T14:54:54","slug":"ohne-galerie-siege-am-gruenen-tisch","status":"publish","type":"post","link":"https:\/\/www.vfl-westercelle.de\/fb\/ohne-galerie-siege-am-gruenen-tisch\/","title":{"rendered":"Ohne Galerie: Siege am gr\u00fcnen Tisch"},"content":{"rendered":"\n<p>Das haben wir auch selten. Gleich zwei Spiele wurden nicht bzw. nicht zu Ende gespielt. Die Partie der U18 gegen die JSG Ilmenautal fiel kurzfristig aus, weil die G\u00e4ste keine Mannschaft zusammen bekamen. Das Spiel der 2. Herren gegen den SC Vorwerk wurde nach gut 20 Minuten und einer 5:0 F\u00fchrung f\u00fcr den VfL abgebrochen. Die Vorwerker waren nur mit acht Mann angetreten.<\/p>\n\n\n\n<p>Zu den zwei wenig emotionalen Siegen gesellten sich einige Niederlagen unserer Spitzenteams. Die 1. Herren verlor die Generalprobe f\u00fcr das Bezirkspokalfinale beim TSV Etelsen mit 1:3, die U14 unterlag im Derby gegen den ESV Fortuna Celle mit 1:4 und die Frauen zogen mit 0:4 bei der SG Flotwedel den K\u00fcrzeren. Einzig die U15 sorgte beim 2:2 beim Tabellenf\u00fchrer MTV Treubund L\u00fcneburg f\u00fcr gute Laune und die 3. Herren beseigte deutlich den FC Firat Bergen II mit 8:1. <\/p>\n\n\n\n<p>Bei den j\u00fcngsten Kickern lief es deutlich besser. In zehn Pflichtspielen gab es neun Siege und eine Niederlage.<\/p>\n","protected":false},"excerpt":{"rendered":"<p>Das haben wir auch selten. Gleich zwei Spiele wurden nicht bzw. nicht zu Ende gespielt. Die Partie der U18 gegen die JSG Ilmenautal fiel kurzfristig aus, weil die G\u00e4ste keine Mannschaft zusammen bekamen. Das Spiel der 2. Herren gegen den SC Vorwerk wurde nach gut 20 Minuten und einer 5:0 F\u00fchrung f\u00fcr den VfL abgebrochen. <a class=\"read-more-link\" href=\"https:\/\/www.vfl-westercelle.de\/fb\/ohne-galerie-siege-am-gruenen-tisch\/\">[&#8230; weiterlesen]<\/a><\/p>\n","protected":false},"author":9,"featured_media":20642,"comment_status":"closed","ping_status":"closed","sticky":false,"template":"","format":"standard","meta":{"footnotes":""},"categories":[17],"tags":[],"class_list":["post-20641","post","type-post","status-publish","format-standard","has-post-thumbnail","hentry","category-fussball"],"_links":{"self":[{"href":"https:\/\/www.vfl-westercelle.de\/fb\/wp-json\/wp\/v2\/posts\/20641","targetHints":{"allow":["GET"]}}],"collection":[{"href":"https:\/\/www.vfl-westercelle.de\/fb\/wp-json\/wp\/v2\/posts"}],"about":[{"href":"https:\/\/www.vfl-westercelle.de\/fb\/wp-json\/wp\/v2\/types\/post"}],"author":[{"embeddable":true,"href":"https:\/\/www.vfl-westercelle.de\/fb\/wp-json\/wp\/v2\/users\/9"}],"replies":[{"embeddable":true,"href":"https:\/\/www.vfl-westercelle.de\/fb\/wp-json\/wp\/v2\/comments?post=20641"}],"version-history":[{"count":1,"href":"https:\/\/www.vfl-westercelle.de\/fb\/wp-json\/wp\/v2\/posts\/20641\/revisions"}],"predecessor-version":[{"id":20643,"href":"https:\/\/www.vfl-westercelle.de\/fb\/wp-json\/wp\/v2\/posts\/20641\/revisions\/20643"}],"wp:featuredmedia":[{"embeddable":true,"href":"https:\/\/www.vfl-westercelle.de\/fb\/wp-json\/wp\/v2\/media\/20642"}],"wp:attachment":[{"href":"https:\/\/www.vfl-westercelle.de\/fb\/wp-json\/wp\/v2\/media?parent=20641"}],"wp:term":[{"taxonomy":"category","embeddable":true,"href":"https:\/\/www.vfl-westercelle.de\/fb\/wp-json\/wp\/v2\/categories?post=20641"},{"taxonomy":"post_tag","embeddable":true,"href":"https:\/\/www.vfl-westercelle.de\/fb\/wp-json\/wp\/v2\/tags?post=20641"}],"curies":[{"name":"wp","href":"https:\/\/api.w.org\/{rel}","templated":true}]}}