{"id":20748,"date":"2023-05-27T09:16:35","date_gmt":"2023-05-27T07:16:35","guid":{"rendered":"https:\/\/www.vfl-westercelle.de\/fb\/?p=20748"},"modified":"2024-01-28T08:46:05","modified_gmt":"2024-01-28T07:46:05","slug":"20-vgh-niedersachsencup-steigt-mit-rekord","status":"publish","type":"post","link":"https:\/\/www.vfl-westercelle.de\/fb\/20-vgh-niedersachsencup-steigt-mit-rekord\/","title":{"rendered":"20. VGH-Niedersachsencup steigt mit Rekord"},"content":{"rendered":"\n<p>Am Ende waren von den angek\u00fcndigten 112 Mannschaften aufgrund einer kurzfrpstigen Absage tats\u00e4chlich 111 am Start &#8211; ein neuer Teilnahmerekord! Und sind wir ehrlich, die Zahl ist auch viel sch\u00f6ner. Zwei Tage bei besten \u00e4u\u00dferen Bedingungen, viel Fu\u00dfball, viel, Kuchen, viele Br\u00f6tchen, viel Slusheis, viele Lose und viele gl\u00fcckliche Gesichter. Nicht jeder konnte beim Fu\u00dfball gewinnen, daf\u00fcr an der gro\u00dfen Dartscheibe oder bei der Tombola. <\/p>\n\n\n\n<figure class=\"wp-block-gallery has-nested-images columns-6 is-cropped wp-block-gallery-1 is-layout-flex wp-block-gallery-is-layout-flex\">\n<figure class=\"wp-block-image size-large\"><a href=\"https:\/\/www.vfl-westercelle.de\/fb\/wp-content\/uploads\/sites\/3\/2023\/05\/DSC_0163-scaled.jpg\"><img loading=\"lazy\" decoding=\"async\" width=\"1030\" height=\"770\" data-id=\"20749\" src=\"https:\/\/www.vfl-westercelle.de\/fb\/wp-content\/uploads\/sites\/3\/2023\/05\/DSC_0163-1030x770.jpg\" alt=\"\" class=\"wp-image-20749\" srcset=\"https:\/\/www.vfl-westercelle.de\/fb\/wp-content\/uploads\/sites\/3\/2023\/05\/DSC_0163-1030x770.jpg 1030w, https:\/\/www.vfl-westercelle.de\/fb\/wp-content\/uploads\/sites\/3\/2023\/05\/DSC_0163-300x224.jpg 300w, https:\/\/www.vfl-westercelle.de\/fb\/wp-content\/uploads\/sites\/3\/2023\/05\/DSC_0163-768x574.jpg 768w, https:\/\/www.vfl-westercelle.de\/fb\/wp-content\/uploads\/sites\/3\/2023\/05\/DSC_0163-1536x1148.jpg 1536w, https:\/\/www.vfl-westercelle.de\/fb\/wp-content\/uploads\/sites\/3\/2023\/05\/DSC_0163-2048x1530.jpg 2048w, https:\/\/www.vfl-westercelle.de\/fb\/wp-content\/uploads\/sites\/3\/2023\/05\/DSC_0163-1500x1121.jpg 1500w, https:\/\/www.vfl-westercelle.de\/fb\/wp-content\/uploads\/sites\/3\/2023\/05\/DSC_0163-705x527.jpg 705w, https:\/\/www.vfl-westercelle.de\/fb\/wp-content\/uploads\/sites\/3\/2023\/05\/DSC_0163-128x96.jpg 128w, https:\/\/www.vfl-westercelle.de\/fb\/wp-content\/uploads\/sites\/3\/2023\/05\/DSC_0163-32x24.jpg 32w\" sizes=\"auto, (max-width: 1030px) 100vw, 1030px\" \/><\/a><\/figure>\n\n\n\n<figure class=\"wp-block-image size-large\"><a href=\"https:\/\/www.vfl-westercelle.de\/fb\/wp-content\/uploads\/sites\/3\/2023\/05\/DSC_0005-scaled.jpg\"><img loading=\"lazy\" decoding=\"async\" width=\"1030\" height=\"806\" data-id=\"20750\" src=\"https:\/\/www.vfl-westercelle.de\/fb\/wp-content\/uploads\/sites\/3\/2023\/05\/DSC_0005-1030x806.jpg\" alt=\"\" class=\"wp-image-20750\" srcset=\"https:\/\/www.vfl-westercelle.de\/fb\/wp-content\/uploads\/sites\/3\/2023\/05\/DSC_0005-1030x806.jpg 1030w, https:\/\/www.vfl-westercelle.de\/fb\/wp-content\/uploads\/sites\/3\/2023\/05\/DSC_0005-300x235.jpg 300w, https:\/\/www.vfl-westercelle.de\/fb\/wp-content\/uploads\/sites\/3\/2023\/05\/DSC_0005-768x601.jpg 768w, https:\/\/www.vfl-westercelle.de\/fb\/wp-content\/uploads\/sites\/3\/2023\/05\/DSC_0005-1536x1202.jpg 1536w, https:\/\/www.vfl-westercelle.de\/fb\/wp-content\/uploads\/sites\/3\/2023\/05\/DSC_0005-2048x1603.jpg 2048w, https:\/\/www.vfl-westercelle.de\/fb\/wp-content\/uploads\/sites\/3\/2023\/05\/DSC_0005-1500x1174.jpg 1500w, https:\/\/www.vfl-westercelle.de\/fb\/wp-content\/uploads\/sites\/3\/2023\/05\/DSC_0005-705x552.jpg 705w, https:\/\/www.vfl-westercelle.de\/fb\/wp-content\/uploads\/sites\/3\/2023\/05\/DSC_0005-128x100.jpg 128w, https:\/\/www.vfl-westercelle.de\/fb\/wp-content\/uploads\/sites\/3\/2023\/05\/DSC_0005-32x25.jpg 32w\" sizes=\"auto, (max-width: 1030px) 100vw, 1030px\" \/><\/a><\/figure>\n\n\n\n<figure class=\"wp-block-image size-large\"><a href=\"https:\/\/www.vfl-westercelle.de\/fb\/wp-content\/uploads\/sites\/3\/2023\/05\/DSC_0023-scaled.jpg\"><img loading=\"lazy\" decoding=\"async\" width=\"801\" height=\"1030\" data-id=\"20751\" src=\"https:\/\/www.vfl-westercelle.de\/fb\/wp-content\/uploads\/sites\/3\/2023\/05\/DSC_0023-801x1030.jpg\" alt=\"\" class=\"wp-image-20751\" srcset=\"https:\/\/www.vfl-westercelle.de\/fb\/wp-content\/uploads\/sites\/3\/2023\/05\/DSC_0023-801x1030.jpg 801w, https:\/\/www.vfl-westercelle.de\/fb\/wp-content\/uploads\/sites\/3\/2023\/05\/DSC_0023-233x300.jpg 233w, https:\/\/www.vfl-westercelle.de\/fb\/wp-content\/uploads\/sites\/3\/2023\/05\/DSC_0023-768x987.jpg 768w, https:\/\/www.vfl-westercelle.de\/fb\/wp-content\/uploads\/sites\/3\/2023\/05\/DSC_0023-1195x1536.jpg 1195w, https:\/\/www.vfl-westercelle.de\/fb\/wp-content\/uploads\/sites\/3\/2023\/05\/DSC_0023-1593x2048.jpg 1593w, https:\/\/www.vfl-westercelle.de\/fb\/wp-content\/uploads\/sites\/3\/2023\/05\/DSC_0023-1167x1500.jpg 1167w, https:\/\/www.vfl-westercelle.de\/fb\/wp-content\/uploads\/sites\/3\/2023\/05\/DSC_0023-548x705.jpg 548w, https:\/\/www.vfl-westercelle.de\/fb\/wp-content\/uploads\/sites\/3\/2023\/05\/DSC_0023-100x128.jpg 100w, https:\/\/www.vfl-westercelle.de\/fb\/wp-content\/uploads\/sites\/3\/2023\/05\/DSC_0023-25x32.jpg 25w, https:\/\/www.vfl-westercelle.de\/fb\/wp-content\/uploads\/sites\/3\/2023\/05\/DSC_0023-scaled.jpg 1991w\" sizes=\"auto, (max-width: 801px) 100vw, 801px\" \/><\/a><\/figure>\n\n\n\n<figure class=\"wp-block-image size-large\"><a href=\"https:\/\/www.vfl-westercelle.de\/fb\/wp-content\/uploads\/sites\/3\/2023\/05\/230521_CZ_BOR288-scaled.jpg\"><img loading=\"lazy\" decoding=\"async\" width=\"1030\" height=\"687\" data-id=\"20754\" src=\"https:\/\/www.vfl-westercelle.de\/fb\/wp-content\/uploads\/sites\/3\/2023\/05\/230521_CZ_BOR288-1030x687.jpg\" alt=\"\" class=\"wp-image-20754\" srcset=\"https:\/\/www.vfl-westercelle.de\/fb\/wp-content\/uploads\/sites\/3\/2023\/05\/230521_CZ_BOR288-1030x687.jpg 1030w, https:\/\/www.vfl-westercelle.de\/fb\/wp-content\/uploads\/sites\/3\/2023\/05\/230521_CZ_BOR288-300x200.jpg 300w, https:\/\/www.vfl-westercelle.de\/fb\/wp-content\/uploads\/sites\/3\/2023\/05\/230521_CZ_BOR288-768x512.jpg 768w, https:\/\/www.vfl-westercelle.de\/fb\/wp-content\/uploads\/sites\/3\/2023\/05\/230521_CZ_BOR288-1536x1025.jpg 1536w, https:\/\/www.vfl-westercelle.de\/fb\/wp-content\/uploads\/sites\/3\/2023\/05\/230521_CZ_BOR288-2048x1366.jpg 2048w, https:\/\/www.vfl-westercelle.de\/fb\/wp-content\/uploads\/sites\/3\/2023\/05\/230521_CZ_BOR288-1500x1001.jpg 1500w, https:\/\/www.vfl-westercelle.de\/fb\/wp-content\/uploads\/sites\/3\/2023\/05\/230521_CZ_BOR288-705x470.jpg 705w, https:\/\/www.vfl-westercelle.de\/fb\/wp-content\/uploads\/sites\/3\/2023\/05\/230521_CZ_BOR288-128x85.jpg 128w, https:\/\/www.vfl-westercelle.de\/fb\/wp-content\/uploads\/sites\/3\/2023\/05\/230521_CZ_BOR288-32x21.jpg 32w\" sizes=\"auto, (max-width: 1030px) 100vw, 1030px\" \/><\/a><\/figure>\n\n\n\n<figure class=\"wp-block-image size-large\"><a href=\"https:\/\/www.vfl-westercelle.de\/fb\/wp-content\/uploads\/sites\/3\/2023\/05\/230521_CZ_BOR239-scaled.jpg\"><img loading=\"lazy\" decoding=\"async\" width=\"1030\" height=\"687\" data-id=\"20757\" src=\"https:\/\/www.vfl-westercelle.de\/fb\/wp-content\/uploads\/sites\/3\/2023\/05\/230521_CZ_BOR239-1030x687.jpg\" alt=\"\" class=\"wp-image-20757\" srcset=\"https:\/\/www.vfl-westercelle.de\/fb\/wp-content\/uploads\/sites\/3\/2023\/05\/230521_CZ_BOR239-1030x687.jpg 1030w, https:\/\/www.vfl-westercelle.de\/fb\/wp-content\/uploads\/sites\/3\/2023\/05\/230521_CZ_BOR239-300x200.jpg 300w, https:\/\/www.vfl-westercelle.de\/fb\/wp-content\/uploads\/sites\/3\/2023\/05\/230521_CZ_BOR239-768x512.jpg 768w, https:\/\/www.vfl-westercelle.de\/fb\/wp-content\/uploads\/sites\/3\/2023\/05\/230521_CZ_BOR239-1536x1025.jpg 1536w, https:\/\/www.vfl-westercelle.de\/fb\/wp-content\/uploads\/sites\/3\/2023\/05\/230521_CZ_BOR239-2048x1366.jpg 2048w, https:\/\/www.vfl-westercelle.de\/fb\/wp-content\/uploads\/sites\/3\/2023\/05\/230521_CZ_BOR239-1500x1001.jpg 1500w, https:\/\/www.vfl-westercelle.de\/fb\/wp-content\/uploads\/sites\/3\/2023\/05\/230521_CZ_BOR239-705x470.jpg 705w, https:\/\/www.vfl-westercelle.de\/fb\/wp-content\/uploads\/sites\/3\/2023\/05\/230521_CZ_BOR239-128x85.jpg 128w, https:\/\/www.vfl-westercelle.de\/fb\/wp-content\/uploads\/sites\/3\/2023\/05\/230521_CZ_BOR239-32x21.jpg 32w\" sizes=\"auto, (max-width: 1030px) 100vw, 1030px\" \/><\/a><\/figure>\n\n\n\n<figure class=\"wp-block-image size-large\"><a href=\"https:\/\/www.vfl-westercelle.de\/fb\/wp-content\/uploads\/sites\/3\/2023\/05\/230521_CZ_BOR259-scaled.jpg\"><img loading=\"lazy\" decoding=\"async\" width=\"1030\" height=\"687\" data-id=\"20758\" src=\"https:\/\/www.vfl-westercelle.de\/fb\/wp-content\/uploads\/sites\/3\/2023\/05\/230521_CZ_BOR259-1030x687.jpg\" alt=\"\" class=\"wp-image-20758\" srcset=\"https:\/\/www.vfl-westercelle.de\/fb\/wp-content\/uploads\/sites\/3\/2023\/05\/230521_CZ_BOR259-1030x687.jpg 1030w, https:\/\/www.vfl-westercelle.de\/fb\/wp-content\/uploads\/sites\/3\/2023\/05\/230521_CZ_BOR259-300x200.jpg 300w, https:\/\/www.vfl-westercelle.de\/fb\/wp-content\/uploads\/sites\/3\/2023\/05\/230521_CZ_BOR259-768x512.jpg 768w, https:\/\/www.vfl-westercelle.de\/fb\/wp-content\/uploads\/sites\/3\/2023\/05\/230521_CZ_BOR259-1536x1025.jpg 1536w, https:\/\/www.vfl-westercelle.de\/fb\/wp-content\/uploads\/sites\/3\/2023\/05\/230521_CZ_BOR259-2048x1366.jpg 2048w, https:\/\/www.vfl-westercelle.de\/fb\/wp-content\/uploads\/sites\/3\/2023\/05\/230521_CZ_BOR259-1500x1001.jpg 1500w, https:\/\/www.vfl-westercelle.de\/fb\/wp-content\/uploads\/sites\/3\/2023\/05\/230521_CZ_BOR259-705x470.jpg 705w, https:\/\/www.vfl-westercelle.de\/fb\/wp-content\/uploads\/sites\/3\/2023\/05\/230521_CZ_BOR259-128x85.jpg 128w, https:\/\/www.vfl-westercelle.de\/fb\/wp-content\/uploads\/sites\/3\/2023\/05\/230521_CZ_BOR259-32x21.jpg 32w\" sizes=\"auto, (max-width: 1030px) 100vw, 1030px\" \/><\/a><\/figure>\n\n\n\n<figure class=\"wp-block-image size-large\"><a href=\"https:\/\/www.vfl-westercelle.de\/fb\/wp-content\/uploads\/sites\/3\/2023\/05\/DSC_0099-1-scaled.jpg\"><img loading=\"lazy\" decoding=\"async\" width=\"1030\" height=\"814\" data-id=\"20759\" src=\"https:\/\/www.vfl-westercelle.de\/fb\/wp-content\/uploads\/sites\/3\/2023\/05\/DSC_0099-1-1030x814.jpg\" alt=\"\" class=\"wp-image-20759\" srcset=\"https:\/\/www.vfl-westercelle.de\/fb\/wp-content\/uploads\/sites\/3\/2023\/05\/DSC_0099-1-1030x814.jpg 1030w, https:\/\/www.vfl-westercelle.de\/fb\/wp-content\/uploads\/sites\/3\/2023\/05\/DSC_0099-1-300x237.jpg 300w, https:\/\/www.vfl-westercelle.de\/fb\/wp-content\/uploads\/sites\/3\/2023\/05\/DSC_0099-1-768x607.jpg 768w, https:\/\/www.vfl-westercelle.de\/fb\/wp-content\/uploads\/sites\/3\/2023\/05\/DSC_0099-1-1536x1214.jpg 1536w, https:\/\/www.vfl-westercelle.de\/fb\/wp-content\/uploads\/sites\/3\/2023\/05\/DSC_0099-1-2048x1619.jpg 2048w, https:\/\/www.vfl-westercelle.de\/fb\/wp-content\/uploads\/sites\/3\/2023\/05\/DSC_0099-1-1500x1186.jpg 1500w, https:\/\/www.vfl-westercelle.de\/fb\/wp-content\/uploads\/sites\/3\/2023\/05\/DSC_0099-1-705x557.jpg 705w, https:\/\/www.vfl-westercelle.de\/fb\/wp-content\/uploads\/sites\/3\/2023\/05\/DSC_0099-1-128x101.jpg 128w, https:\/\/www.vfl-westercelle.de\/fb\/wp-content\/uploads\/sites\/3\/2023\/05\/DSC_0099-1-32x25.jpg 32w\" sizes=\"auto, (max-width: 1030px) 100vw, 1030px\" \/><\/a><\/figure>\n\n\n\n<figure class=\"wp-block-image size-large\"><a href=\"https:\/\/www.vfl-westercelle.de\/fb\/wp-content\/uploads\/sites\/3\/2023\/05\/DSC_0157-scaled.jpg\"><img loading=\"lazy\" decoding=\"async\" width=\"1030\" height=\"868\" data-id=\"20760\" src=\"https:\/\/www.vfl-westercelle.de\/fb\/wp-content\/uploads\/sites\/3\/2023\/05\/DSC_0157-1030x868.jpg\" alt=\"\" class=\"wp-image-20760\" srcset=\"https:\/\/www.vfl-westercelle.de\/fb\/wp-content\/uploads\/sites\/3\/2023\/05\/DSC_0157-1030x868.jpg 1030w, https:\/\/www.vfl-westercelle.de\/fb\/wp-content\/uploads\/sites\/3\/2023\/05\/DSC_0157-300x253.jpg 300w, https:\/\/www.vfl-westercelle.de\/fb\/wp-content\/uploads\/sites\/3\/2023\/05\/DSC_0157-768x647.jpg 768w, https:\/\/www.vfl-westercelle.de\/fb\/wp-content\/uploads\/sites\/3\/2023\/05\/DSC_0157-1536x1294.jpg 1536w, https:\/\/www.vfl-westercelle.de\/fb\/wp-content\/uploads\/sites\/3\/2023\/05\/DSC_0157-2048x1725.jpg 2048w, https:\/\/www.vfl-westercelle.de\/fb\/wp-content\/uploads\/sites\/3\/2023\/05\/DSC_0157-1500x1263.jpg 1500w, https:\/\/www.vfl-westercelle.de\/fb\/wp-content\/uploads\/sites\/3\/2023\/05\/DSC_0157-705x594.jpg 705w, https:\/\/www.vfl-westercelle.de\/fb\/wp-content\/uploads\/sites\/3\/2023\/05\/DSC_0157-128x108.jpg 128w, https:\/\/www.vfl-westercelle.de\/fb\/wp-content\/uploads\/sites\/3\/2023\/05\/DSC_0157-32x27.jpg 32w\" sizes=\"auto, (max-width: 1030px) 100vw, 1030px\" \/><\/a><\/figure>\n\n\n\n<figure class=\"wp-block-image size-large\"><a href=\"https:\/\/www.vfl-westercelle.de\/fb\/wp-content\/uploads\/sites\/3\/2023\/05\/DSC_0084-scaled.jpg\"><img loading=\"lazy\" decoding=\"async\" width=\"1030\" height=\"997\" data-id=\"20706\" src=\"https:\/\/www.vfl-westercelle.de\/fb\/wp-content\/uploads\/sites\/3\/2023\/05\/DSC_0084-1030x997.jpg\" alt=\"\" class=\"wp-image-20706\" srcset=\"https:\/\/www.vfl-westercelle.de\/fb\/wp-content\/uploads\/sites\/3\/2023\/05\/DSC_0084-1030x997.jpg 1030w, https:\/\/www.vfl-westercelle.de\/fb\/wp-content\/uploads\/sites\/3\/2023\/05\/DSC_0084-300x290.jpg 300w, https:\/\/www.vfl-westercelle.de\/fb\/wp-content\/uploads\/sites\/3\/2023\/05\/DSC_0084-768x744.jpg 768w, https:\/\/www.vfl-westercelle.de\/fb\/wp-content\/uploads\/sites\/3\/2023\/05\/DSC_0084-1536x1487.jpg 1536w, https:\/\/www.vfl-westercelle.de\/fb\/wp-content\/uploads\/sites\/3\/2023\/05\/DSC_0084-2048x1983.jpg 2048w, https:\/\/www.vfl-westercelle.de\/fb\/wp-content\/uploads\/sites\/3\/2023\/05\/DSC_0084-36x36.jpg 36w, https:\/\/www.vfl-westercelle.de\/fb\/wp-content\/uploads\/sites\/3\/2023\/05\/DSC_0084-1500x1452.jpg 1500w, https:\/\/www.vfl-westercelle.de\/fb\/wp-content\/uploads\/sites\/3\/2023\/05\/DSC_0084-705x683.jpg 705w, https:\/\/www.vfl-westercelle.de\/fb\/wp-content\/uploads\/sites\/3\/2023\/05\/DSC_0084-128x124.jpg 128w, https:\/\/www.vfl-westercelle.de\/fb\/wp-content\/uploads\/sites\/3\/2023\/05\/DSC_0084-32x32.jpg 32w\" sizes=\"auto, (max-width: 1030px) 100vw, 1030px\" \/><\/a><\/figure>\n\n\n\n<figure class=\"wp-block-image size-large\"><a href=\"https:\/\/www.vfl-westercelle.de\/fb\/wp-content\/uploads\/sites\/3\/2023\/05\/230521_CZ_BOR339-scaled.jpg\"><img loading=\"lazy\" decoding=\"async\" width=\"1030\" height=\"687\" data-id=\"20705\" src=\"https:\/\/www.vfl-westercelle.de\/fb\/wp-content\/uploads\/sites\/3\/2023\/05\/230521_CZ_BOR339-1030x687.jpg\" alt=\"\" class=\"wp-image-20705\" srcset=\"https:\/\/www.vfl-westercelle.de\/fb\/wp-content\/uploads\/sites\/3\/2023\/05\/230521_CZ_BOR339-1030x687.jpg 1030w, https:\/\/www.vfl-westercelle.de\/fb\/wp-content\/uploads\/sites\/3\/2023\/05\/230521_CZ_BOR339-300x200.jpg 300w, https:\/\/www.vfl-westercelle.de\/fb\/wp-content\/uploads\/sites\/3\/2023\/05\/230521_CZ_BOR339-768x512.jpg 768w, https:\/\/www.vfl-westercelle.de\/fb\/wp-content\/uploads\/sites\/3\/2023\/05\/230521_CZ_BOR339-1536x1025.jpg 1536w, https:\/\/www.vfl-westercelle.de\/fb\/wp-content\/uploads\/sites\/3\/2023\/05\/230521_CZ_BOR339-2048x1366.jpg 2048w, https:\/\/www.vfl-westercelle.de\/fb\/wp-content\/uploads\/sites\/3\/2023\/05\/230521_CZ_BOR339-1500x1001.jpg 1500w, https:\/\/www.vfl-westercelle.de\/fb\/wp-content\/uploads\/sites\/3\/2023\/05\/230521_CZ_BOR339-705x470.jpg 705w, https:\/\/www.vfl-westercelle.de\/fb\/wp-content\/uploads\/sites\/3\/2023\/05\/230521_CZ_BOR339-128x85.jpg 128w, https:\/\/www.vfl-westercelle.de\/fb\/wp-content\/uploads\/sites\/3\/2023\/05\/230521_CZ_BOR339-32x21.jpg 32w\" sizes=\"auto, (max-width: 1030px) 100vw, 1030px\" \/><\/a><\/figure>\n\n\n\n<figure class=\"wp-block-image size-large\"><a href=\"https:\/\/www.vfl-westercelle.de\/fb\/wp-content\/uploads\/sites\/3\/2023\/05\/DSC_0127.jpg\"><img loading=\"lazy\" decoding=\"async\" width=\"1030\" height=\"916\" data-id=\"20704\" src=\"https:\/\/www.vfl-westercelle.de\/fb\/wp-content\/uploads\/sites\/3\/2023\/05\/DSC_0127-1030x916.jpg\" alt=\"\" class=\"wp-image-20704\" srcset=\"https:\/\/www.vfl-westercelle.de\/fb\/wp-content\/uploads\/sites\/3\/2023\/05\/DSC_0127-1030x916.jpg 1030w, https:\/\/www.vfl-westercelle.de\/fb\/wp-content\/uploads\/sites\/3\/2023\/05\/DSC_0127-300x267.jpg 300w, https:\/\/www.vfl-westercelle.de\/fb\/wp-content\/uploads\/sites\/3\/2023\/05\/DSC_0127-768x683.jpg 768w, https:\/\/www.vfl-westercelle.de\/fb\/wp-content\/uploads\/sites\/3\/2023\/05\/DSC_0127-1536x1365.jpg 1536w, https:\/\/www.vfl-westercelle.de\/fb\/wp-content\/uploads\/sites\/3\/2023\/05\/DSC_0127-2048x1820.jpg 2048w, https:\/\/www.vfl-westercelle.de\/fb\/wp-content\/uploads\/sites\/3\/2023\/05\/DSC_0127-1500x1333.jpg 1500w, https:\/\/www.vfl-westercelle.de\/fb\/wp-content\/uploads\/sites\/3\/2023\/05\/DSC_0127-705x627.jpg 705w, https:\/\/www.vfl-westercelle.de\/fb\/wp-content\/uploads\/sites\/3\/2023\/05\/DSC_0127-128x114.jpg 128w, https:\/\/www.vfl-westercelle.de\/fb\/wp-content\/uploads\/sites\/3\/2023\/05\/DSC_0127-32x28.jpg 32w\" sizes=\"auto, (max-width: 1030px) 100vw, 1030px\" \/><\/a><\/figure>\n\n\n\n<figure class=\"wp-block-image size-large\"><a href=\"https:\/\/www.vfl-westercelle.de\/fb\/wp-content\/uploads\/sites\/3\/2023\/05\/DSC_0099.jpg\"><img loading=\"lazy\" decoding=\"async\" width=\"1030\" height=\"702\" data-id=\"20703\" src=\"https:\/\/www.vfl-westercelle.de\/fb\/wp-content\/uploads\/sites\/3\/2023\/05\/DSC_0099-1030x702.jpg\" alt=\"\" class=\"wp-image-20703\" srcset=\"https:\/\/www.vfl-westercelle.de\/fb\/wp-content\/uploads\/sites\/3\/2023\/05\/DSC_0099-1030x702.jpg 1030w, https:\/\/www.vfl-westercelle.de\/fb\/wp-content\/uploads\/sites\/3\/2023\/05\/DSC_0099-300x204.jpg 300w, https:\/\/www.vfl-westercelle.de\/fb\/wp-content\/uploads\/sites\/3\/2023\/05\/DSC_0099-768x523.jpg 768w, https:\/\/www.vfl-westercelle.de\/fb\/wp-content\/uploads\/sites\/3\/2023\/05\/DSC_0099-1536x1046.jpg 1536w, https:\/\/www.vfl-westercelle.de\/fb\/wp-content\/uploads\/sites\/3\/2023\/05\/DSC_0099-2048x1395.jpg 2048w, https:\/\/www.vfl-westercelle.de\/fb\/wp-content\/uploads\/sites\/3\/2023\/05\/DSC_0099-1500x1022.jpg 1500w, https:\/\/www.vfl-westercelle.de\/fb\/wp-content\/uploads\/sites\/3\/2023\/05\/DSC_0099-705x480.jpg 705w, https:\/\/www.vfl-westercelle.de\/fb\/wp-content\/uploads\/sites\/3\/2023\/05\/DSC_0099-128x87.jpg 128w, https:\/\/www.vfl-westercelle.de\/fb\/wp-content\/uploads\/sites\/3\/2023\/05\/DSC_0099-32x22.jpg 32w\" sizes=\"auto, (max-width: 1030px) 100vw, 1030px\" \/><\/a><\/figure>\n<\/figure>\n\n\n\n<p>Dank der vielen freiwilligen Helfer konnte das Team rund um Sebastian Paschke einen erfolgreichen 20. VGH-Niedersachsencup auf die Beine stellen. Die gro\u00dfen Abr\u00e4umer in diesem Jahr waren der SC Staaken Berlin, der die weiteste Anreise aller Teilnehmer f\u00fcr die Turniersiege bei den U6\/U7- und den U8-Junioren nutzte, und der TSV Havelse, der bei der U10 und U11 siegreich war und gegen dessen U11 sogar Hannover 96 das Nachsehen hatte.<\/p>\n\n\n\n<p>Das Turnier der U9 konnte der MTV Gifhorn f\u00fcr sich entscheiden und in der Altersklasse U12\/U13 gelang ein der Heimsieg der Westerceller U13, der durch den dritten Platz der Westerceller U12 noch garniert wurde.<\/p>\n\n\n\n<p>Alle Ergebnisse und eine Galerie der Sieger des 20. VGH-Niedersachsencups findet ihr auf der Seite des <a href=\"https:\/\/www.vfl-westercelle.de\/fb\/niedersachsencup\/#top\" target=\"_blank\" rel=\"noreferrer noopener\">Turniers<\/a>. <\/p>\n","protected":false},"excerpt":{"rendered":"<p>Am Ende waren von den angek\u00fcndigten 112 Mannschaften aufgrund einer kurzfrpstigen Absage tats\u00e4chlich 111 am Start &#8211; ein neuer Teilnahmerekord! Und sind wir ehrlich, die Zahl ist auch viel sch\u00f6ner. Zwei Tage bei besten \u00e4u\u00dferen Bedingungen, viel Fu\u00dfball, viel, Kuchen, viele Br\u00f6tchen, viel Slusheis, viele Lose und viele gl\u00fcckliche Gesichter. Nicht jeder konnte beim Fu\u00dfball <a class=\"read-more-link\" href=\"https:\/\/www.vfl-westercelle.de\/fb\/20-vgh-niedersachsencup-steigt-mit-rekord\/\">[&#8230; weiterlesen]<\/a><\/p>\n","protected":false},"author":9,"featured_media":20756,"comment_status":"closed","ping_status":"closed","sticky":false,"template":"","format":"standard","meta":{"footnotes":""},"categories":[17],"tags":[391,185],"class_list":["post-20748","post","type-post","status-publish","format-standard","has-post-thumbnail","hentry","category-fussball","tag-foerderverein","tag-niedersachsencup"],"_links":{"self":[{"href":"https:\/\/www.vfl-westercelle.de\/fb\/wp-json\/wp\/v2\/posts\/20748","targetHints":{"allow":["GET"]}}],"collection":[{"href":"https:\/\/www.vfl-westercelle.de\/fb\/wp-json\/wp\/v2\/posts"}],"about":[{"href":"https:\/\/www.vfl-westercelle.de\/fb\/wp-json\/wp\/v2\/types\/post"}],"author":[{"embeddable":true,"href":"https:\/\/www.vfl-westercelle.de\/fb\/wp-json\/wp\/v2\/users\/9"}],"replies":[{"embeddable":true,"href":"https:\/\/www.vfl-westercelle.de\/fb\/wp-json\/wp\/v2\/comments?post=20748"}],"version-history":[{"count":1,"href":"https:\/\/www.vfl-westercelle.de\/fb\/wp-json\/wp\/v2\/posts\/20748\/revisions"}],"predecessor-version":[{"id":20761,"href":"https:\/\/www.vfl-westercelle.de\/fb\/wp-json\/wp\/v2\/posts\/20748\/revisions\/20761"}],"wp:featuredmedia":[{"embeddable":true,"href":"https:\/\/www.vfl-westercelle.de\/fb\/wp-json\/wp\/v2\/media\/20756"}],"wp:attachment":[{"href":"https:\/\/www.vfl-westercelle.de\/fb\/wp-json\/wp\/v2\/media?parent=20748"}],"wp:term":[{"taxonomy":"category","embeddable":true,"href":"https:\/\/www.vfl-westercelle.de\/fb\/wp-json\/wp\/v2\/categories?post=20748"},{"taxonomy":"post_tag","embeddable":true,"href":"https:\/\/www.vfl-westercelle.de\/fb\/wp-json\/wp\/v2\/tags?post=20748"}],"curies":[{"name":"wp","href":"https:\/\/api.w.org\/{rel}","templated":true}]}}