{"id":21562,"date":"2023-08-07T10:04:33","date_gmt":"2023-08-07T08:04:33","guid":{"rendered":"https:\/\/www.vfl-westercelle.de\/fb\/?p=21562"},"modified":"2023-08-16T08:33:52","modified_gmt":"2023-08-16T06:33:52","slug":"westerceller-feiern-saisoneroeffnung","status":"publish","type":"post","link":"https:\/\/www.vfl-westercelle.de\/fb\/westerceller-feiern-saisoneroeffnung\/","title":{"rendered":"Westerceller feiern Saisoner\u00f6ffnung"},"content":{"rendered":"<div  class='flex_column av-1taddga-3cf5e32554fc58af0c7181d289ed4f55 av_three_fourth  avia-builder-el-0  el_before_av_one_fourth  avia-builder-el-first  first flex_column_div  '     ><section  class='av_textblock_section av-174ziyi-4a3f51f519307098d16cd1d00b8cbe15 '   itemscope=\"itemscope\" itemtype=\"https:\/\/schema.org\/BlogPosting\" itemprop=\"blogPost\" ><div class='avia_textblock'  itemprop=\"text\" ><p><strong>Dritter Bauabschnitt der Andi-Wilke-Trib\u00fcne wird eingeweiht<\/strong><\/p>\n<p>Am Sonntag feiern die Fu\u00dfballer des VfL Westercelle ihre Saisoner\u00f6ffnung. Im Mittelpunkt stehen dabei im Westerceller Sportpark die Spiele der 1. Herren gegen den FC Jesteburg-Bendestorf und der 2.Herren gegen den SV Dicle. Zudem spielt die U16-Landesliga-Mannschaft auf dem Kunstrasenplatz.<\/p>\n<p>Los geht es bereits um 12 Uhr: Die U16 pr\u00e4sentiert sich mit den Trainern Lars Trautmann und Tobias Siewerin im Vorbereitungsspiel gegen den JFV Calenberger Land. Um 13 Uhr wird es dann f\u00fcr die f\u00fcr die 2.Herren um das Trainerduo Timo Papendieck\/Jonas Sieme sowie Betreuer und Stadionsprecher Michael Zorn Ernst. Zum Kreisliga-Auftakt bekommt es der Double-Sieger mit Aufsteiger SV Dicle zu tun. Im Anschluss empf\u00e4ngt die 1.Herren um 15 Uhr in der Bezirksliga den FC Jesteburg-Bendestorf. Die Mannschaft um die Trainer Marcus Hoffmann und Stefan Mainka, Betreuer Maximilian B\u00e4hr, Torwart-Trainer Christoph Lebeus, Athletik-Trainer Fabian Scharenberg und Physiotherapeut Mats Peters war am vergangenen Sonntag mit einem 2:2 beim MTV Langlingen in die neue Spielzeit gestartet. Nun wollen die VfLer den ersten Saisonsieg holen.<\/p>\n<p>Rund um die Spiele wird ein Rahmenprogramm mit H\u00fcpfburg und Soccer Cage geboten. Zudem wird der dritte Bauabschnitt der Andi-Wilke-Trib\u00fcne offiziell eingeweiht. Zwischen den Spielen werden au\u00dferdem verdiente Trainer verabschiedet. F\u00fcr die Jugendmannschaften steht am Vormittag bereits der Media Day auf dem Programm. An der Kasse k\u00f6nnen auch die Dauerkarten f\u00fcr die neue Spielzeit erworben werden.<\/p>\n<p><em>\u201eWir freuen uns, die neue Saison mit vielen VfLern und Celler Fu\u00dfball-Fans zu er\u00f6ffnen\u201c<\/em>, sagt VfL-Spartenleiter Christopher Menge.<\/p>\n<\/div><\/section><\/div><div  class='flex_column av-sqctwa-da199197c862268f929b18d089cf166d av_one_fourth  avia-builder-el-2  el_after_av_three_fourth  avia-builder-el-last  flex_column_div  '     ><style type=\"text\/css\" data-created_by=\"avia_inline_auto\" id=\"style-css-av-ll0l24jx-f14c02cc09663e3a3056292648412d08\">\n.avia-image-container.av-ll0l24jx-f14c02cc09663e3a3056292648412d08 img.avia_image{\nbox-shadow:none;\n}\n.avia-image-container.av-ll0l24jx-f14c02cc09663e3a3056292648412d08 .av-image-caption-overlay-center{\ncolor:#ffffff;\n}\n<\/style>\n<div  class='avia-image-container av-ll0l24jx-f14c02cc09663e3a3056292648412d08 av-styling- av-img-linked avia-align-center  avia-builder-el-3  avia-builder-el-no-sibling '   itemprop=\"image\" itemscope=\"itemscope\" itemtype=\"https:\/\/schema.org\/ImageObject\" ><div class=\"avia-image-container-inner\"><div class=\"avia-image-overlay-wrap\"><a href=\"http:\/\/www.vfl-westercelle.de\/fb\/wp-content\/uploads\/sites\/3\/2023\/08\/Plakat23.jpg\" class='avia_image '  target=\"_blank\"  rel=\"noopener noreferrer\" aria-label='Plakat23'><img decoding=\"async\" fetchpriority=\"high\" class='wp-image-21563 avia-img-lazy-loading-not-21563 avia_image ' src=\"https:\/\/www.vfl-westercelle.de\/fb\/wp-content\/uploads\/sites\/3\/2023\/08\/Plakat23-220x300.jpg\" alt='' title='Plakat23'  height=\"300\" width=\"220\"  itemprop=\"thumbnailUrl\" srcset=\"https:\/\/www.vfl-westercelle.de\/fb\/wp-content\/uploads\/sites\/3\/2023\/08\/Plakat23-220x300.jpg 220w, https:\/\/www.vfl-westercelle.de\/fb\/wp-content\/uploads\/sites\/3\/2023\/08\/Plakat23-754x1030.jpg 754w, https:\/\/www.vfl-westercelle.de\/fb\/wp-content\/uploads\/sites\/3\/2023\/08\/Plakat23-768x1050.jpg 768w, https:\/\/www.vfl-westercelle.de\/fb\/wp-content\/uploads\/sites\/3\/2023\/08\/Plakat23-516x705.jpg 516w, https:\/\/www.vfl-westercelle.de\/fb\/wp-content\/uploads\/sites\/3\/2023\/08\/Plakat23-94x128.jpg 94w, https:\/\/www.vfl-westercelle.de\/fb\/wp-content\/uploads\/sites\/3\/2023\/08\/Plakat23-23x32.jpg 23w, https:\/\/www.vfl-westercelle.de\/fb\/wp-content\/uploads\/sites\/3\/2023\/08\/Plakat23.jpg 1080w\" sizes=\"(max-width: 220px) 100vw, 220px\" \/><\/a><\/div><\/div><\/div><\/div><\/p>\n","protected":false},"excerpt":{"rendered":"","protected":false},"author":9,"featured_media":21564,"comment_status":"closed","ping_status":"closed","sticky":false,"template":"","format":"standard","meta":{"footnotes":""},"categories":[17],"tags":[],"class_list":["post-21562","post","type-post","status-publish","format-standard","has-post-thumbnail","hentry","category-fussball"],"_links":{"self":[{"href":"https:\/\/www.vfl-westercelle.de\/fb\/wp-json\/wp\/v2\/posts\/21562","targetHints":{"allow":["GET"]}}],"collection":[{"href":"https:\/\/www.vfl-westercelle.de\/fb\/wp-json\/wp\/v2\/posts"}],"about":[{"href":"https:\/\/www.vfl-westercelle.de\/fb\/wp-json\/wp\/v2\/types\/post"}],"author":[{"embeddable":true,"href":"https:\/\/www.vfl-westercelle.de\/fb\/wp-json\/wp\/v2\/users\/9"}],"replies":[{"embeddable":true,"href":"https:\/\/www.vfl-westercelle.de\/fb\/wp-json\/wp\/v2\/comments?post=21562"}],"version-history":[{"count":2,"href":"https:\/\/www.vfl-westercelle.de\/fb\/wp-json\/wp\/v2\/posts\/21562\/revisions"}],"predecessor-version":[{"id":21566,"href":"https:\/\/www.vfl-westercelle.de\/fb\/wp-json\/wp\/v2\/posts\/21562\/revisions\/21566"}],"wp:featuredmedia":[{"embeddable":true,"href":"https:\/\/www.vfl-westercelle.de\/fb\/wp-json\/wp\/v2\/media\/21564"}],"wp:attachment":[{"href":"https:\/\/www.vfl-westercelle.de\/fb\/wp-json\/wp\/v2\/media?parent=21562"}],"wp:term":[{"taxonomy":"category","embeddable":true,"href":"https:\/\/www.vfl-westercelle.de\/fb\/wp-json\/wp\/v2\/categories?post=21562"},{"taxonomy":"post_tag","embeddable":true,"href":"https:\/\/www.vfl-westercelle.de\/fb\/wp-json\/wp\/v2\/tags?post=21562"}],"curies":[{"name":"wp","href":"https:\/\/api.w.org\/{rel}","templated":true}]}}