{"id":25394,"date":"2024-01-31T12:57:28","date_gmt":"2024-01-31T11:57:28","guid":{"rendered":"https:\/\/www.vfl-westercelle.de\/fb\/?p=25394"},"modified":"2024-10-07T12:58:34","modified_gmt":"2024-10-07T10:58:34","slug":"9-westerceller-grundschulcup-junge-fussballer-aus-wietzenbruch-siegen","status":"publish","type":"post","link":"https:\/\/www.vfl-westercelle.de\/fb\/9-westerceller-grundschulcup-junge-fussballer-aus-wietzenbruch-siegen\/","title":{"rendered":"9. Westerceller Grundschulcup: Junge Fu\u00dfballer aus Wietzenbruch siegen"},"content":{"rendered":"<div  class='flex_column av-av_one_full-a2cef933b0a555f25d1e39b22a8e9dae av_one_full  avia-builder-el-0  el_before_av_one_full  avia-builder-el-first  first flex_column_div  '     ><section  class='av_textblock_section av-m1ywb2bu-2a027eff782e25b1a70918b9c1fbd0b1 '   itemscope=\"itemscope\" itemtype=\"https:\/\/schema.org\/BlogPosting\" itemprop=\"blogPost\" ><div class='avia_textblock'  itemprop=\"text\" ><p><strong>Siebenmeter-Spannung bis zum Schluss \/ Bruchhagen stellt fairstes Team<\/strong><\/p>\n<p>Mit einem satten Knall prallt der Ball gegen den rot-wei\u00dfen Pfosten. Ein lautes Raunen geht durch die Nadelberghalle. Auf der Trib\u00fcne schlagen Eltern, Gro\u00dfeltern und Kinder die H\u00e4nde vor den Kopf. Die Spieler unten auf dem Feld lassen sich nicht beirren, rennen sofort wieder an, um den Ball zu erobern. Am Montag wurde der 9. Westerceller Grundschulcup f\u00fcr erste und zweite Klassen ausgerichtet. Zehn Teams, drei mehr als im Vorjahr, waren am Start. Nach viel Spannung, einigen Siebenmeter-Entscheidungen und vor allem jeder Menge Spa\u00df stand die Grundschule Wietzenbruch als Sieger fest.<\/p>\n<p>Fritz Spering organisiert seit 2013 das Turnier des VfL Westercelle und wurde dabei dieses Jahr tatkr\u00e4ftig durch FSJler Finn Premper und die beiden Westerceller Jungschiedsrichter Marten Kr\u00fcger (14) und Danny Mahlke (14) unterst\u00fctzt. Manche Regeln, wie zum Beispiel das Einrollen des Balls von der Seitenlinie, mussten zwar \u00f6fter erkl\u00e4rt werden, aber insgesamt hatten die Schiedsrichter mit der Leitung der Spiele keine Probleme. Alles lief sehr fair ab. <em>\u201eUns sind das Zusammenspiel und der Spa\u00df an der Bewegung am wichtigsten\u201c<\/em>, sagte Spering. Daher gab es auch in diesem Jahr wieder zwei Pokale. Einen f\u00fcr den sportlichen Sieger und einen f\u00fcr das fairste Team. Dieser Preis ging an die Grundschule Bruchhagen I.<\/p>\n<\/div><\/section><\/div><div  class='flex_column av-av_one_full-a2cef933b0a555f25d1e39b22a8e9dae av_one_full  avia-builder-el-2  el_after_av_one_full  el_before_av_one_full  first flex_column_div  column-top-margin'     ><style type=\"text\/css\" data-created_by=\"avia_inline_auto\" id=\"style-css-av-m1ywchuf-1c021271a69979a7ef07800316a4bd85\">\n#top .avia-gallery.av-m1ywchuf-1c021271a69979a7ef07800316a4bd85 .avia-gallery-thumb a{\nwidth:20%;\n}\n<\/style>\n<div  class='avia-gallery av-m1ywchuf-1c021271a69979a7ef07800316a4bd85 avia_animate_when_visible  avia-builder-el-3  avia-builder-el-no-sibling  avia_lazyload avia-gallery-animate avia-gallery-1'  itemprop=\"image\" itemscope=\"itemscope\" itemtype=\"https:\/\/schema.org\/ImageObject\" ><meta itemprop=\"contentURL\" content=\"https:\/\/www.vfl-westercelle.de\/fb\/9-westerceller-grundschulcup-junge-fussballer-aus-wietzenbruch-siegen\/\"><div class='avia-gallery-thumb'><a href=\"https:\/\/www.vfl-westercelle.de\/fb\/wp-content\/uploads\/sites\/3\/2024\/10\/65b8c68e0a3e5_2024-01-29_12-01-31_02_DxO-1030x685.jpg\" data-srcset=\"https:\/\/www.vfl-westercelle.de\/fb\/wp-content\/uploads\/sites\/3\/2024\/10\/65b8c68e0a3e5_2024-01-29_12-01-31_02_DxO-1030x685.jpg 1030w, https:\/\/www.vfl-westercelle.de\/fb\/wp-content\/uploads\/sites\/3\/2024\/10\/65b8c68e0a3e5_2024-01-29_12-01-31_02_DxO-300x200.jpg 300w, https:\/\/www.vfl-westercelle.de\/fb\/wp-content\/uploads\/sites\/3\/2024\/10\/65b8c68e0a3e5_2024-01-29_12-01-31_02_DxO-768x511.jpg 768w, https:\/\/www.vfl-westercelle.de\/fb\/wp-content\/uploads\/sites\/3\/2024\/10\/65b8c68e0a3e5_2024-01-29_12-01-31_02_DxO-1536x1022.jpg 1536w, https:\/\/www.vfl-westercelle.de\/fb\/wp-content\/uploads\/sites\/3\/2024\/10\/65b8c68e0a3e5_2024-01-29_12-01-31_02_DxO-2048x1363.jpg 2048w, https:\/\/www.vfl-westercelle.de\/fb\/wp-content\/uploads\/sites\/3\/2024\/10\/65b8c68e0a3e5_2024-01-29_12-01-31_02_DxO-1500x998.jpg 1500w, https:\/\/www.vfl-westercelle.de\/fb\/wp-content\/uploads\/sites\/3\/2024\/10\/65b8c68e0a3e5_2024-01-29_12-01-31_02_DxO-705x469.jpg 705w, https:\/\/www.vfl-westercelle.de\/fb\/wp-content\/uploads\/sites\/3\/2024\/10\/65b8c68e0a3e5_2024-01-29_12-01-31_02_DxO-128x85.jpg 128w, https:\/\/www.vfl-westercelle.de\/fb\/wp-content\/uploads\/sites\/3\/2024\/10\/65b8c68e0a3e5_2024-01-29_12-01-31_02_DxO-32x21.jpg 32w\" data-sizes=\"(max-width: 1030px) 100vw, 1030px\" data-rel='gallery-1' data-prev-img='https:\/\/www.vfl-westercelle.de\/fb\/wp-content\/uploads\/sites\/3\/2024\/10\/65b8c68e0a3e5_2024-01-29_12-01-31_02_DxO-495x400.jpg' class='first_thumb lightbox ' data-onclick='1' title='Grundschulcup 2024 (2)'  itemprop=\"thumbnailUrl\"  ><img decoding=\"async\" fetchpriority=\"high\" class=\"wp-image-25397 avia-img-lazy-loading-not-25397\"   src=\"https:\/\/www.vfl-westercelle.de\/fb\/wp-content\/uploads\/sites\/3\/2024\/10\/65b8c68e0a3e5_2024-01-29_12-01-31_02_DxO-300x200.jpg\" width=\"300\" height=\"200\"  title='Grundschulcup 2024 (2)' alt='' srcset=\"https:\/\/www.vfl-westercelle.de\/fb\/wp-content\/uploads\/sites\/3\/2024\/10\/65b8c68e0a3e5_2024-01-29_12-01-31_02_DxO-300x200.jpg 300w, https:\/\/www.vfl-westercelle.de\/fb\/wp-content\/uploads\/sites\/3\/2024\/10\/65b8c68e0a3e5_2024-01-29_12-01-31_02_DxO-1030x685.jpg 1030w, https:\/\/www.vfl-westercelle.de\/fb\/wp-content\/uploads\/sites\/3\/2024\/10\/65b8c68e0a3e5_2024-01-29_12-01-31_02_DxO-768x511.jpg 768w, https:\/\/www.vfl-westercelle.de\/fb\/wp-content\/uploads\/sites\/3\/2024\/10\/65b8c68e0a3e5_2024-01-29_12-01-31_02_DxO-1536x1022.jpg 1536w, https:\/\/www.vfl-westercelle.de\/fb\/wp-content\/uploads\/sites\/3\/2024\/10\/65b8c68e0a3e5_2024-01-29_12-01-31_02_DxO-2048x1363.jpg 2048w, https:\/\/www.vfl-westercelle.de\/fb\/wp-content\/uploads\/sites\/3\/2024\/10\/65b8c68e0a3e5_2024-01-29_12-01-31_02_DxO-1500x998.jpg 1500w, https:\/\/www.vfl-westercelle.de\/fb\/wp-content\/uploads\/sites\/3\/2024\/10\/65b8c68e0a3e5_2024-01-29_12-01-31_02_DxO-705x469.jpg 705w, https:\/\/www.vfl-westercelle.de\/fb\/wp-content\/uploads\/sites\/3\/2024\/10\/65b8c68e0a3e5_2024-01-29_12-01-31_02_DxO-128x85.jpg 128w, https:\/\/www.vfl-westercelle.de\/fb\/wp-content\/uploads\/sites\/3\/2024\/10\/65b8c68e0a3e5_2024-01-29_12-01-31_02_DxO-32x21.jpg 32w\" sizes=\"(max-width: 300px) 100vw, 300px\" \/><div class='big-prev-fake'><img decoding=\"async\" loading=\"lazy\" class=\"wp-image-25397 avia-img-lazy-loading-25397\"  width=\"495\" height=\"400\" src=\"https:\/\/www.vfl-westercelle.de\/fb\/wp-content\/uploads\/sites\/3\/2024\/10\/65b8c68e0a3e5_2024-01-29_12-01-31_02_DxO-495x400.jpg\" title='Grundschulcup 2024 (2)' alt='' srcset=\"https:\/\/www.vfl-westercelle.de\/fb\/wp-content\/uploads\/sites\/3\/2024\/10\/65b8c68e0a3e5_2024-01-29_12-01-31_02_DxO-495x400.jpg 495w, https:\/\/www.vfl-westercelle.de\/fb\/wp-content\/uploads\/sites\/3\/2024\/10\/65b8c68e0a3e5_2024-01-29_12-01-31_02_DxO-845x684.jpg 845w\" sizes=\"auto, (max-width: 495px) 100vw, 495px\" \/><\/div><\/a><a href=\"https:\/\/www.vfl-westercelle.de\/fb\/wp-content\/uploads\/sites\/3\/2024\/10\/65b8e660aa52d_20240129_131147__2_-1030x944.jpg\" data-srcset=\"https:\/\/www.vfl-westercelle.de\/fb\/wp-content\/uploads\/sites\/3\/2024\/10\/65b8e660aa52d_20240129_131147__2_-1030x944.jpg 1030w, https:\/\/www.vfl-westercelle.de\/fb\/wp-content\/uploads\/sites\/3\/2024\/10\/65b8e660aa52d_20240129_131147__2_-300x275.jpg 300w, https:\/\/www.vfl-westercelle.de\/fb\/wp-content\/uploads\/sites\/3\/2024\/10\/65b8e660aa52d_20240129_131147__2_-768x704.jpg 768w, https:\/\/www.vfl-westercelle.de\/fb\/wp-content\/uploads\/sites\/3\/2024\/10\/65b8e660aa52d_20240129_131147__2_-1536x1408.jpg 1536w, https:\/\/www.vfl-westercelle.de\/fb\/wp-content\/uploads\/sites\/3\/2024\/10\/65b8e660aa52d_20240129_131147__2_-2048x1877.jpg 2048w, https:\/\/www.vfl-westercelle.de\/fb\/wp-content\/uploads\/sites\/3\/2024\/10\/65b8e660aa52d_20240129_131147__2_-1500x1375.jpg 1500w, https:\/\/www.vfl-westercelle.de\/fb\/wp-content\/uploads\/sites\/3\/2024\/10\/65b8e660aa52d_20240129_131147__2_-705x646.jpg 705w, https:\/\/www.vfl-westercelle.de\/fb\/wp-content\/uploads\/sites\/3\/2024\/10\/65b8e660aa52d_20240129_131147__2_-128x117.jpg 128w, https:\/\/www.vfl-westercelle.de\/fb\/wp-content\/uploads\/sites\/3\/2024\/10\/65b8e660aa52d_20240129_131147__2_-32x29.jpg 32w\" data-sizes=\"(max-width: 1030px) 100vw, 1030px\" data-rel='gallery-1' data-prev-img='https:\/\/www.vfl-westercelle.de\/fb\/wp-content\/uploads\/sites\/3\/2024\/10\/65b8e660aa52d_20240129_131147__2_-495x400.jpg' class='lightbox ' data-onclick='2' title='Grundschulcup 2024 (1)'  itemprop=\"thumbnailUrl\"  ><img decoding=\"async\" fetchpriority=\"high\" class=\"wp-image-25398 avia-img-lazy-loading-not-25398\"   src=\"https:\/\/www.vfl-westercelle.de\/fb\/wp-content\/uploads\/sites\/3\/2024\/10\/65b8e660aa52d_20240129_131147__2_-300x275.jpg\" width=\"300\" height=\"275\"  title='Grundschulcup 2024 (1)' alt='' srcset=\"https:\/\/www.vfl-westercelle.de\/fb\/wp-content\/uploads\/sites\/3\/2024\/10\/65b8e660aa52d_20240129_131147__2_-300x275.jpg 300w, https:\/\/www.vfl-westercelle.de\/fb\/wp-content\/uploads\/sites\/3\/2024\/10\/65b8e660aa52d_20240129_131147__2_-1030x944.jpg 1030w, https:\/\/www.vfl-westercelle.de\/fb\/wp-content\/uploads\/sites\/3\/2024\/10\/65b8e660aa52d_20240129_131147__2_-768x704.jpg 768w, https:\/\/www.vfl-westercelle.de\/fb\/wp-content\/uploads\/sites\/3\/2024\/10\/65b8e660aa52d_20240129_131147__2_-1536x1408.jpg 1536w, https:\/\/www.vfl-westercelle.de\/fb\/wp-content\/uploads\/sites\/3\/2024\/10\/65b8e660aa52d_20240129_131147__2_-2048x1877.jpg 2048w, https:\/\/www.vfl-westercelle.de\/fb\/wp-content\/uploads\/sites\/3\/2024\/10\/65b8e660aa52d_20240129_131147__2_-1500x1375.jpg 1500w, https:\/\/www.vfl-westercelle.de\/fb\/wp-content\/uploads\/sites\/3\/2024\/10\/65b8e660aa52d_20240129_131147__2_-705x646.jpg 705w, https:\/\/www.vfl-westercelle.de\/fb\/wp-content\/uploads\/sites\/3\/2024\/10\/65b8e660aa52d_20240129_131147__2_-128x117.jpg 128w, https:\/\/www.vfl-westercelle.de\/fb\/wp-content\/uploads\/sites\/3\/2024\/10\/65b8e660aa52d_20240129_131147__2_-32x29.jpg 32w\" sizes=\"(max-width: 300px) 100vw, 300px\" \/><div class='big-prev-fake'><img decoding=\"async\" loading=\"lazy\" class=\"wp-image-25398 avia-img-lazy-loading-25398\"  width=\"495\" height=\"400\" src=\"https:\/\/www.vfl-westercelle.de\/fb\/wp-content\/uploads\/sites\/3\/2024\/10\/65b8e660aa52d_20240129_131147__2_-495x400.jpg\" title='Grundschulcup 2024 (1)' alt='' srcset=\"https:\/\/www.vfl-westercelle.de\/fb\/wp-content\/uploads\/sites\/3\/2024\/10\/65b8e660aa52d_20240129_131147__2_-495x400.jpg 495w, https:\/\/www.vfl-westercelle.de\/fb\/wp-content\/uploads\/sites\/3\/2024\/10\/65b8e660aa52d_20240129_131147__2_-845x684.jpg 845w\" sizes=\"auto, (max-width: 495px) 100vw, 495px\" \/><\/div><\/a><a href=\"https:\/\/www.vfl-westercelle.de\/fb\/wp-content\/uploads\/sites\/3\/2024\/10\/65b8c6a68b49c_20240129_131547-1030x579.jpg\" data-srcset=\"https:\/\/www.vfl-westercelle.de\/fb\/wp-content\/uploads\/sites\/3\/2024\/10\/65b8c6a68b49c_20240129_131547-1030x579.jpg 1030w, https:\/\/www.vfl-westercelle.de\/fb\/wp-content\/uploads\/sites\/3\/2024\/10\/65b8c6a68b49c_20240129_131547-300x169.jpg 300w, https:\/\/www.vfl-westercelle.de\/fb\/wp-content\/uploads\/sites\/3\/2024\/10\/65b8c6a68b49c_20240129_131547-768x432.jpg 768w, https:\/\/www.vfl-westercelle.de\/fb\/wp-content\/uploads\/sites\/3\/2024\/10\/65b8c6a68b49c_20240129_131547-1536x864.jpg 1536w, https:\/\/www.vfl-westercelle.de\/fb\/wp-content\/uploads\/sites\/3\/2024\/10\/65b8c6a68b49c_20240129_131547-2048x1152.jpg 2048w, https:\/\/www.vfl-westercelle.de\/fb\/wp-content\/uploads\/sites\/3\/2024\/10\/65b8c6a68b49c_20240129_131547-1500x844.jpg 1500w, https:\/\/www.vfl-westercelle.de\/fb\/wp-content\/uploads\/sites\/3\/2024\/10\/65b8c6a68b49c_20240129_131547-705x397.jpg 705w, https:\/\/www.vfl-westercelle.de\/fb\/wp-content\/uploads\/sites\/3\/2024\/10\/65b8c6a68b49c_20240129_131547-128x72.jpg 128w, https:\/\/www.vfl-westercelle.de\/fb\/wp-content\/uploads\/sites\/3\/2024\/10\/65b8c6a68b49c_20240129_131547-32x18.jpg 32w\" data-sizes=\"(max-width: 1030px) 100vw, 1030px\" data-rel='gallery-1' data-prev-img='https:\/\/www.vfl-westercelle.de\/fb\/wp-content\/uploads\/sites\/3\/2024\/10\/65b8c6a68b49c_20240129_131547-495x400.jpg' class='lightbox ' data-onclick='3' title='Grundschulcup 2024 (3)'  itemprop=\"thumbnailUrl\"  ><img decoding=\"async\" fetchpriority=\"high\" class=\"wp-image-25396 avia-img-lazy-loading-not-25396\"   src=\"https:\/\/www.vfl-westercelle.de\/fb\/wp-content\/uploads\/sites\/3\/2024\/10\/65b8c6a68b49c_20240129_131547-300x169.jpg\" width=\"300\" height=\"169\"  title='Grundschulcup 2024 (3)' alt='' srcset=\"https:\/\/www.vfl-westercelle.de\/fb\/wp-content\/uploads\/sites\/3\/2024\/10\/65b8c6a68b49c_20240129_131547-300x169.jpg 300w, https:\/\/www.vfl-westercelle.de\/fb\/wp-content\/uploads\/sites\/3\/2024\/10\/65b8c6a68b49c_20240129_131547-1030x579.jpg 1030w, https:\/\/www.vfl-westercelle.de\/fb\/wp-content\/uploads\/sites\/3\/2024\/10\/65b8c6a68b49c_20240129_131547-768x432.jpg 768w, https:\/\/www.vfl-westercelle.de\/fb\/wp-content\/uploads\/sites\/3\/2024\/10\/65b8c6a68b49c_20240129_131547-1536x864.jpg 1536w, https:\/\/www.vfl-westercelle.de\/fb\/wp-content\/uploads\/sites\/3\/2024\/10\/65b8c6a68b49c_20240129_131547-2048x1152.jpg 2048w, https:\/\/www.vfl-westercelle.de\/fb\/wp-content\/uploads\/sites\/3\/2024\/10\/65b8c6a68b49c_20240129_131547-1500x844.jpg 1500w, https:\/\/www.vfl-westercelle.de\/fb\/wp-content\/uploads\/sites\/3\/2024\/10\/65b8c6a68b49c_20240129_131547-705x397.jpg 705w, https:\/\/www.vfl-westercelle.de\/fb\/wp-content\/uploads\/sites\/3\/2024\/10\/65b8c6a68b49c_20240129_131547-128x72.jpg 128w, https:\/\/www.vfl-westercelle.de\/fb\/wp-content\/uploads\/sites\/3\/2024\/10\/65b8c6a68b49c_20240129_131547-32x18.jpg 32w\" sizes=\"(max-width: 300px) 100vw, 300px\" \/><div class='big-prev-fake'><img decoding=\"async\" loading=\"lazy\" class=\"wp-image-25396 avia-img-lazy-loading-25396\"  width=\"495\" height=\"400\" src=\"https:\/\/www.vfl-westercelle.de\/fb\/wp-content\/uploads\/sites\/3\/2024\/10\/65b8c6a68b49c_20240129_131547-495x400.jpg\" title='Grundschulcup 2024 (3)' alt='' srcset=\"https:\/\/www.vfl-westercelle.de\/fb\/wp-content\/uploads\/sites\/3\/2024\/10\/65b8c6a68b49c_20240129_131547-495x400.jpg 495w, https:\/\/www.vfl-westercelle.de\/fb\/wp-content\/uploads\/sites\/3\/2024\/10\/65b8c6a68b49c_20240129_131547-845x684.jpg 845w\" sizes=\"auto, (max-width: 495px) 100vw, 495px\" \/><\/div><\/a><\/div><\/div><\/div><div  class='flex_column av-av_one_full-a2cef933b0a555f25d1e39b22a8e9dae av_one_full  avia-builder-el-4  el_after_av_one_full  avia-builder-el-last  first flex_column_div  column-top-margin'     ><section  class='av_textblock_section av-m1ywbmr7-17f99d959326eac6bc7ab693d85a392e '   itemscope=\"itemscope\" itemtype=\"https:\/\/schema.org\/BlogPosting\" itemprop=\"blogPost\" ><div class='avia_textblock'  itemprop=\"text\" ><p>Da von den zehn gemeldeten Teams kurzfristig eines absagte, entschied sich die Grundschule Bruchhagen dazu, mit zwei Mannschaften anzutreten. <em>\u201eWir haben es zur Nadelberghalle ja nicht weit. Ich habe weitere Kinder gefragt, und jetzt sind wir in einer gro\u00dfen Gruppe hier, um einfach Spa\u00df zu haben\u201c<\/em>, sagte Lehrerin Sabine Bierfreund. Die Freude am Spiel lie\u00dfen sich die beiden Teams auch nicht nehmen, als sie im schulinternen Duell um Platz neun antreten mussten.<\/p>\n<p>Nach den Vorrundenspielen und den Halbfinals ging es in die Platzierungsspiele. Dort wurde es richtig spannend, mehrmals musste das Siebenmeterschie\u00dfen f\u00fcr eine Entscheidung herhalten. So auch im Spiel um Platz sieben zwischen der Grundschule Nadelberg und der Katholischen Grundschule. Der siebenj\u00e4hrige Leonard (Nadelberg) traf zum entscheidenden Tor. Ein Jubellauf durch die Halle, gefolgt von johlenden Mitspielern und Mitspielerinnen, folgte. Freudestrahlend tauchte er aus der Jubeltraube wieder auf: <em>\u201eDas hat sich richtig gut angef\u00fchlt. Ich wollte richtig stark schie\u00dfen, damit der Ball auch reingeht. Manchmal lassen die Torh\u00fcter etwas Platz.\u201c<\/em><\/p>\n<p>Auch im Endspiel zwischen den Grundschulen Wietzenbruch und Heese-S\u00fcd ging es ins Siebenmeterschie\u00dfen. Heese-S\u00fcd hatte in der Vorrunde viele hohe Siege eingefahren. Die Schule hat eine eigene Fu\u00dfball-AG, und das war den jungen Kickern auch anzusehen. Trotzdem gestaltete Wietzenbruch das Spiel ausgeglichen. Es waren sch\u00f6ne Siebenmeter dabei. Der erst sechsj\u00e4hrige Niklas traf nicht mit Wucht, sondern mit Auge exakt in den oberen rechten Winkel, wo der Torh\u00fcter nicht dran kam. Das sei so gewollt gewesen, versicherte er nach dem Jubel mit seinem Team, als der Sieg f\u00fcr Wietzenbruch feststand. <em>\u201eWir haben die Pausen zum freien Training genutzt\u201c<\/em>, sagte die stolze Lehrerin und Trainerin Charlene Donath. Bei der Aufstellung des Teams hatten sich die Sportlerkr\u00e4fte beraten und am Ende Pl\u00e4tze ausgelost, weil sich viele diesen Spa\u00df nicht entgehen lassen wollten.<\/p>\n<p>W\u00e4hrend des Turniers stand \u00fcbrigens nicht nur der Sport im Mittelpunkt, sondern auch der gute Zweck. Von der Unicef-Arbeitsgruppe Celle wurden aus von Westerceller Gesch\u00e4ften gespendeten Lebensmitteln belegte Br\u00f6tchen hergestellt, W\u00fcrstchen hei\u00df gemacht und Kaffee f\u00fcr die Erwachsenen gekocht. <em>\u201eDiese wurden dann gegen eine kleine Spende zugunsten von Unicef abgegeben. Gesundes Obst und Mineralwasser gab es daneben umsonst\u201c<\/em>, erkl\u00e4rt Wolfgang Dommel, Leiter der Unicef-Arbeitsgruppe Celle. Es ist ein Spendenbeitrag von 235,40 Euro zusammengekommen.<\/p>\n<p>Ergebnisse: 1. GS Wietzenbruch, 2. GS Heese-S\u00fcd, 3. GS Gar\u00dfen, 4. GS Klein Hehlen, 5. GS Vorwerk, 6. GS Blumlage-S\u00fcd, 7. GS Nadelberg, 8. Katholische Grundschule, 9. GS Bruchhagen I (+Fairness-Pokal), 10. GS Bruchhagen II.<\/p>\n<p>Text: Lisa Brautmeier, Cellesche Zeitung, 31.1.2024<br \/>\nFotos: Oliver Knoblich &amp; Lisa Brautmeier<\/p>\n<\/div><\/section><\/div><\/p>\n","protected":false},"excerpt":{"rendered":"","protected":false},"author":9,"featured_media":25395,"comment_status":"closed","ping_status":"closed","sticky":false,"template":"","format":"standard","meta":{"footnotes":""},"categories":[17],"tags":[190],"class_list":["post-25394","post","type-post","status-publish","format-standard","has-post-thumbnail","hentry","category-fussball","tag-grundschulcup"],"_links":{"self":[{"href":"https:\/\/www.vfl-westercelle.de\/fb\/wp-json\/wp\/v2\/posts\/25394","targetHints":{"allow":["GET"]}}],"collection":[{"href":"https:\/\/www.vfl-westercelle.de\/fb\/wp-json\/wp\/v2\/posts"}],"about":[{"href":"https:\/\/www.vfl-westercelle.de\/fb\/wp-json\/wp\/v2\/types\/post"}],"author":[{"embeddable":true,"href":"https:\/\/www.vfl-westercelle.de\/fb\/wp-json\/wp\/v2\/users\/9"}],"replies":[{"embeddable":true,"href":"https:\/\/www.vfl-westercelle.de\/fb\/wp-json\/wp\/v2\/comments?post=25394"}],"version-history":[{"count":2,"href":"https:\/\/www.vfl-westercelle.de\/fb\/wp-json\/wp\/v2\/posts\/25394\/revisions"}],"predecessor-version":[{"id":25902,"href":"https:\/\/www.vfl-westercelle.de\/fb\/wp-json\/wp\/v2\/posts\/25394\/revisions\/25902"}],"wp:featuredmedia":[{"embeddable":true,"href":"https:\/\/www.vfl-westercelle.de\/fb\/wp-json\/wp\/v2\/media\/25395"}],"wp:attachment":[{"href":"https:\/\/www.vfl-westercelle.de\/fb\/wp-json\/wp\/v2\/media?parent=25394"}],"wp:term":[{"taxonomy":"category","embeddable":true,"href":"https:\/\/www.vfl-westercelle.de\/fb\/wp-json\/wp\/v2\/categories?post=25394"},{"taxonomy":"post_tag","embeddable":true,"href":"https:\/\/www.vfl-westercelle.de\/fb\/wp-json\/wp\/v2\/tags?post=25394"}],"curies":[{"name":"wp","href":"https:\/\/api.w.org\/{rel}","templated":true}]}}